{"id":148468,"date":"2025-07-18T09:59:55","date_gmt":"2025-07-18T12:59:55","guid":{"rendered":"https:\/\/www.blogdopilako.com.br\/wp\/?p=148468"},"modified":"2025-07-18T09:59:55","modified_gmt":"2025-07-18T12:59:55","slug":"memoria-de-vitoria-por-sosigenes-bittencourt-4","status":"publish","type":"post","link":"https:\/\/www.blogdopilako.com.br\/wp\/2025\/07\/18\/memoria-de-vitoria-por-sosigenes-bittencourt-4\/","title":{"rendered":"MEM\u00d3RIA DE VIT\u00d3RIA &#8211; por Sos\u00edgenes Bittencourt."},"content":{"rendered":"\n\t\t\t\t<div class=\"mr_social_sharing_wrapper\">\n\t\t\t\t<!-- Social Sharing Toolkit v2.2 --><span class=\"mr_social_sharing_top\"><span style=\"display: inline-block; width: 55px; height: 62px; overflow: hidden;\"><div class=\"fb-like\" data-href=\"https:\/\/www.blogdopilako.com.br\/wp\/2025\/07\/18\/memoria-de-vitoria-por-sosigenes-bittencourt-4\/\" data-send=\"false\" data-layout=\"box_count\" data-width=\"55\" data-show-faces=\"false\"><\/div><\/span><\/span><span class=\"mr_social_sharing_top\"><fb:share-button type=\"box_count\" href=\"https:\/\/www.blogdopilako.com.br\/wp\/2025\/07\/18\/memoria-de-vitoria-por-sosigenes-bittencourt-4\/\"><\/fb:share-button><\/span><span class=\"mr_social_sharing\"><a rel=\"nofollow\" class=\"linksalpha_button linksalpha_link\" href=\"\/\/www.linksalpha.com\/social\/mobile\" data-url=\"https:\/\/www.blogdopilako.com.br\/wp\/2025\/07\/18\/memoria-de-vitoria-por-sosigenes-bittencourt-4\/\" data-text=\"MEM\u00d3RIA DE VIT\u00d3RIA \u2013 por Sos\u00edgenes Bittencourt.\" data-desc=\"Diz que \u00e9 de Vit\u00f3ria de Santo Ant\u00e3o, mas n\u00e3o cortou o cabelo com Zez\u00e9 Barbeiro, na Rua Dr. Jos\u00e9 Rufino Bezerra, no Bairro do Caj\u00e1. \u00c9 dele, a famosa quadrinha sobre o destino do sertanejo: O sertanejo, ao nascer, Tem seu destino tra\u00e7ado, Se, de sede, n\u00e3o morrer, Por certo, morre afogado.\" data-image=\"http:\/\/www.blogdopilako.com.br\/wp\/wp-content\/uploads\/2025\/07\/21647ac0-4548-44f8-980a-2cb0c35e1d57-1-203x300.jpg\" data-button=\"none\">\n\t\t\t\t\t<img src=\"\/\/www.linksalpha.com\/images\/social_share_button.png\" alt=\"Share\" class=\"linksalpha_image\" \/>\n\t\t\t\t\t<\/a><script type=\"text\/javascript\" src=\"\/\/www.linksalpha.com\/scripts\/loader_iconbox.js?v=2.4\"><\/script><\/span><\/div><p><img loading=\"lazy\" class=\"size-medium wp-image-148471 alignright\" src=\"http:\/\/www.blogdopilako.com.br\/wp\/wp-content\/uploads\/2025\/07\/21647ac0-4548-44f8-980a-2cb0c35e1d57-1-203x300.jpg\" alt=\"\" width=\"203\" height=\"300\" srcset=\"https:\/\/www.blogdopilako.com.br\/wp\/wp-content\/uploads\/2025\/07\/21647ac0-4548-44f8-980a-2cb0c35e1d57-1-203x300.jpg 203w, https:\/\/www.blogdopilako.com.br\/wp\/wp-content\/uploads\/2025\/07\/21647ac0-4548-44f8-980a-2cb0c35e1d57-1-694x1024.jpg 694w, https:\/\/www.blogdopilako.com.br\/wp\/wp-content\/uploads\/2025\/07\/21647ac0-4548-44f8-980a-2cb0c35e1d57-1.jpg 720w\" sizes=\"(max-width: 203px) 100vw, 203px\" \/><\/p>\n<p style=\"text-align: justify;\">Diz que \u00e9 de Vit\u00f3ria de Santo Ant\u00e3o, mas n\u00e3o cortou o cabelo com Zez\u00e9 Barbeiro, na Rua Dr. Jos\u00e9 Rufino Bezerra, no Bairro do Caj\u00e1. \u00c9 dele, a famosa quadrinha sobre o destino do sertanejo:<\/p>\n<p style=\"text-align: justify;\">O sertanejo, ao nascer,<br \/>\nTem seu destino tra\u00e7ado,<br \/>\nSe, de sede, n\u00e3o morrer,<br \/>\nPor certo, morre afogado.<\/p>\n<p>&nbsp;<\/p>\n<p style=\"text-align: justify;\"><strong>Sos\u00edgenes Bittencourt<\/strong><\/p>\n<p><img loading=\"lazy\" class=\"alignnone wp-image-148472 size-full\" src=\"http:\/\/www.blogdopilako.com.br\/wp\/wp-content\/uploads\/2025\/07\/Pix-arte-final-2-7-768x301-20-31-29.png\" alt=\"\" width=\"768\" height=\"301\" srcset=\"https:\/\/www.blogdopilako.com.br\/wp\/wp-content\/uploads\/2025\/07\/Pix-arte-final-2-7-768x301-20-31-29.png 768w, https:\/\/www.blogdopilako.com.br\/wp\/wp-content\/uploads\/2025\/07\/Pix-arte-final-2-7-768x301-20-31-29-300x118.png 300w, https:\/\/www.blogdopilako.com.br\/wp\/wp-content\/uploads\/2025\/07\/Pix-arte-final-2-7-768x301-20-31-29-500x196.png 500w\" sizes=\"(max-width: 768px) 100vw, 768px\" \/><\/p>\n\n\t\t\t\t<div class=\"mr_social_sharing_wrapper\">\n\t\t\t\t<!-- Social Sharing Toolkit v2.2 --><span class=\"mr_social_sharing_top\"><span style=\"display: inline-block; width: 55px; height: 62px; overflow: hidden;\"><div class=\"fb-like\" data-href=\"https:\/\/www.blogdopilako.com.br\/wp\/2025\/07\/18\/memoria-de-vitoria-por-sosigenes-bittencourt-4\/\" data-send=\"false\" data-layout=\"box_count\" data-width=\"55\" data-show-faces=\"false\"><\/div><\/span><\/span><span class=\"mr_social_sharing_top\"><fb:share-button type=\"box_count\" href=\"https:\/\/www.blogdopilako.com.br\/wp\/2025\/07\/18\/memoria-de-vitoria-por-sosigenes-bittencourt-4\/\"><\/fb:share-button><\/span><span class=\"mr_social_sharing\"><a rel=\"nofollow\" class=\"linksalpha_button linksalpha_link\" href=\"\/\/www.linksalpha.com\/social\/mobile\" data-url=\"https:\/\/www.blogdopilako.com.br\/wp\/2025\/07\/18\/memoria-de-vitoria-por-sosigenes-bittencourt-4\/\" data-text=\"MEM\u00d3RIA DE VIT\u00d3RIA \u2013 por Sos\u00edgenes Bittencourt.\" data-desc=\"Diz que \u00e9 de Vit\u00f3ria de Santo Ant\u00e3o, mas n\u00e3o cortou o cabelo com Zez\u00e9 Barbeiro, na Rua Dr. Jos\u00e9 Rufino Bezerra, no Bairro do Caj\u00e1. \u00c9 dele, a famosa quadrinha sobre o destino do sertanejo: O sertanejo, ao nascer, Tem seu destino tra\u00e7ado, Se, de sede, n\u00e3o morrer, Por certo, morre afogado.\" data-image=\"http:\/\/www.blogdopilako.com.br\/wp\/wp-content\/uploads\/2025\/07\/21647ac0-4548-44f8-980a-2cb0c35e1d57-1-203x300.jpg\" data-button=\"none\">\n\t\t\t\t\t<img src=\"\/\/www.linksalpha.com\/images\/social_share_button.png\" alt=\"Share\" class=\"linksalpha_image\" \/>\n\t\t\t\t\t<\/a><script type=\"text\/javascript\" src=\"\/\/www.linksalpha.com\/scripts\/loader_iconbox.js?v=2.4\"><\/script><\/span><\/div>","protected":false},"excerpt":{"rendered":"\n\t\t\t\t<div class=\"mr_social_sharing_wrapper\">\n\t\t\t\t<!-- Social Sharing Toolkit v2.2 --><span class=\"mr_social_sharing_top\"><span style=\"display: inline-block; width: 55px; height: 62px; overflow: hidden;\"><div class=\"fb-like\" data-href=\"https:\/\/www.blogdopilako.com.br\/wp\/2025\/07\/18\/memoria-de-vitoria-por-sosigenes-bittencourt-4\/\" data-send=\"false\" data-layout=\"box_count\" data-width=\"55\" data-show-faces=\"false\"><\/div><\/span><\/span><span class=\"mr_social_sharing_top\"><fb:share-button type=\"box_count\" href=\"https:\/\/www.blogdopilako.com.br\/wp\/2025\/07\/18\/memoria-de-vitoria-por-sosigenes-bittencourt-4\/\"><\/fb:share-button><\/span><span class=\"mr_social_sharing\"><a rel=\"nofollow\" class=\"linksalpha_button linksalpha_link\" href=\"\/\/www.linksalpha.com\/social\/mobile\" data-url=\"https:\/\/www.blogdopilako.com.br\/wp\/2025\/07\/18\/memoria-de-vitoria-por-sosigenes-bittencourt-4\/\" data-text=\"MEM\u00d3RIA DE VIT\u00d3RIA \u2013 por Sos\u00edgenes Bittencourt.\" data-desc=\"Diz que \u00e9 de Vit\u00f3ria de Santo Ant\u00e3o, mas n\u00e3o cortou o cabelo com Zez\u00e9 Barbeiro, na Rua Dr. Jos\u00e9 Rufino Bezerra, no Bairro do Caj\u00e1. \u00c9 dele, a famosa quadrinha sobre o destino do sertanejo: O sertanejo, ao nascer, Tem seu destino tra\u00e7ado, Se, de sede, n\u00e3o morrer, Por certo, morre afogado.\" data-image=\"\" data-button=\"none\">\n\t\t\t\t\t<img src=\"\/\/www.linksalpha.com\/images\/social_share_button.png\" alt=\"Share\" class=\"linksalpha_image\" \/>\n\t\t\t\t\t<\/a><script type=\"text\/javascript\" src=\"\/\/www.linksalpha.com\/scripts\/loader_iconbox.js?v=2.4\"><\/script><\/span><\/div><p>Diz que \u00e9 de Vit\u00f3ria de Santo Ant\u00e3o, mas n\u00e3o cortou o cabelo com Zez\u00e9 Barbeiro, na Rua Dr. Jos\u00e9 Rufino Bezerra, no Bairro do Caj\u00e1. \u00c9 dele, a famosa quadrinha sobre o destino do sertanejo: O sertanejo, ao nascer, &hellip; <a href=\"https:\/\/www.blogdopilako.com.br\/wp\/2025\/07\/18\/memoria-de-vitoria-por-sosigenes-bittencourt-4\/\">Continue lendo <span class=\"meta-nav\">&rarr;<\/span><\/a><\/p>\n\n\t\t\t\t<div class=\"mr_social_sharing_wrapper\">\n\t\t\t\t<!-- Social Sharing Toolkit v2.2 --><span class=\"mr_social_sharing_top\"><span style=\"display: inline-block; width: 55px; height: 62px; overflow: hidden;\"><div class=\"fb-like\" data-href=\"https:\/\/www.blogdopilako.com.br\/wp\/2025\/07\/18\/memoria-de-vitoria-por-sosigenes-bittencourt-4\/\" data-send=\"false\" data-layout=\"box_count\" data-width=\"55\" data-show-faces=\"false\"><\/div><\/span><\/span><span class=\"mr_social_sharing_top\"><fb:share-button type=\"box_count\" href=\"https:\/\/www.blogdopilako.com.br\/wp\/2025\/07\/18\/memoria-de-vitoria-por-sosigenes-bittencourt-4\/\"><\/fb:share-button><\/span><span class=\"mr_social_sharing\"><a rel=\"nofollow\" class=\"linksalpha_button linksalpha_link\" href=\"\/\/www.linksalpha.com\/social\/mobile\" data-url=\"https:\/\/www.blogdopilako.com.br\/wp\/2025\/07\/18\/memoria-de-vitoria-por-sosigenes-bittencourt-4\/\" data-text=\"MEM\u00d3RIA DE VIT\u00d3RIA \u2013 por Sos\u00edgenes Bittencourt.\" data-desc=\"Diz que \u00e9 de Vit\u00f3ria de Santo Ant\u00e3o, mas n\u00e3o cortou o cabelo com Zez\u00e9 Barbeiro, na Rua Dr. Jos\u00e9 Rufino Bezerra, no Bairro do Caj\u00e1. \u00c9 dele, a famosa quadrinha sobre o destino do sertanejo: O sertanejo, ao nascer, Tem seu destino tra\u00e7ado, Se, de sede, n\u00e3o morrer, Por certo, morre afogado.\" data-image=\"\" data-button=\"none\">\n\t\t\t\t\t<img src=\"\/\/www.linksalpha.com\/images\/social_share_button.png\" alt=\"Share\" class=\"linksalpha_image\" \/>\n\t\t\t\t\t<\/a><script type=\"text\/javascript\" src=\"\/\/www.linksalpha.com\/scripts\/loader_iconbox.js?v=2.4\"><\/script><\/span><\/div>","protected":false},"author":2,"featured_media":0,"comment_status":"open","ping_status":"open","sticky":false,"template":"","format":"standard","meta":[],"categories":[20,1],"tags":[],"_links":{"self":[{"href":"https:\/\/www.blogdopilako.com.br\/wp\/wp-json\/wp\/v2\/posts\/148468"}],"collection":[{"href":"https:\/\/www.blogdopilako.com.br\/wp\/wp-json\/wp\/v2\/posts"}],"about":[{"href":"https:\/\/www.blogdopilako.com.br\/wp\/wp-json\/wp\/v2\/types\/post"}],"author":[{"embeddable":true,"href":"https:\/\/www.blogdopilako.com.br\/wp\/wp-json\/wp\/v2\/users\/2"}],"replies":[{"embeddable":true,"href":"https:\/\/www.blogdopilako.com.br\/wp\/wp-json\/wp\/v2\/comments?post=148468"}],"version-history":[{"count":2,"href":"https:\/\/www.blogdopilako.com.br\/wp\/wp-json\/wp\/v2\/posts\/148468\/revisions"}],"predecessor-version":[{"id":148473,"href":"https:\/\/www.blogdopilako.com.br\/wp\/wp-json\/wp\/v2\/posts\/148468\/revisions\/148473"}],"wp:attachment":[{"href":"https:\/\/www.blogdopilako.com.br\/wp\/wp-json\/wp\/v2\/media?parent=148468"}],"wp:term":[{"taxonomy":"category","embeddable":true,"href":"https:\/\/www.blogdopilako.com.br\/wp\/wp-json\/wp\/v2\/categories?post=148468"},{"taxonomy":"post_tag","embeddable":true,"href":"https:\/\/www.blogdopilako.com.br\/wp\/wp-json\/wp\/v2\/tags?post=148468"}],"curies":[{"name":"wp","href":"https:\/\/api.w.org\/{rel}","templated":true}]}}