{"id":147199,"date":"2025-02-13T09:48:06","date_gmt":"2025-02-13T12:48:06","guid":{"rendered":"https:\/\/www.blogdopilako.com.br\/wp\/?p=147199"},"modified":"2025-02-12T15:55:04","modified_gmt":"2025-02-12T18:55:04","slug":"aderecos-a-venda","status":"publish","type":"post","link":"https:\/\/www.blogdopilako.com.br\/wp\/2025\/02\/13\/aderecos-a-venda\/","title":{"rendered":"Adere\u00e7os \u00e0 venda!!!"},"content":{"rendered":"\n\t\t\t\t<div class=\"mr_social_sharing_wrapper\">\n\t\t\t\t<!-- Social Sharing Toolkit v2.2 --><span class=\"mr_social_sharing_top\"><span style=\"display: inline-block; width: 55px; height: 62px; overflow: hidden;\"><div class=\"fb-like\" data-href=\"https:\/\/www.blogdopilako.com.br\/wp\/2025\/02\/13\/aderecos-a-venda\/\" data-send=\"false\" data-layout=\"box_count\" data-width=\"55\" data-show-faces=\"false\"><\/div><\/span><\/span><span class=\"mr_social_sharing_top\"><fb:share-button type=\"box_count\" href=\"https:\/\/www.blogdopilako.com.br\/wp\/2025\/02\/13\/aderecos-a-venda\/\"><\/fb:share-button><\/span><span class=\"mr_social_sharing\"><a rel=\"nofollow\" class=\"linksalpha_button linksalpha_link\" href=\"\/\/www.linksalpha.com\/social\/mobile\" data-url=\"https:\/\/www.blogdopilako.com.br\/wp\/2025\/02\/13\/aderecos-a-venda\/\" data-text=\"Adere\u00e7os \u00e0 venda!!!\" data-desc=\"Com o carnaval na ordem do dia, para os que gostam, segue aberta a temporada do \u201cBloco das Ilus\u00f5es\u201d. Se fantasiar, se enfeitar e embelezar-se, sintonizado com o reinado de momo, \u00a0\u00e9 quase uma regra. Na Agremia\u00e7\u00e3o Carnavalesca Saudade, por exemplo, o Concurso de Adere\u00e7o de Cabe\u00e7a \u00e9 um bom\" data-image=\"http:\/\/www.blogdopilako.com.br\/wp\/wp-content\/uploads\/2025\/02\/6875e08d-8471-4957-9325-57c1113f788c.jpg\" data-button=\"none\">\n\t\t\t\t\t<img src=\"\/\/www.linksalpha.com\/images\/social_share_button.png\" alt=\"Share\" class=\"linksalpha_image\" \/>\n\t\t\t\t\t<\/a><script type=\"text\/javascript\" src=\"\/\/www.linksalpha.com\/scripts\/loader_iconbox.js?v=2.4\"><\/script><\/span><\/div><p><img loading=\"lazy\" class=\"aligncenter wp-image-147201 size-full\" src=\"http:\/\/www.blogdopilako.com.br\/wp\/wp-content\/uploads\/2025\/02\/6875e08d-8471-4957-9325-57c1113f788c.jpg\" alt=\"\" width=\"1600\" height=\"738\" srcset=\"https:\/\/www.blogdopilako.com.br\/wp\/wp-content\/uploads\/2025\/02\/6875e08d-8471-4957-9325-57c1113f788c.jpg 1600w, https:\/\/www.blogdopilako.com.br\/wp\/wp-content\/uploads\/2025\/02\/6875e08d-8471-4957-9325-57c1113f788c-300x138.jpg 300w, https:\/\/www.blogdopilako.com.br\/wp\/wp-content\/uploads\/2025\/02\/6875e08d-8471-4957-9325-57c1113f788c-1024x472.jpg 1024w, https:\/\/www.blogdopilako.com.br\/wp\/wp-content\/uploads\/2025\/02\/6875e08d-8471-4957-9325-57c1113f788c-768x354.jpg 768w, https:\/\/www.blogdopilako.com.br\/wp\/wp-content\/uploads\/2025\/02\/6875e08d-8471-4957-9325-57c1113f788c-1536x708.jpg 1536w, https:\/\/www.blogdopilako.com.br\/wp\/wp-content\/uploads\/2025\/02\/6875e08d-8471-4957-9325-57c1113f788c-500x231.jpg 500w\" sizes=\"(max-width: 1600px) 100vw, 1600px\" \/><\/p>\n<p style=\"text-align: justify;\">Com o carnaval na ordem do dia, para os que gostam, segue aberta a temporada do \u201cBloco das Ilus\u00f5es\u201d. Se fantasiar, se enfeitar e embelezar-se, sintonizado com o reinado de momo, \u00a0\u00e9 quase uma regra.<\/p>\n<p><img loading=\"lazy\" class=\"aligncenter wp-image-147202 size-full\" src=\"http:\/\/www.blogdopilako.com.br\/wp\/wp-content\/uploads\/2025\/02\/8e45401b-d166-4397-ab21-31e7ed0770c5.jpg\" alt=\"\" width=\"738\" height=\"1600\" srcset=\"https:\/\/www.blogdopilako.com.br\/wp\/wp-content\/uploads\/2025\/02\/8e45401b-d166-4397-ab21-31e7ed0770c5.jpg 738w, https:\/\/www.blogdopilako.com.br\/wp\/wp-content\/uploads\/2025\/02\/8e45401b-d166-4397-ab21-31e7ed0770c5-138x300.jpg 138w, https:\/\/www.blogdopilako.com.br\/wp\/wp-content\/uploads\/2025\/02\/8e45401b-d166-4397-ab21-31e7ed0770c5-472x1024.jpg 472w, https:\/\/www.blogdopilako.com.br\/wp\/wp-content\/uploads\/2025\/02\/8e45401b-d166-4397-ab21-31e7ed0770c5-708x1536.jpg 708w\" sizes=\"(max-width: 738px) 100vw, 738px\" \/><\/p>\n<p style=\"text-align: justify;\">Na Agremia\u00e7\u00e3o Carnavalesca Saudade, por exemplo, o Concurso de Adere\u00e7o de Cabe\u00e7a \u00e9 um bom motivo caprichar no figurino. Nesse contexto, as artes\u00e3s j\u00e1 est\u00e3o com suas produ\u00e7\u00f5es \u00e0 venda.<\/p>\n<p><img loading=\"lazy\" class=\"alignnone wp-image-147203 size-full\" src=\"http:\/\/www.blogdopilako.com.br\/wp\/wp-content\/uploads\/2025\/02\/572d307b-3293-4c70-8e6b-ab67a5fba025.jpg\" alt=\"\" width=\"1600\" height=\"738\" srcset=\"https:\/\/www.blogdopilako.com.br\/wp\/wp-content\/uploads\/2025\/02\/572d307b-3293-4c70-8e6b-ab67a5fba025.jpg 1600w, https:\/\/www.blogdopilako.com.br\/wp\/wp-content\/uploads\/2025\/02\/572d307b-3293-4c70-8e6b-ab67a5fba025-300x138.jpg 300w, https:\/\/www.blogdopilako.com.br\/wp\/wp-content\/uploads\/2025\/02\/572d307b-3293-4c70-8e6b-ab67a5fba025-1024x472.jpg 1024w, https:\/\/www.blogdopilako.com.br\/wp\/wp-content\/uploads\/2025\/02\/572d307b-3293-4c70-8e6b-ab67a5fba025-768x354.jpg 768w, https:\/\/www.blogdopilako.com.br\/wp\/wp-content\/uploads\/2025\/02\/572d307b-3293-4c70-8e6b-ab67a5fba025-1536x708.jpg 1536w, https:\/\/www.blogdopilako.com.br\/wp\/wp-content\/uploads\/2025\/02\/572d307b-3293-4c70-8e6b-ab67a5fba025-500x231.jpg 500w\" sizes=\"(max-width: 1600px) 100vw, 1600px\" \/><\/p>\n<p style=\"text-align: justify;\"><strong>Para comprar e encomendar, basta entrar em contato pelo whatsapp 9.9868.9772.<\/strong><\/p>\n<p><img loading=\"lazy\" class=\"aligncenter wp-image-147204 size-full\" src=\"http:\/\/www.blogdopilako.com.br\/wp\/wp-content\/uploads\/2025\/02\/Pix-arte-final-2-7-768x301-19.png\" alt=\"\" width=\"768\" height=\"301\" srcset=\"https:\/\/www.blogdopilako.com.br\/wp\/wp-content\/uploads\/2025\/02\/Pix-arte-final-2-7-768x301-19.png 768w, https:\/\/www.blogdopilako.com.br\/wp\/wp-content\/uploads\/2025\/02\/Pix-arte-final-2-7-768x301-19-300x118.png 300w, https:\/\/www.blogdopilako.com.br\/wp\/wp-content\/uploads\/2025\/02\/Pix-arte-final-2-7-768x301-19-500x196.png 500w\" sizes=\"(max-width: 768px) 100vw, 768px\" \/><\/p>\n\n\t\t\t\t<div class=\"mr_social_sharing_wrapper\">\n\t\t\t\t<!-- Social Sharing Toolkit v2.2 --><span class=\"mr_social_sharing_top\"><span style=\"display: inline-block; width: 55px; height: 62px; overflow: hidden;\"><div class=\"fb-like\" data-href=\"https:\/\/www.blogdopilako.com.br\/wp\/2025\/02\/13\/aderecos-a-venda\/\" data-send=\"false\" data-layout=\"box_count\" data-width=\"55\" data-show-faces=\"false\"><\/div><\/span><\/span><span class=\"mr_social_sharing_top\"><fb:share-button type=\"box_count\" href=\"https:\/\/www.blogdopilako.com.br\/wp\/2025\/02\/13\/aderecos-a-venda\/\"><\/fb:share-button><\/span><span class=\"mr_social_sharing\"><a rel=\"nofollow\" class=\"linksalpha_button linksalpha_link\" href=\"\/\/www.linksalpha.com\/social\/mobile\" data-url=\"https:\/\/www.blogdopilako.com.br\/wp\/2025\/02\/13\/aderecos-a-venda\/\" data-text=\"Adere\u00e7os \u00e0 venda!!!\" data-desc=\"Com o carnaval na ordem do dia, para os que gostam, segue aberta a temporada do \u201cBloco das Ilus\u00f5es\u201d. Se fantasiar, se enfeitar e embelezar-se, sintonizado com o reinado de momo, \u00a0\u00e9 quase uma regra. Na Agremia\u00e7\u00e3o Carnavalesca Saudade, por exemplo, o Concurso de Adere\u00e7o de Cabe\u00e7a \u00e9 um bom\" data-image=\"http:\/\/www.blogdopilako.com.br\/wp\/wp-content\/uploads\/2025\/02\/6875e08d-8471-4957-9325-57c1113f788c.jpg\" data-button=\"none\">\n\t\t\t\t\t<img src=\"\/\/www.linksalpha.com\/images\/social_share_button.png\" alt=\"Share\" class=\"linksalpha_image\" \/>\n\t\t\t\t\t<\/a><script type=\"text\/javascript\" src=\"\/\/www.linksalpha.com\/scripts\/loader_iconbox.js?v=2.4\"><\/script><\/span><\/div>","protected":false},"excerpt":{"rendered":"\n\t\t\t\t<div class=\"mr_social_sharing_wrapper\">\n\t\t\t\t<!-- Social Sharing Toolkit v2.2 --><span class=\"mr_social_sharing_top\"><span style=\"display: inline-block; width: 55px; height: 62px; overflow: hidden;\"><div class=\"fb-like\" data-href=\"https:\/\/www.blogdopilako.com.br\/wp\/2025\/02\/13\/aderecos-a-venda\/\" data-send=\"false\" data-layout=\"box_count\" data-width=\"55\" data-show-faces=\"false\"><\/div><\/span><\/span><span class=\"mr_social_sharing_top\"><fb:share-button type=\"box_count\" href=\"https:\/\/www.blogdopilako.com.br\/wp\/2025\/02\/13\/aderecos-a-venda\/\"><\/fb:share-button><\/span><span class=\"mr_social_sharing\"><a rel=\"nofollow\" class=\"linksalpha_button linksalpha_link\" href=\"\/\/www.linksalpha.com\/social\/mobile\" data-url=\"https:\/\/www.blogdopilako.com.br\/wp\/2025\/02\/13\/aderecos-a-venda\/\" data-text=\"Adere\u00e7os \u00e0 venda!!!\" data-desc=\"Com o carnaval na ordem do dia, para os que gostam, segue aberta a temporada do \u201cBloco das Ilus\u00f5es\u201d. Se fantasiar, se enfeitar e embelezar-se, sintonizado com o reinado de momo, \u00a0\u00e9 quase uma regra. Na Agremia\u00e7\u00e3o Carnavalesca Saudade, por exemplo, o Concurso de Adere\u00e7o de Cabe\u00e7a \u00e9 um bom\" data-image=\"\" data-button=\"none\">\n\t\t\t\t\t<img src=\"\/\/www.linksalpha.com\/images\/social_share_button.png\" alt=\"Share\" class=\"linksalpha_image\" \/>\n\t\t\t\t\t<\/a><script type=\"text\/javascript\" src=\"\/\/www.linksalpha.com\/scripts\/loader_iconbox.js?v=2.4\"><\/script><\/span><\/div><p>Com o carnaval na ordem do dia, para os que gostam, segue aberta a temporada do \u201cBloco das Ilus\u00f5es\u201d. Se fantasiar, se enfeitar e embelezar-se, sintonizado com o reinado de momo, \u00a0\u00e9 quase uma regra. Na Agremia\u00e7\u00e3o Carnavalesca Saudade, por &hellip; <a href=\"https:\/\/www.blogdopilako.com.br\/wp\/2025\/02\/13\/aderecos-a-venda\/\">Continue lendo <span class=\"meta-nav\">&rarr;<\/span><\/a><\/p>\n\n\t\t\t\t<div class=\"mr_social_sharing_wrapper\">\n\t\t\t\t<!-- Social Sharing Toolkit v2.2 --><span class=\"mr_social_sharing_top\"><span style=\"display: inline-block; width: 55px; height: 62px; overflow: hidden;\"><div class=\"fb-like\" data-href=\"https:\/\/www.blogdopilako.com.br\/wp\/2025\/02\/13\/aderecos-a-venda\/\" data-send=\"false\" data-layout=\"box_count\" data-width=\"55\" data-show-faces=\"false\"><\/div><\/span><\/span><span class=\"mr_social_sharing_top\"><fb:share-button type=\"box_count\" href=\"https:\/\/www.blogdopilako.com.br\/wp\/2025\/02\/13\/aderecos-a-venda\/\"><\/fb:share-button><\/span><span class=\"mr_social_sharing\"><a rel=\"nofollow\" class=\"linksalpha_button linksalpha_link\" href=\"\/\/www.linksalpha.com\/social\/mobile\" data-url=\"https:\/\/www.blogdopilako.com.br\/wp\/2025\/02\/13\/aderecos-a-venda\/\" data-text=\"Adere\u00e7os \u00e0 venda!!!\" data-desc=\"Com o carnaval na ordem do dia, para os que gostam, segue aberta a temporada do \u201cBloco das Ilus\u00f5es\u201d. Se fantasiar, se enfeitar e embelezar-se, sintonizado com o reinado de momo, \u00a0\u00e9 quase uma regra. Na Agremia\u00e7\u00e3o Carnavalesca Saudade, por exemplo, o Concurso de Adere\u00e7o de Cabe\u00e7a \u00e9 um bom\" data-image=\"\" data-button=\"none\">\n\t\t\t\t\t<img src=\"\/\/www.linksalpha.com\/images\/social_share_button.png\" alt=\"Share\" class=\"linksalpha_image\" \/>\n\t\t\t\t\t<\/a><script type=\"text\/javascript\" src=\"\/\/www.linksalpha.com\/scripts\/loader_iconbox.js?v=2.4\"><\/script><\/span><\/div>","protected":false},"author":2,"featured_media":0,"comment_status":"open","ping_status":"open","sticky":false,"template":"","format":"standard","meta":[],"categories":[21],"tags":[],"_links":{"self":[{"href":"https:\/\/www.blogdopilako.com.br\/wp\/wp-json\/wp\/v2\/posts\/147199"}],"collection":[{"href":"https:\/\/www.blogdopilako.com.br\/wp\/wp-json\/wp\/v2\/posts"}],"about":[{"href":"https:\/\/www.blogdopilako.com.br\/wp\/wp-json\/wp\/v2\/types\/post"}],"author":[{"embeddable":true,"href":"https:\/\/www.blogdopilako.com.br\/wp\/wp-json\/wp\/v2\/users\/2"}],"replies":[{"embeddable":true,"href":"https:\/\/www.blogdopilako.com.br\/wp\/wp-json\/wp\/v2\/comments?post=147199"}],"version-history":[{"count":1,"href":"https:\/\/www.blogdopilako.com.br\/wp\/wp-json\/wp\/v2\/posts\/147199\/revisions"}],"predecessor-version":[{"id":147205,"href":"https:\/\/www.blogdopilako.com.br\/wp\/wp-json\/wp\/v2\/posts\/147199\/revisions\/147205"}],"wp:attachment":[{"href":"https:\/\/www.blogdopilako.com.br\/wp\/wp-json\/wp\/v2\/media?parent=147199"}],"wp:term":[{"taxonomy":"category","embeddable":true,"href":"https:\/\/www.blogdopilako.com.br\/wp\/wp-json\/wp\/v2\/categories?post=147199"},{"taxonomy":"post_tag","embeddable":true,"href":"https:\/\/www.blogdopilako.com.br\/wp\/wp-json\/wp\/v2\/tags?post=147199"}],"curies":[{"name":"wp","href":"https:\/\/api.w.org\/{rel}","templated":true}]}}