{"id":143775,"date":"2024-03-04T11:37:50","date_gmt":"2024-03-04T14:37:50","guid":{"rendered":"https:\/\/www.blogdopilako.com.br\/wp\/?p=143775"},"modified":"2024-03-04T18:21:26","modified_gmt":"2024-03-04T21:21:26","slug":"andre-carvalho-um-conjunto-de-forcas-politicas-apostam-no-seu-nome","status":"publish","type":"post","link":"https:\/\/www.blogdopilako.com.br\/wp\/2024\/03\/04\/andre-carvalho-um-conjunto-de-forcas-politicas-apostam-no-seu-nome\/","title":{"rendered":"Andr\u00e9 Carvalho: um conjunto de for\u00e7as pol\u00edticas apostam no seu nome&#8230;.."},"content":{"rendered":"\n\t\t\t\t<div class=\"mr_social_sharing_wrapper\">\n\t\t\t\t<!-- Social Sharing Toolkit v2.2 --><span class=\"mr_social_sharing_top\"><span style=\"display: inline-block; width: 55px; height: 62px; overflow: hidden;\"><div class=\"fb-like\" data-href=\"https:\/\/www.blogdopilako.com.br\/wp\/2024\/03\/04\/andre-carvalho-um-conjunto-de-forcas-politicas-apostam-no-seu-nome\/\" data-send=\"false\" data-layout=\"box_count\" data-width=\"55\" data-show-faces=\"false\"><\/div><\/span><\/span><span class=\"mr_social_sharing_top\"><fb:share-button type=\"box_count\" href=\"https:\/\/www.blogdopilako.com.br\/wp\/2024\/03\/04\/andre-carvalho-um-conjunto-de-forcas-politicas-apostam-no-seu-nome\/\"><\/fb:share-button><\/span><span class=\"mr_social_sharing\"><a rel=\"nofollow\" class=\"linksalpha_button linksalpha_link\" href=\"\/\/www.linksalpha.com\/social\/mobile\" data-url=\"https:\/\/www.blogdopilako.com.br\/wp\/2024\/03\/04\/andre-carvalho-um-conjunto-de-forcas-politicas-apostam-no-seu-nome\/\" data-text=\"Andr\u00e9 Carvalho: um conjunto de for\u00e7as pol\u00edticas apostam no seu nome\u2026..\" data-desc=\"Em ato com vi\u00e9s pol\u00edtico, ocorrido na tarde do s\u00e1bado (03), nas depend\u00eancias do Teatro Silogeu, foi lan\u00e7ada a pr\u00e9-candidatura do atual vereador, Andr\u00e9 Carvalho, a prefeito da Vit\u00f3ria de Santo Ant\u00e3o. O referido movimento contou com lideran\u00e7as\u00a0 nacionais, estaduais e locais, al\u00e9m do\" data-image=\"http:\/\/www.blogdopilako.com.br\/wp\/wp-content\/uploads\/2024\/03\/f85535c8-23cf-499e-bec7-d6cbaca21bac.jpg\" data-button=\"none\">\n\t\t\t\t\t<img src=\"\/\/www.linksalpha.com\/images\/social_share_button.png\" alt=\"Share\" class=\"linksalpha_image\" \/>\n\t\t\t\t\t<\/a><script type=\"text\/javascript\" src=\"\/\/www.linksalpha.com\/scripts\/loader_iconbox.js?v=2.4\"><\/script><\/span><\/div><p><img loading=\"lazy\" class=\"aligncenter wp-image-143776 size-full\" src=\"http:\/\/www.blogdopilako.com.br\/wp\/wp-content\/uploads\/2024\/03\/f85535c8-23cf-499e-bec7-d6cbaca21bac.jpg\" alt=\"\" width=\"1280\" height=\"787\" srcset=\"https:\/\/www.blogdopilako.com.br\/wp\/wp-content\/uploads\/2024\/03\/f85535c8-23cf-499e-bec7-d6cbaca21bac.jpg 1280w, https:\/\/www.blogdopilako.com.br\/wp\/wp-content\/uploads\/2024\/03\/f85535c8-23cf-499e-bec7-d6cbaca21bac-300x184.jpg 300w, https:\/\/www.blogdopilako.com.br\/wp\/wp-content\/uploads\/2024\/03\/f85535c8-23cf-499e-bec7-d6cbaca21bac-1024x630.jpg 1024w, https:\/\/www.blogdopilako.com.br\/wp\/wp-content\/uploads\/2024\/03\/f85535c8-23cf-499e-bec7-d6cbaca21bac-768x472.jpg 768w, https:\/\/www.blogdopilako.com.br\/wp\/wp-content\/uploads\/2024\/03\/f85535c8-23cf-499e-bec7-d6cbaca21bac-488x300.jpg 488w\" sizes=\"(max-width: 1280px) 100vw, 1280px\" \/><\/p>\n<p style=\"text-align: justify;\"><strong>Em ato com vi\u00e9s pol\u00edtico, ocorrido na tarde do s\u00e1bado (03), nas depend\u00eancias do Teatro Silogeu, foi lan\u00e7ada a pr\u00e9-candidatura do atual vereador, Andr\u00e9 Carvalho, a prefeito da Vit\u00f3ria de Santo Ant\u00e3o. O referido movimento contou com lideran\u00e7as\u00a0 nacionais, estaduais e locais, al\u00e9m do p\u00fablico em geral.<\/strong><\/p>\n<p style=\"text-align: justify;\">Eleito no \u00faltimo pleito (2020) para ocupar um assento na Casa Diogo de Braga, \u00a0\u00a0com vota\u00e7\u00e3o eloquente, <strong>o jovem Andr\u00e9 Carvalho<\/strong> \u201cinaugurou\u201d no nosso munic\u00edpio um novo jeito de fazer pol\u00edtica. Qualificado na \u00e1rea da comunica\u00e7\u00e3o de massa e sintonizado com as novas ferramentas tecnol\u00f3gicas, o mesmo conseguiu, entre outros, \u00a0representar o desejo daqueles eleitores que n\u00e3o\u00a0 enxergam o assistencialismo\u00a0 e \u00e0 capta\u00e7\u00e3o de sufr\u00e1gio como moeda\u00a0 pol\u00edtica\/eleitoral.<\/p>\n<p><img loading=\"lazy\" class=\"alignnone size-medium wp-image-143780 alignright\" src=\"http:\/\/www.blogdopilako.com.br\/wp\/wp-content\/uploads\/2024\/03\/fcd814f8-f4a1-44b7-a67f-d97607b4291d-1-200x300.jpg\" alt=\"\" width=\"200\" height=\"300\" srcset=\"https:\/\/www.blogdopilako.com.br\/wp\/wp-content\/uploads\/2024\/03\/fcd814f8-f4a1-44b7-a67f-d97607b4291d-1-200x300.jpg 200w, https:\/\/www.blogdopilako.com.br\/wp\/wp-content\/uploads\/2024\/03\/fcd814f8-f4a1-44b7-a67f-d97607b4291d-1-682x1024.jpg 682w, https:\/\/www.blogdopilako.com.br\/wp\/wp-content\/uploads\/2024\/03\/fcd814f8-f4a1-44b7-a67f-d97607b4291d-1-768x1153.jpg 768w, https:\/\/www.blogdopilako.com.br\/wp\/wp-content\/uploads\/2024\/03\/fcd814f8-f4a1-44b7-a67f-d97607b4291d-1-1023x1536.jpg 1023w, https:\/\/www.blogdopilako.com.br\/wp\/wp-content\/uploads\/2024\/03\/fcd814f8-f4a1-44b7-a67f-d97607b4291d-1.jpg 1066w\" sizes=\"(max-width: 200px) 100vw, 200px\" \/><\/p>\n<p style=\"text-align: justify;\">No Poder Legislativo, procurou desenvolver um mandato coerente com aquilo que pautou seu ingresso na pol\u00edtica, ou seja: fiscalizar os atos do executivo, propor a\u00e7\u00f5es vinculadas \u00e0s pol\u00edticas p\u00fablicas, transpar\u00eancia na atividade parlamentar e etc. Com efeito, no \u00faltimo pleito estadual (2022), \u00a0na qualidade de candidato para ocupar um assento na ALEPE, saiu das urnas fortalecido, mesmo sem lograr \u00eaxito eleitoral.<\/p>\n<p style=\"text-align: justify;\">Nesse contexto, ampliou o raio de atua\u00e7\u00e3o pol\u00edtica dialogando com outros atores locais,\u00a0 n\u00e3o menos importantes: <strong>Socorrinho da Apami, o grupo dos Queiroz, representado pelo vereador Carlos Henrique, e com conceituado m\u00e9dico, vereador e ex vice-prefeito da Vit\u00f3ria, Doutor Saulo Albuquerque.<\/strong><\/p>\n<p><img loading=\"lazy\" class=\"alignnone wp-image-143781 size-full\" src=\"http:\/\/www.blogdopilako.com.br\/wp\/wp-content\/uploads\/2024\/03\/06c8ca9a-3d8c-4881-ae0e-c837610d1cca-1.jpg\" alt=\"\" width=\"1024\" height=\"960\" srcset=\"https:\/\/www.blogdopilako.com.br\/wp\/wp-content\/uploads\/2024\/03\/06c8ca9a-3d8c-4881-ae0e-c837610d1cca-1.jpg 1024w, https:\/\/www.blogdopilako.com.br\/wp\/wp-content\/uploads\/2024\/03\/06c8ca9a-3d8c-4881-ae0e-c837610d1cca-1-300x281.jpg 300w, https:\/\/www.blogdopilako.com.br\/wp\/wp-content\/uploads\/2024\/03\/06c8ca9a-3d8c-4881-ae0e-c837610d1cca-1-768x720.jpg 768w, https:\/\/www.blogdopilako.com.br\/wp\/wp-content\/uploads\/2024\/03\/06c8ca9a-3d8c-4881-ae0e-c837610d1cca-1-320x300.jpg 320w\" sizes=\"(max-width: 1024px) 100vw, 1024px\" \/><\/p>\n<p style=\"text-align: justify;\">Lastreada por uma forte rela\u00e7\u00e3o de confian\u00e7a e respeito m\u00fatuo,\u00a0 com o <strong>deputado federal T\u00falio Gadelha,<\/strong> Andr\u00e9 conseguiu suplantar o t\u00e3o pantanoso terreno partid\u00e1rio, proporcionando-lhe, assim,\u00a0 a t\u00e3o desejada \u201cseguran\u00e7a eleitoral\u201d. Prova concreta dessa opera\u00e7\u00e3o, constru\u00edda ao longo do tempo,\u00a0 materializou-se\u00a0 na presen\u00e7a,\u00a0 no j\u00e1 citado ato, ocorrido no \u00faltimo s\u00e1bado, da <strong>emblem\u00e1tica Marina Silva, figura internacional que, atualmente,\u00a0 despacha na capital federal,\u00a0 na pasta do Meio Ambiente.<\/strong><\/p>\n<p><iframe loading=\"lazy\" title=\"Blog do Pilako: MINISTRA MARINA SILVA - S\u00c1BADO, 03 DE MAR\u00c7O DE 2024 - INSTITUTO HIST\u00d3RICO\" width=\"584\" height=\"329\" src=\"https:\/\/www.youtube.com\/embed\/T57bZkkYOrU?feature=oembed\" frameborder=\"0\" allow=\"accelerometer; autoplay; clipboard-write; encrypted-media; gyroscope; picture-in-picture; web-share\" allowfullscreen><\/iframe><\/p>\n<p style=\"text-align: justify;\">Serenada a empolga\u00e7\u00e3o do lan\u00e7amento da pr\u00e9-candidatura ao cargo m\u00e1ximo do Poder Executivo antonense, esse conjunto de for\u00e7as, liderado pelo Andr\u00e9 Carvalho, dever\u00e1\u00a0 enfrentar, nas urnas,\u00a0 o\u00a0 atual prefeito, Paulo Roberto, que ir\u00e1 buscar sua reelei\u00e7\u00e3o que, segundo recente pesquisa que circulou na imprensa, segue com boa avalia\u00e7\u00e3o. Lembremos, tamb\u00e9m, o grupo liderado pelo ex-prefeito Aglailson Junior,\u00a0 \u00a0que segue\u00a0 se movimentando, visando\u00a0 o pleito que se avizinha.<\/p>\n<p style=\"text-align: justify;\">Portanto, o ato do \u00faltimo s\u00e1bado &#8211;\u00a0 por assim dizer &#8211;\u00a0 seria um primeiro movimento p\u00fablico, concreto, que ocorre na nossa cidade, visando o pr\u00f3ximo pleito municipal (2024), \u00a0protagonizado pelo campo oposicionista.<\/p>\n<p style=\"text-align: justify;\"><strong>Nos pr\u00f3ximos meses de 2024, at\u00e9 o dia \u201cD\u201d da democracia, muitas \u00e1guas ir\u00e3o passar por debaixo da ponte, no sentido de desenhar o destino,\u00a0 \u00a0dos pr\u00f3ximos 4 anos (2025\/2028),\u00a0 \u00a0da terra de Santo Ant\u00e3o.<\/strong><\/p>\n<p><img loading=\"lazy\" class=\"aligncenter wp-image-143768 size-large\" src=\"http:\/\/www.blogdopilako.com.br\/wp\/wp-content\/uploads\/2024\/03\/Pix-arte-final-2-1-1024x401.png\" alt=\"\" width=\"584\" height=\"229\" srcset=\"https:\/\/www.blogdopilako.com.br\/wp\/wp-content\/uploads\/2024\/03\/Pix-arte-final-2-1-1024x401.png 1024w, https:\/\/www.blogdopilako.com.br\/wp\/wp-content\/uploads\/2024\/03\/Pix-arte-final-2-1-300x117.png 300w, https:\/\/www.blogdopilako.com.br\/wp\/wp-content\/uploads\/2024\/03\/Pix-arte-final-2-1-768x301.png 768w, https:\/\/www.blogdopilako.com.br\/wp\/wp-content\/uploads\/2024\/03\/Pix-arte-final-2-1-1536x601.png 1536w, https:\/\/www.blogdopilako.com.br\/wp\/wp-content\/uploads\/2024\/03\/Pix-arte-final-2-1-2048x802.png 2048w, https:\/\/www.blogdopilako.com.br\/wp\/wp-content\/uploads\/2024\/03\/Pix-arte-final-2-1-500x196.png 500w\" sizes=\"(max-width: 584px) 100vw, 584px\" \/><\/p>\n\n\t\t\t\t<div class=\"mr_social_sharing_wrapper\">\n\t\t\t\t<!-- Social Sharing Toolkit v2.2 --><span class=\"mr_social_sharing_top\"><span style=\"display: inline-block; width: 55px; height: 62px; overflow: hidden;\"><div class=\"fb-like\" data-href=\"https:\/\/www.blogdopilako.com.br\/wp\/2024\/03\/04\/andre-carvalho-um-conjunto-de-forcas-politicas-apostam-no-seu-nome\/\" data-send=\"false\" data-layout=\"box_count\" data-width=\"55\" data-show-faces=\"false\"><\/div><\/span><\/span><span class=\"mr_social_sharing_top\"><fb:share-button type=\"box_count\" href=\"https:\/\/www.blogdopilako.com.br\/wp\/2024\/03\/04\/andre-carvalho-um-conjunto-de-forcas-politicas-apostam-no-seu-nome\/\"><\/fb:share-button><\/span><span class=\"mr_social_sharing\"><a rel=\"nofollow\" class=\"linksalpha_button linksalpha_link\" href=\"\/\/www.linksalpha.com\/social\/mobile\" data-url=\"https:\/\/www.blogdopilako.com.br\/wp\/2024\/03\/04\/andre-carvalho-um-conjunto-de-forcas-politicas-apostam-no-seu-nome\/\" data-text=\"Andr\u00e9 Carvalho: um conjunto de for\u00e7as pol\u00edticas apostam no seu nome\u2026..\" data-desc=\"Em ato com vi\u00e9s pol\u00edtico, ocorrido na tarde do s\u00e1bado (03), nas depend\u00eancias do Teatro Silogeu, foi lan\u00e7ada a pr\u00e9-candidatura do atual vereador, Andr\u00e9 Carvalho, a prefeito da Vit\u00f3ria de Santo Ant\u00e3o. O referido movimento contou com lideran\u00e7as\u00a0 nacionais, estaduais e locais, al\u00e9m do\" data-image=\"http:\/\/www.blogdopilako.com.br\/wp\/wp-content\/uploads\/2024\/03\/f85535c8-23cf-499e-bec7-d6cbaca21bac.jpg\" data-button=\"none\">\n\t\t\t\t\t<img src=\"\/\/www.linksalpha.com\/images\/social_share_button.png\" alt=\"Share\" class=\"linksalpha_image\" \/>\n\t\t\t\t\t<\/a><script type=\"text\/javascript\" src=\"\/\/www.linksalpha.com\/scripts\/loader_iconbox.js?v=2.4\"><\/script><\/span><\/div>","protected":false},"excerpt":{"rendered":"\n\t\t\t\t<div class=\"mr_social_sharing_wrapper\">\n\t\t\t\t<!-- Social Sharing Toolkit v2.2 --><span class=\"mr_social_sharing_top\"><span style=\"display: inline-block; width: 55px; height: 62px; overflow: hidden;\"><div class=\"fb-like\" data-href=\"https:\/\/www.blogdopilako.com.br\/wp\/2024\/03\/04\/andre-carvalho-um-conjunto-de-forcas-politicas-apostam-no-seu-nome\/\" data-send=\"false\" data-layout=\"box_count\" data-width=\"55\" data-show-faces=\"false\"><\/div><\/span><\/span><span class=\"mr_social_sharing_top\"><fb:share-button type=\"box_count\" href=\"https:\/\/www.blogdopilako.com.br\/wp\/2024\/03\/04\/andre-carvalho-um-conjunto-de-forcas-politicas-apostam-no-seu-nome\/\"><\/fb:share-button><\/span><span class=\"mr_social_sharing\"><a rel=\"nofollow\" class=\"linksalpha_button linksalpha_link\" href=\"\/\/www.linksalpha.com\/social\/mobile\" data-url=\"https:\/\/www.blogdopilako.com.br\/wp\/2024\/03\/04\/andre-carvalho-um-conjunto-de-forcas-politicas-apostam-no-seu-nome\/\" data-text=\"Andr\u00e9 Carvalho: um conjunto de for\u00e7as pol\u00edticas apostam no seu nome\u2026..\" data-desc=\"Em ato com vi\u00e9s pol\u00edtico, ocorrido na tarde do s\u00e1bado (03), nas depend\u00eancias do Teatro Silogeu, foi lan\u00e7ada a pr\u00e9-candidatura do atual vereador, Andr\u00e9 Carvalho, a prefeito da Vit\u00f3ria de Santo Ant\u00e3o. O referido movimento contou com lideran\u00e7as\u00a0 nacionais, estaduais e locais, al\u00e9m do\" data-image=\"\" data-button=\"none\">\n\t\t\t\t\t<img src=\"\/\/www.linksalpha.com\/images\/social_share_button.png\" alt=\"Share\" class=\"linksalpha_image\" \/>\n\t\t\t\t\t<\/a><script type=\"text\/javascript\" src=\"\/\/www.linksalpha.com\/scripts\/loader_iconbox.js?v=2.4\"><\/script><\/span><\/div><p>Em ato com vi\u00e9s pol\u00edtico, ocorrido na tarde do s\u00e1bado (03), nas depend\u00eancias do Teatro Silogeu, foi lan\u00e7ada a pr\u00e9-candidatura do atual vereador, Andr\u00e9 Carvalho, a prefeito da Vit\u00f3ria de Santo Ant\u00e3o. O referido movimento contou com lideran\u00e7as\u00a0 nacionais, estaduais &hellip; <a href=\"https:\/\/www.blogdopilako.com.br\/wp\/2024\/03\/04\/andre-carvalho-um-conjunto-de-forcas-politicas-apostam-no-seu-nome\/\">Continue lendo <span class=\"meta-nav\">&rarr;<\/span><\/a><\/p>\n\n\t\t\t\t<div class=\"mr_social_sharing_wrapper\">\n\t\t\t\t<!-- Social Sharing Toolkit v2.2 --><span class=\"mr_social_sharing_top\"><span style=\"display: inline-block; width: 55px; height: 62px; overflow: hidden;\"><div class=\"fb-like\" data-href=\"https:\/\/www.blogdopilako.com.br\/wp\/2024\/03\/04\/andre-carvalho-um-conjunto-de-forcas-politicas-apostam-no-seu-nome\/\" data-send=\"false\" data-layout=\"box_count\" data-width=\"55\" data-show-faces=\"false\"><\/div><\/span><\/span><span class=\"mr_social_sharing_top\"><fb:share-button type=\"box_count\" href=\"https:\/\/www.blogdopilako.com.br\/wp\/2024\/03\/04\/andre-carvalho-um-conjunto-de-forcas-politicas-apostam-no-seu-nome\/\"><\/fb:share-button><\/span><span class=\"mr_social_sharing\"><a rel=\"nofollow\" class=\"linksalpha_button linksalpha_link\" href=\"\/\/www.linksalpha.com\/social\/mobile\" data-url=\"https:\/\/www.blogdopilako.com.br\/wp\/2024\/03\/04\/andre-carvalho-um-conjunto-de-forcas-politicas-apostam-no-seu-nome\/\" data-text=\"Andr\u00e9 Carvalho: um conjunto de for\u00e7as pol\u00edticas apostam no seu nome\u2026..\" data-desc=\"Em ato com vi\u00e9s pol\u00edtico, ocorrido na tarde do s\u00e1bado (03), nas depend\u00eancias do Teatro Silogeu, foi lan\u00e7ada a pr\u00e9-candidatura do atual vereador, Andr\u00e9 Carvalho, a prefeito da Vit\u00f3ria de Santo Ant\u00e3o. O referido movimento contou com lideran\u00e7as\u00a0 nacionais, estaduais e locais, al\u00e9m do\" data-image=\"\" data-button=\"none\">\n\t\t\t\t\t<img src=\"\/\/www.linksalpha.com\/images\/social_share_button.png\" alt=\"Share\" class=\"linksalpha_image\" \/>\n\t\t\t\t\t<\/a><script type=\"text\/javascript\" src=\"\/\/www.linksalpha.com\/scripts\/loader_iconbox.js?v=2.4\"><\/script><\/span><\/div>","protected":false},"author":2,"featured_media":0,"comment_status":"open","ping_status":"open","sticky":false,"template":"","format":"standard","meta":[],"categories":[21],"tags":[],"_links":{"self":[{"href":"https:\/\/www.blogdopilako.com.br\/wp\/wp-json\/wp\/v2\/posts\/143775"}],"collection":[{"href":"https:\/\/www.blogdopilako.com.br\/wp\/wp-json\/wp\/v2\/posts"}],"about":[{"href":"https:\/\/www.blogdopilako.com.br\/wp\/wp-json\/wp\/v2\/types\/post"}],"author":[{"embeddable":true,"href":"https:\/\/www.blogdopilako.com.br\/wp\/wp-json\/wp\/v2\/users\/2"}],"replies":[{"embeddable":true,"href":"https:\/\/www.blogdopilako.com.br\/wp\/wp-json\/wp\/v2\/comments?post=143775"}],"version-history":[{"count":5,"href":"https:\/\/www.blogdopilako.com.br\/wp\/wp-json\/wp\/v2\/posts\/143775\/revisions"}],"predecessor-version":[{"id":143790,"href":"https:\/\/www.blogdopilako.com.br\/wp\/wp-json\/wp\/v2\/posts\/143775\/revisions\/143790"}],"wp:attachment":[{"href":"https:\/\/www.blogdopilako.com.br\/wp\/wp-json\/wp\/v2\/media?parent=143775"}],"wp:term":[{"taxonomy":"category","embeddable":true,"href":"https:\/\/www.blogdopilako.com.br\/wp\/wp-json\/wp\/v2\/categories?post=143775"},{"taxonomy":"post_tag","embeddable":true,"href":"https:\/\/www.blogdopilako.com.br\/wp\/wp-json\/wp\/v2\/tags?post=143775"}],"curies":[{"name":"wp","href":"https:\/\/api.w.org\/{rel}","templated":true}]}}