{"id":143771,"date":"2024-03-04T09:22:22","date_gmt":"2024-03-04T12:22:22","guid":{"rendered":"https:\/\/www.blogdopilako.com.br\/wp\/?p=143771"},"modified":"2024-03-04T09:23:17","modified_gmt":"2024-03-04T12:23:17","slug":"roberto-moreira-e-eduardo-garrido-por-historia_em_retalhos","status":"publish","type":"post","link":"https:\/\/www.blogdopilako.com.br\/wp\/2024\/03\/04\/roberto-moreira-e-eduardo-garrido-por-historia_em_retalhos\/","title":{"rendered":"Roberto Moreira e Eduardo Garrido &#8211; por @historia_em_retalhos."},"content":{"rendered":"\n\t\t\t\t<div class=\"mr_social_sharing_wrapper\">\n\t\t\t\t<!-- Social Sharing Toolkit v2.2 --><span class=\"mr_social_sharing_top\"><span style=\"display: inline-block; width: 55px; height: 62px; overflow: hidden;\"><div class=\"fb-like\" data-href=\"https:\/\/www.blogdopilako.com.br\/wp\/2024\/03\/04\/roberto-moreira-e-eduardo-garrido-por-historia_em_retalhos\/\" data-send=\"false\" data-layout=\"box_count\" data-width=\"55\" data-show-faces=\"false\"><\/div><\/span><\/span><span class=\"mr_social_sharing_top\"><fb:share-button type=\"box_count\" href=\"https:\/\/www.blogdopilako.com.br\/wp\/2024\/03\/04\/roberto-moreira-e-eduardo-garrido-por-historia_em_retalhos\/\"><\/fb:share-button><\/span><span class=\"mr_social_sharing\"><a rel=\"nofollow\" class=\"linksalpha_button linksalpha_link\" href=\"\/\/www.linksalpha.com\/social\/mobile\" data-url=\"https:\/\/www.blogdopilako.com.br\/wp\/2024\/03\/04\/roberto-moreira-e-eduardo-garrido-por-historia_em_retalhos\/\" data-text=\"Roberto Moreira e Eduardo Garrido \u2013 por @historia_em_retalhos.\" data-desc=\"Esquecidos pela grande m\u00eddia, os pernambucanos Roberto Moreira e Eduardo Garrido fizeram hist\u00f3ria no v\u00f4lei de praia nacional. Sim! Essa dupla precursora foi fundamental para a consolida\u00e7\u00e3o da modalidade esportiva no Brasil. Poucos lembram, mas Moreira e Garrido formaram uma dupla cl\u00e1ssica do\" data-image=\"http:\/\/www.blogdopilako.com.br\/wp\/wp-content\/uploads\/2024\/03\/995dac06-2cc7-445a-98ce-743d3655487e.jpg\" data-button=\"none\">\n\t\t\t\t\t<img src=\"\/\/www.linksalpha.com\/images\/social_share_button.png\" alt=\"Share\" class=\"linksalpha_image\" \/>\n\t\t\t\t\t<\/a><script type=\"text\/javascript\" src=\"\/\/www.linksalpha.com\/scripts\/loader_iconbox.js?v=2.4\"><\/script><\/span><\/div><p><strong><img loading=\"lazy\" class=\"aligncenter wp-image-143773 size-full\" src=\"http:\/\/www.blogdopilako.com.br\/wp\/wp-content\/uploads\/2024\/03\/995dac06-2cc7-445a-98ce-743d3655487e.jpg\" alt=\"\" width=\"640\" height=\"611\" srcset=\"https:\/\/www.blogdopilako.com.br\/wp\/wp-content\/uploads\/2024\/03\/995dac06-2cc7-445a-98ce-743d3655487e.jpg 640w, https:\/\/www.blogdopilako.com.br\/wp\/wp-content\/uploads\/2024\/03\/995dac06-2cc7-445a-98ce-743d3655487e-300x286.jpg 300w, https:\/\/www.blogdopilako.com.br\/wp\/wp-content\/uploads\/2024\/03\/995dac06-2cc7-445a-98ce-743d3655487e-314x300.jpg 314w\" sizes=\"(max-width: 640px) 100vw, 640px\" \/><\/strong><\/p>\n<p style=\"text-align: justify;\">Esquecidos pela grande m\u00eddia, os pernambucanos Roberto Moreira e Eduardo Garrido fizeram hist\u00f3ria no v\u00f4lei de praia nacional.<\/p>\n<p style=\"text-align: justify;\">Sim!<\/p>\n<p style=\"text-align: justify;\">Essa dupla precursora foi fundamental para a consolida\u00e7\u00e3o da modalidade esportiva no Brasil.<\/p>\n<p style=\"text-align: justify;\">Poucos lembram, mas Moreira e Garrido formaram uma dupla cl\u00e1ssica do v\u00f4lei de praia na d\u00e9cada de 1990, quando o esporte ainda dava os primeiros passos no pa\u00eds.<\/p>\n<p style=\"text-align: justify;\">Foi por causa de atletas como eles que uma atividade tida apenas como divers\u00e3o transformou-se em uma modalidade ol\u00edmpica e com praticantes no mundo inteiro.<\/p>\n<p style=\"text-align: justify;\">Nas Olimp\u00edadas de Barcelona, em 1992, o v\u00f4lei de praia fez parte como um esporte de exibi\u00e7\u00e3o.<\/p>\n<p style=\"text-align: justify;\">Pois naquela ocasi\u00e3o Moreira e Garrido sagraram-se vice-campe\u00f5es, o equivalente \u00e0 medalha de prata, sendo derrotados pela lend\u00e1ria dupla norte-americana Smith e Stoklos.<\/p>\n<p style=\"text-align: justify;\">No ano seguinte, em 1993, a dupla conquistou a medalha de bronze nos Jogos Mundiais, disputado na Holanda.<\/p>\n<p style=\"text-align: justify;\">Al\u00f4, @prefeiturarecife, que tal uma homenagem a esses dois grandes precursores do v\u00f4lei de praia, durante os circuitos brasileiro e mundial que acontecer\u00e3o na cidade agora em mar\u00e7o?<\/p>\n<p style=\"text-align: justify;\">#ficaadica &#x1f609;<br \/>\n.<br \/>\n<strong>Siga: @historia_em_retalhos<\/strong><\/p>\n<p style=\"text-align: justify;\"><a href=\"https:\/\/www.instagram.com\/p\/C4BHHGZOzpQ\/?igsh=MW8zYTBndjA5aTdndA%3D%3D\">https:\/\/www.instagram.com\/p\/C4BHHGZOzpQ\/?igsh=MW8zYTBndjA5aTdndA%3D%3D<\/a><\/p>\n<p><img loading=\"lazy\" class=\"aligncenter wp-image-143768 size-large\" src=\"http:\/\/www.blogdopilako.com.br\/wp\/wp-content\/uploads\/2024\/03\/Pix-arte-final-2-1-1024x401.png\" alt=\"\" width=\"584\" height=\"229\" srcset=\"https:\/\/www.blogdopilako.com.br\/wp\/wp-content\/uploads\/2024\/03\/Pix-arte-final-2-1-1024x401.png 1024w, https:\/\/www.blogdopilako.com.br\/wp\/wp-content\/uploads\/2024\/03\/Pix-arte-final-2-1-300x117.png 300w, https:\/\/www.blogdopilako.com.br\/wp\/wp-content\/uploads\/2024\/03\/Pix-arte-final-2-1-768x301.png 768w, https:\/\/www.blogdopilako.com.br\/wp\/wp-content\/uploads\/2024\/03\/Pix-arte-final-2-1-1536x601.png 1536w, https:\/\/www.blogdopilako.com.br\/wp\/wp-content\/uploads\/2024\/03\/Pix-arte-final-2-1-2048x802.png 2048w, https:\/\/www.blogdopilako.com.br\/wp\/wp-content\/uploads\/2024\/03\/Pix-arte-final-2-1-500x196.png 500w\" sizes=\"(max-width: 584px) 100vw, 584px\" \/><\/p>\n\n\t\t\t\t<div class=\"mr_social_sharing_wrapper\">\n\t\t\t\t<!-- Social Sharing Toolkit v2.2 --><span class=\"mr_social_sharing_top\"><span style=\"display: inline-block; width: 55px; height: 62px; overflow: hidden;\"><div class=\"fb-like\" data-href=\"https:\/\/www.blogdopilako.com.br\/wp\/2024\/03\/04\/roberto-moreira-e-eduardo-garrido-por-historia_em_retalhos\/\" data-send=\"false\" data-layout=\"box_count\" data-width=\"55\" data-show-faces=\"false\"><\/div><\/span><\/span><span class=\"mr_social_sharing_top\"><fb:share-button type=\"box_count\" href=\"https:\/\/www.blogdopilako.com.br\/wp\/2024\/03\/04\/roberto-moreira-e-eduardo-garrido-por-historia_em_retalhos\/\"><\/fb:share-button><\/span><span class=\"mr_social_sharing\"><a rel=\"nofollow\" class=\"linksalpha_button linksalpha_link\" href=\"\/\/www.linksalpha.com\/social\/mobile\" data-url=\"https:\/\/www.blogdopilako.com.br\/wp\/2024\/03\/04\/roberto-moreira-e-eduardo-garrido-por-historia_em_retalhos\/\" data-text=\"Roberto Moreira e Eduardo Garrido \u2013 por @historia_em_retalhos.\" data-desc=\"Esquecidos pela grande m\u00eddia, os pernambucanos Roberto Moreira e Eduardo Garrido fizeram hist\u00f3ria no v\u00f4lei de praia nacional. Sim! Essa dupla precursora foi fundamental para a consolida\u00e7\u00e3o da modalidade esportiva no Brasil. Poucos lembram, mas Moreira e Garrido formaram uma dupla cl\u00e1ssica do\" data-image=\"http:\/\/www.blogdopilako.com.br\/wp\/wp-content\/uploads\/2024\/03\/995dac06-2cc7-445a-98ce-743d3655487e.jpg\" data-button=\"none\">\n\t\t\t\t\t<img src=\"\/\/www.linksalpha.com\/images\/social_share_button.png\" alt=\"Share\" class=\"linksalpha_image\" \/>\n\t\t\t\t\t<\/a><script type=\"text\/javascript\" src=\"\/\/www.linksalpha.com\/scripts\/loader_iconbox.js?v=2.4\"><\/script><\/span><\/div>","protected":false},"excerpt":{"rendered":"\n\t\t\t\t<div class=\"mr_social_sharing_wrapper\">\n\t\t\t\t<!-- Social Sharing Toolkit v2.2 --><span class=\"mr_social_sharing_top\"><span style=\"display: inline-block; width: 55px; height: 62px; overflow: hidden;\"><div class=\"fb-like\" data-href=\"https:\/\/www.blogdopilako.com.br\/wp\/2024\/03\/04\/roberto-moreira-e-eduardo-garrido-por-historia_em_retalhos\/\" data-send=\"false\" data-layout=\"box_count\" data-width=\"55\" data-show-faces=\"false\"><\/div><\/span><\/span><span class=\"mr_social_sharing_top\"><fb:share-button type=\"box_count\" href=\"https:\/\/www.blogdopilako.com.br\/wp\/2024\/03\/04\/roberto-moreira-e-eduardo-garrido-por-historia_em_retalhos\/\"><\/fb:share-button><\/span><span class=\"mr_social_sharing\"><a rel=\"nofollow\" class=\"linksalpha_button linksalpha_link\" href=\"\/\/www.linksalpha.com\/social\/mobile\" data-url=\"https:\/\/www.blogdopilako.com.br\/wp\/2024\/03\/04\/roberto-moreira-e-eduardo-garrido-por-historia_em_retalhos\/\" data-text=\"Roberto Moreira e Eduardo Garrido \u2013 por @historia_em_retalhos.\" data-desc=\"Esquecidos pela grande m\u00eddia, os pernambucanos Roberto Moreira e Eduardo Garrido fizeram hist\u00f3ria no v\u00f4lei de praia nacional. Sim! Essa dupla precursora foi fundamental para a consolida\u00e7\u00e3o da modalidade esportiva no Brasil. Poucos lembram, mas Moreira e Garrido formaram uma dupla cl\u00e1ssica do\" data-image=\"\" data-button=\"none\">\n\t\t\t\t\t<img src=\"\/\/www.linksalpha.com\/images\/social_share_button.png\" alt=\"Share\" class=\"linksalpha_image\" \/>\n\t\t\t\t\t<\/a><script type=\"text\/javascript\" src=\"\/\/www.linksalpha.com\/scripts\/loader_iconbox.js?v=2.4\"><\/script><\/span><\/div><p>Esquecidos pela grande m\u00eddia, os pernambucanos Roberto Moreira e Eduardo Garrido fizeram hist\u00f3ria no v\u00f4lei de praia nacional. Sim! Essa dupla precursora foi fundamental para a consolida\u00e7\u00e3o da modalidade esportiva no Brasil. Poucos lembram, mas Moreira e Garrido formaram uma &hellip; <a href=\"https:\/\/www.blogdopilako.com.br\/wp\/2024\/03\/04\/roberto-moreira-e-eduardo-garrido-por-historia_em_retalhos\/\">Continue lendo <span class=\"meta-nav\">&rarr;<\/span><\/a><\/p>\n\n\t\t\t\t<div class=\"mr_social_sharing_wrapper\">\n\t\t\t\t<!-- Social Sharing Toolkit v2.2 --><span class=\"mr_social_sharing_top\"><span style=\"display: inline-block; width: 55px; height: 62px; overflow: hidden;\"><div class=\"fb-like\" data-href=\"https:\/\/www.blogdopilako.com.br\/wp\/2024\/03\/04\/roberto-moreira-e-eduardo-garrido-por-historia_em_retalhos\/\" data-send=\"false\" data-layout=\"box_count\" data-width=\"55\" data-show-faces=\"false\"><\/div><\/span><\/span><span class=\"mr_social_sharing_top\"><fb:share-button type=\"box_count\" href=\"https:\/\/www.blogdopilako.com.br\/wp\/2024\/03\/04\/roberto-moreira-e-eduardo-garrido-por-historia_em_retalhos\/\"><\/fb:share-button><\/span><span class=\"mr_social_sharing\"><a rel=\"nofollow\" class=\"linksalpha_button linksalpha_link\" href=\"\/\/www.linksalpha.com\/social\/mobile\" data-url=\"https:\/\/www.blogdopilako.com.br\/wp\/2024\/03\/04\/roberto-moreira-e-eduardo-garrido-por-historia_em_retalhos\/\" data-text=\"Roberto Moreira e Eduardo Garrido \u2013 por @historia_em_retalhos.\" data-desc=\"Esquecidos pela grande m\u00eddia, os pernambucanos Roberto Moreira e Eduardo Garrido fizeram hist\u00f3ria no v\u00f4lei de praia nacional. Sim! Essa dupla precursora foi fundamental para a consolida\u00e7\u00e3o da modalidade esportiva no Brasil. Poucos lembram, mas Moreira e Garrido formaram uma dupla cl\u00e1ssica do\" data-image=\"\" data-button=\"none\">\n\t\t\t\t\t<img src=\"\/\/www.linksalpha.com\/images\/social_share_button.png\" alt=\"Share\" class=\"linksalpha_image\" \/>\n\t\t\t\t\t<\/a><script type=\"text\/javascript\" src=\"\/\/www.linksalpha.com\/scripts\/loader_iconbox.js?v=2.4\"><\/script><\/span><\/div>","protected":false},"author":2,"featured_media":0,"comment_status":"open","ping_status":"open","sticky":false,"template":"","format":"standard","meta":[],"categories":[21],"tags":[],"_links":{"self":[{"href":"https:\/\/www.blogdopilako.com.br\/wp\/wp-json\/wp\/v2\/posts\/143771"}],"collection":[{"href":"https:\/\/www.blogdopilako.com.br\/wp\/wp-json\/wp\/v2\/posts"}],"about":[{"href":"https:\/\/www.blogdopilako.com.br\/wp\/wp-json\/wp\/v2\/types\/post"}],"author":[{"embeddable":true,"href":"https:\/\/www.blogdopilako.com.br\/wp\/wp-json\/wp\/v2\/users\/2"}],"replies":[{"embeddable":true,"href":"https:\/\/www.blogdopilako.com.br\/wp\/wp-json\/wp\/v2\/comments?post=143771"}],"version-history":[{"count":1,"href":"https:\/\/www.blogdopilako.com.br\/wp\/wp-json\/wp\/v2\/posts\/143771\/revisions"}],"predecessor-version":[{"id":143774,"href":"https:\/\/www.blogdopilako.com.br\/wp\/wp-json\/wp\/v2\/posts\/143771\/revisions\/143774"}],"wp:attachment":[{"href":"https:\/\/www.blogdopilako.com.br\/wp\/wp-json\/wp\/v2\/media?parent=143771"}],"wp:term":[{"taxonomy":"category","embeddable":true,"href":"https:\/\/www.blogdopilako.com.br\/wp\/wp-json\/wp\/v2\/categories?post=143771"},{"taxonomy":"post_tag","embeddable":true,"href":"https:\/\/www.blogdopilako.com.br\/wp\/wp-json\/wp\/v2\/tags?post=143771"}],"curies":[{"name":"wp","href":"https:\/\/api.w.org\/{rel}","templated":true}]}}