{"id":143748,"date":"2024-02-29T09:20:47","date_gmt":"2024-02-29T12:20:47","guid":{"rendered":"https:\/\/www.blogdopilako.com.br\/wp\/?p=143748"},"modified":"2024-02-28T16:50:06","modified_gmt":"2024-02-28T19:50:06","slug":"o-tempo-voa-documento-foi-sempre-assim-3","status":"publish","type":"post","link":"https:\/\/www.blogdopilako.com.br\/wp\/2024\/02\/29\/o-tempo-voa-documento-foi-sempre-assim-3\/","title":{"rendered":"O Tempo Voa Documento: foi sempre assim\u2026"},"content":{"rendered":"\n\t\t\t\t<div class=\"mr_social_sharing_wrapper\">\n\t\t\t\t<!-- Social Sharing Toolkit v2.2 --><span class=\"mr_social_sharing_top\"><span style=\"display: inline-block; width: 55px; height: 62px; overflow: hidden;\"><div class=\"fb-like\" data-href=\"https:\/\/www.blogdopilako.com.br\/wp\/2024\/02\/29\/o-tempo-voa-documento-foi-sempre-assim-3\/\" data-send=\"false\" data-layout=\"box_count\" data-width=\"55\" data-show-faces=\"false\"><\/div><\/span><\/span><span class=\"mr_social_sharing_top\"><fb:share-button type=\"box_count\" href=\"https:\/\/www.blogdopilako.com.br\/wp\/2024\/02\/29\/o-tempo-voa-documento-foi-sempre-assim-3\/\"><\/fb:share-button><\/span><span class=\"mr_social_sharing\"><a rel=\"nofollow\" class=\"linksalpha_button linksalpha_link\" href=\"\/\/www.linksalpha.com\/social\/mobile\" data-url=\"https:\/\/www.blogdopilako.com.br\/wp\/2024\/02\/29\/o-tempo-voa-documento-foi-sempre-assim-3\/\" data-text=\"O Tempo Voa Documento: foi sempre assim\u2026\" data-desc=\"Revirando nossos\u00a0 arquivos encontramos\u00a0 um \u201cdesabafo\u201d do senhor\u00a0Luis Nascimento,\u00a0em artigo escrito para a\u00a0Revista do Instituto Hist\u00f3rico, em fun\u00e7\u00e3o\u00a0\u00a0das comemora\u00e7\u00f5es do centen\u00e1rio da imprensa na nossa cidade (1866 \u2013 1966),\u00a0 que bem\u00a0 reflete o sentimento daqueles que fizeram e\" data-image=\"http:\/\/www.blogdopilako.com.br\/wp\/wp-content\/uploads\/2024\/02\/instituto-historico.jpg\" data-button=\"none\">\n\t\t\t\t\t<img src=\"\/\/www.linksalpha.com\/images\/social_share_button.png\" alt=\"Share\" class=\"linksalpha_image\" \/>\n\t\t\t\t\t<\/a><script type=\"text\/javascript\" src=\"\/\/www.linksalpha.com\/scripts\/loader_iconbox.js?v=2.4\"><\/script><\/span><\/div><p><img loading=\"lazy\" class=\"aligncenter wp-image-143750 size-full\" src=\"http:\/\/www.blogdopilako.com.br\/wp\/wp-content\/uploads\/2024\/02\/instituto-historico.jpg\" alt=\"\" width=\"620\" height=\"300\" srcset=\"https:\/\/www.blogdopilako.com.br\/wp\/wp-content\/uploads\/2024\/02\/instituto-historico.jpg 620w, https:\/\/www.blogdopilako.com.br\/wp\/wp-content\/uploads\/2024\/02\/instituto-historico-300x145.jpg 300w, https:\/\/www.blogdopilako.com.br\/wp\/wp-content\/uploads\/2024\/02\/instituto-historico-500x242.jpg 500w\" sizes=\"(max-width: 620px) 100vw, 620px\" \/><\/p>\n<p style=\"text-align: justify;\">Revirando nossos\u00a0 arquivos encontramos\u00a0 um \u201cdesabafo\u201d do senhor\u00a0<strong>Luis Nascimento,\u00a0<\/strong>em artigo escrito para a\u00a0<strong>Revista do Instituto Hist\u00f3rico, em fun\u00e7\u00e3o\u00a0<\/strong>\u00a0das comemora\u00e7\u00f5es do centen\u00e1rio da imprensa na nossa cidade (<strong>1866 \u2013 1966<\/strong>),\u00a0 que bem\u00a0 reflete o sentimento daqueles que fizeram e que continuam fazendo\u00a0 imprensa na Vit\u00f3ria de Santo Ant\u00e3o. Vale a apena ler:<\/p>\n<blockquote>\n<h3 style=\"text-align: justify;\" align=\"center\"><strong>PERCAL\u00c7OS E IDEALISMO<\/strong><\/h3>\n<p style=\"text-align: justify;\">A imprensa vitoriense sofreu, desde 1866, todos os percal\u00e7os, dificuldades e ingl\u00f3rias inerentes \u00e0 esp\u00e9cie. Viveram seus periodistas, por outro lado, os momentos culminantes da cria\u00e7\u00e3o do jornal e da enuncia\u00e7\u00e3o de ideias e programas, junto ao desejo de ser \u00fatil a comunidade, de consertar os erros do mundo e apontar os caminhos certos.<\/p>\n<p style=\"text-align: justify;\">Continuaram eles, neste s\u00e9culo, a amar e a sofrer, teimosamente, jungidos a um ideal, \u00e0 miss\u00e3o de informar, de aparecer, de transmitir um pensamento, um verso, uma p\u00e1gina liter\u00e1ria.<\/p>\n<p style=\"text-align: justify;\">Ultrapassou a casa dos trinta o n\u00famero de publica\u00e7\u00f5es da grande fam\u00edlia da imprensa dadas \u00e0 circula\u00e7\u00e3o, de 1866 a 1899, na Vit\u00f3ria de Santo Ant\u00e3o. No c\u00f4mputo geral dos cem anos hoje completados, subiram a mais de 170, de todos os g\u00eaneros, de vida intensa ou ef\u00eamera, fazendo surgir jornalista a granel, muitos deles perdendo o t\u00edtulo rapidamente, outros altanando-se no conceito da imprensa regional ou nacional.<\/p>\n<p style=\"text-align: justify;\">Esta terra de tantas tradi\u00e7\u00f5es hist\u00f3ricas tem, indubitavelmente, a primasia da imprensa no interior do Estado, uma primasia que honra Pernambuco, do mesmo modo que a imprensa de Pernambuco honra o Brasil.<\/p>\n<p style=\"text-align: justify;\"><strong>Luis Nascimento<br \/>\n<\/strong>Originalmente publicado na REVISTA DO INSTITUTO HIST\u00d3RICO DA VIT\u00d3RIA DE SANTO ANT\u00c3O \u2013 VOL. I \u2013 1968.<\/p>\n<\/blockquote>\n<p><img loading=\"lazy\" class=\"alignnone wp-image-143746 size-large\" src=\"http:\/\/www.blogdopilako.com.br\/wp\/wp-content\/uploads\/2024\/02\/Pix-arte-final-2-48-1024x401.png\" alt=\"\" width=\"584\" height=\"229\" srcset=\"https:\/\/www.blogdopilako.com.br\/wp\/wp-content\/uploads\/2024\/02\/Pix-arte-final-2-48-1024x401.png 1024w, https:\/\/www.blogdopilako.com.br\/wp\/wp-content\/uploads\/2024\/02\/Pix-arte-final-2-48-300x117.png 300w, https:\/\/www.blogdopilako.com.br\/wp\/wp-content\/uploads\/2024\/02\/Pix-arte-final-2-48-768x301.png 768w, https:\/\/www.blogdopilako.com.br\/wp\/wp-content\/uploads\/2024\/02\/Pix-arte-final-2-48-1536x601.png 1536w, https:\/\/www.blogdopilako.com.br\/wp\/wp-content\/uploads\/2024\/02\/Pix-arte-final-2-48-2048x802.png 2048w, https:\/\/www.blogdopilako.com.br\/wp\/wp-content\/uploads\/2024\/02\/Pix-arte-final-2-48-500x196.png 500w\" sizes=\"(max-width: 584px) 100vw, 584px\" \/><\/p>\n<blockquote>\n<p style=\"text-align: justify;\">\n<\/blockquote>\n\n\t\t\t\t<div class=\"mr_social_sharing_wrapper\">\n\t\t\t\t<!-- Social Sharing Toolkit v2.2 --><span class=\"mr_social_sharing_top\"><span style=\"display: inline-block; width: 55px; height: 62px; overflow: hidden;\"><div class=\"fb-like\" data-href=\"https:\/\/www.blogdopilako.com.br\/wp\/2024\/02\/29\/o-tempo-voa-documento-foi-sempre-assim-3\/\" data-send=\"false\" data-layout=\"box_count\" data-width=\"55\" data-show-faces=\"false\"><\/div><\/span><\/span><span class=\"mr_social_sharing_top\"><fb:share-button type=\"box_count\" href=\"https:\/\/www.blogdopilako.com.br\/wp\/2024\/02\/29\/o-tempo-voa-documento-foi-sempre-assim-3\/\"><\/fb:share-button><\/span><span class=\"mr_social_sharing\"><a rel=\"nofollow\" class=\"linksalpha_button linksalpha_link\" href=\"\/\/www.linksalpha.com\/social\/mobile\" data-url=\"https:\/\/www.blogdopilako.com.br\/wp\/2024\/02\/29\/o-tempo-voa-documento-foi-sempre-assim-3\/\" data-text=\"O Tempo Voa Documento: foi sempre assim\u2026\" data-desc=\"Revirando nossos\u00a0 arquivos encontramos\u00a0 um \u201cdesabafo\u201d do senhor\u00a0Luis Nascimento,\u00a0em artigo escrito para a\u00a0Revista do Instituto Hist\u00f3rico, em fun\u00e7\u00e3o\u00a0\u00a0das comemora\u00e7\u00f5es do centen\u00e1rio da imprensa na nossa cidade (1866 \u2013 1966),\u00a0 que bem\u00a0 reflete o sentimento daqueles que fizeram e\" data-image=\"http:\/\/www.blogdopilako.com.br\/wp\/wp-content\/uploads\/2024\/02\/instituto-historico.jpg\" data-button=\"none\">\n\t\t\t\t\t<img src=\"\/\/www.linksalpha.com\/images\/social_share_button.png\" alt=\"Share\" class=\"linksalpha_image\" \/>\n\t\t\t\t\t<\/a><script type=\"text\/javascript\" src=\"\/\/www.linksalpha.com\/scripts\/loader_iconbox.js?v=2.4\"><\/script><\/span><\/div>","protected":false},"excerpt":{"rendered":"\n\t\t\t\t<div class=\"mr_social_sharing_wrapper\">\n\t\t\t\t<!-- Social Sharing Toolkit v2.2 --><span class=\"mr_social_sharing_top\"><span style=\"display: inline-block; width: 55px; height: 62px; overflow: hidden;\"><div class=\"fb-like\" data-href=\"https:\/\/www.blogdopilako.com.br\/wp\/2024\/02\/29\/o-tempo-voa-documento-foi-sempre-assim-3\/\" data-send=\"false\" data-layout=\"box_count\" data-width=\"55\" data-show-faces=\"false\"><\/div><\/span><\/span><span class=\"mr_social_sharing_top\"><fb:share-button type=\"box_count\" href=\"https:\/\/www.blogdopilako.com.br\/wp\/2024\/02\/29\/o-tempo-voa-documento-foi-sempre-assim-3\/\"><\/fb:share-button><\/span><span class=\"mr_social_sharing\"><a rel=\"nofollow\" class=\"linksalpha_button linksalpha_link\" href=\"\/\/www.linksalpha.com\/social\/mobile\" data-url=\"https:\/\/www.blogdopilako.com.br\/wp\/2024\/02\/29\/o-tempo-voa-documento-foi-sempre-assim-3\/\" data-text=\"O Tempo Voa Documento: foi sempre assim\u2026\" data-desc=\"Revirando nossos\u00a0 arquivos encontramos\u00a0 um \u201cdesabafo\u201d do senhor\u00a0Luis Nascimento,\u00a0em artigo escrito para a\u00a0Revista do Instituto Hist\u00f3rico, em fun\u00e7\u00e3o\u00a0\u00a0das comemora\u00e7\u00f5es do centen\u00e1rio da imprensa na nossa cidade (1866 \u2013 1966),\u00a0 que bem\u00a0 reflete o sentimento daqueles que fizeram e\" data-image=\"\" data-button=\"none\">\n\t\t\t\t\t<img src=\"\/\/www.linksalpha.com\/images\/social_share_button.png\" alt=\"Share\" class=\"linksalpha_image\" \/>\n\t\t\t\t\t<\/a><script type=\"text\/javascript\" src=\"\/\/www.linksalpha.com\/scripts\/loader_iconbox.js?v=2.4\"><\/script><\/span><\/div><p>Revirando nossos\u00a0 arquivos encontramos\u00a0 um \u201cdesabafo\u201d do senhor\u00a0Luis Nascimento,\u00a0em artigo escrito para a\u00a0Revista do Instituto Hist\u00f3rico, em fun\u00e7\u00e3o\u00a0\u00a0das comemora\u00e7\u00f5es do centen\u00e1rio da imprensa na nossa cidade (1866 \u2013 1966),\u00a0 que bem\u00a0 reflete o sentimento daqueles que fizeram e que continuam &hellip; <a href=\"https:\/\/www.blogdopilako.com.br\/wp\/2024\/02\/29\/o-tempo-voa-documento-foi-sempre-assim-3\/\">Continue lendo <span class=\"meta-nav\">&rarr;<\/span><\/a><\/p>\n\n\t\t\t\t<div class=\"mr_social_sharing_wrapper\">\n\t\t\t\t<!-- Social Sharing Toolkit v2.2 --><span class=\"mr_social_sharing_top\"><span style=\"display: inline-block; width: 55px; height: 62px; overflow: hidden;\"><div class=\"fb-like\" data-href=\"https:\/\/www.blogdopilako.com.br\/wp\/2024\/02\/29\/o-tempo-voa-documento-foi-sempre-assim-3\/\" data-send=\"false\" data-layout=\"box_count\" data-width=\"55\" data-show-faces=\"false\"><\/div><\/span><\/span><span class=\"mr_social_sharing_top\"><fb:share-button type=\"box_count\" href=\"https:\/\/www.blogdopilako.com.br\/wp\/2024\/02\/29\/o-tempo-voa-documento-foi-sempre-assim-3\/\"><\/fb:share-button><\/span><span class=\"mr_social_sharing\"><a rel=\"nofollow\" class=\"linksalpha_button linksalpha_link\" href=\"\/\/www.linksalpha.com\/social\/mobile\" data-url=\"https:\/\/www.blogdopilako.com.br\/wp\/2024\/02\/29\/o-tempo-voa-documento-foi-sempre-assim-3\/\" data-text=\"O Tempo Voa Documento: foi sempre assim\u2026\" data-desc=\"Revirando nossos\u00a0 arquivos encontramos\u00a0 um \u201cdesabafo\u201d do senhor\u00a0Luis Nascimento,\u00a0em artigo escrito para a\u00a0Revista do Instituto Hist\u00f3rico, em fun\u00e7\u00e3o\u00a0\u00a0das comemora\u00e7\u00f5es do centen\u00e1rio da imprensa na nossa cidade (1866 \u2013 1966),\u00a0 que bem\u00a0 reflete o sentimento daqueles que fizeram e\" data-image=\"\" data-button=\"none\">\n\t\t\t\t\t<img src=\"\/\/www.linksalpha.com\/images\/social_share_button.png\" alt=\"Share\" class=\"linksalpha_image\" \/>\n\t\t\t\t\t<\/a><script type=\"text\/javascript\" src=\"\/\/www.linksalpha.com\/scripts\/loader_iconbox.js?v=2.4\"><\/script><\/span><\/div>","protected":false},"author":2,"featured_media":0,"comment_status":"open","ping_status":"open","sticky":false,"template":"","format":"standard","meta":[],"categories":[115],"tags":[],"_links":{"self":[{"href":"https:\/\/www.blogdopilako.com.br\/wp\/wp-json\/wp\/v2\/posts\/143748"}],"collection":[{"href":"https:\/\/www.blogdopilako.com.br\/wp\/wp-json\/wp\/v2\/posts"}],"about":[{"href":"https:\/\/www.blogdopilako.com.br\/wp\/wp-json\/wp\/v2\/types\/post"}],"author":[{"embeddable":true,"href":"https:\/\/www.blogdopilako.com.br\/wp\/wp-json\/wp\/v2\/users\/2"}],"replies":[{"embeddable":true,"href":"https:\/\/www.blogdopilako.com.br\/wp\/wp-json\/wp\/v2\/comments?post=143748"}],"version-history":[{"count":1,"href":"https:\/\/www.blogdopilako.com.br\/wp\/wp-json\/wp\/v2\/posts\/143748\/revisions"}],"predecessor-version":[{"id":143751,"href":"https:\/\/www.blogdopilako.com.br\/wp\/wp-json\/wp\/v2\/posts\/143748\/revisions\/143751"}],"wp:attachment":[{"href":"https:\/\/www.blogdopilako.com.br\/wp\/wp-json\/wp\/v2\/media?parent=143748"}],"wp:term":[{"taxonomy":"category","embeddable":true,"href":"https:\/\/www.blogdopilako.com.br\/wp\/wp-json\/wp\/v2\/categories?post=143748"},{"taxonomy":"post_tag","embeddable":true,"href":"https:\/\/www.blogdopilako.com.br\/wp\/wp-json\/wp\/v2\/tags?post=143748"}],"curies":[{"name":"wp","href":"https:\/\/api.w.org\/{rel}","templated":true}]}}