{"id":143297,"date":"2024-01-19T10:05:36","date_gmt":"2024-01-19T13:05:36","guid":{"rendered":"http:\/\/www.blogdopilako.com.br\/wp\/?p=143297"},"modified":"2024-01-19T10:05:36","modified_gmt":"2024-01-19T13:05:36","slug":"uma-definicao-de-mim-por-sosigenes-bittencourt-3","status":"publish","type":"post","link":"https:\/\/www.blogdopilako.com.br\/wp\/2024\/01\/19\/uma-definicao-de-mim-por-sosigenes-bittencourt-3\/","title":{"rendered":"UMA DEFINI\u00c7\u00c3O DE MIM &#8211; por Sos\u00edgenes Bittencourt."},"content":{"rendered":"\n\t\t\t\t<div class=\"mr_social_sharing_wrapper\">\n\t\t\t\t<!-- Social Sharing Toolkit v2.2 --><span class=\"mr_social_sharing_top\"><span style=\"display: inline-block; width: 55px; height: 62px; overflow: hidden;\"><div class=\"fb-like\" data-href=\"https:\/\/www.blogdopilako.com.br\/wp\/2024\/01\/19\/uma-definicao-de-mim-por-sosigenes-bittencourt-3\/\" data-send=\"false\" data-layout=\"box_count\" data-width=\"55\" data-show-faces=\"false\"><\/div><\/span><\/span><span class=\"mr_social_sharing_top\"><fb:share-button type=\"box_count\" href=\"https:\/\/www.blogdopilako.com.br\/wp\/2024\/01\/19\/uma-definicao-de-mim-por-sosigenes-bittencourt-3\/\"><\/fb:share-button><\/span><span class=\"mr_social_sharing\"><a rel=\"nofollow\" class=\"linksalpha_button linksalpha_link\" href=\"\/\/www.linksalpha.com\/social\/mobile\" data-url=\"https:\/\/www.blogdopilako.com.br\/wp\/2024\/01\/19\/uma-definicao-de-mim-por-sosigenes-bittencourt-3\/\" data-text=\"UMA DEFINI\u00c7\u00c3O DE MIM \u2013 por Sos\u00edgenes Bittencourt.\" data-desc=\"Uma das melhores defini\u00e7\u00f5es de mim n\u00e3o \u00e9 minha, \u00e9 do escritor e pensador ingl\u00eas Chesterton: O homem S\u00c3O \u00e9 aquele que tem a trag\u00e9dia em seu cora\u00e7\u00e3o e a com\u00e9dia em sua cabe\u00e7a. Mas, explicou: A com\u00e9dia do homem sobrevive \u00e0 sua trag\u00e9dia. Chesterton tamb\u00e9m dizia: O que amargura o mundo\" data-image=\"http:\/\/www.blogdopilako.com.br\/wp\/wp-content\/uploads\/2024\/01\/download-1.jpg\" data-button=\"none\">\n\t\t\t\t\t<img src=\"\/\/www.linksalpha.com\/images\/social_share_button.png\" alt=\"Share\" class=\"linksalpha_image\" \/>\n\t\t\t\t\t<\/a><script type=\"text\/javascript\" src=\"\/\/www.linksalpha.com\/scripts\/loader_iconbox.js?v=2.4\"><\/script><\/span><\/div><p><img loading=\"lazy\" class=\"size-full wp-image-143298 alignright\" src=\"http:\/\/www.blogdopilako.com.br\/wp\/wp-content\/uploads\/2024\/01\/download-1.jpg\" alt=\"\" width=\"245\" height=\"182\" \/><\/p>\n<p style=\"text-align: justify;\">Uma das melhores defini\u00e7\u00f5es de mim n\u00e3o \u00e9 minha, \u00e9 do escritor e pensador ingl\u00eas Chesterton: O homem S\u00c3O \u00e9 aquele que tem a trag\u00e9dia em seu cora\u00e7\u00e3o e a com\u00e9dia em sua cabe\u00e7a. Mas, explicou: A com\u00e9dia do homem sobrevive \u00e0 sua trag\u00e9dia. Chesterton tamb\u00e9m dizia: O que amargura o mundo n\u00e3o \u00e9 excesso de cr\u00edtica, mas a aus\u00eancia de autocr\u00edtica.<\/p>\n<p style=\"text-align: justify;\">Quer dizer, a cr\u00edtica est\u00e1 presente no cora\u00e7\u00e3o do homem, mas, quanto a sua autocr\u00edtica, olha-se no espelho, sorri e faz piada. O homem \u00e9 condescendente com os seus erros e atroz com os erros alheios, por isso julga mal.<\/p>\n<p style=\"text-align: justify;\"><strong>Sos\u00edgenes Bittencourt<\/strong><\/p>\n<p><img loading=\"lazy\" class=\"alignnone wp-image-143299 size-large\" src=\"http:\/\/www.blogdopilako.com.br\/wp\/wp-content\/uploads\/2024\/01\/Pix-arte-final-2-32-1024x401.png\" alt=\"\" width=\"584\" height=\"229\" srcset=\"https:\/\/www.blogdopilako.com.br\/wp\/wp-content\/uploads\/2024\/01\/Pix-arte-final-2-32-1024x401.png 1024w, https:\/\/www.blogdopilako.com.br\/wp\/wp-content\/uploads\/2024\/01\/Pix-arte-final-2-32-300x117.png 300w, https:\/\/www.blogdopilako.com.br\/wp\/wp-content\/uploads\/2024\/01\/Pix-arte-final-2-32-768x301.png 768w, https:\/\/www.blogdopilako.com.br\/wp\/wp-content\/uploads\/2024\/01\/Pix-arte-final-2-32-1536x601.png 1536w, https:\/\/www.blogdopilako.com.br\/wp\/wp-content\/uploads\/2024\/01\/Pix-arte-final-2-32-2048x802.png 2048w, https:\/\/www.blogdopilako.com.br\/wp\/wp-content\/uploads\/2024\/01\/Pix-arte-final-2-32-500x196.png 500w\" sizes=\"(max-width: 584px) 100vw, 584px\" \/><\/p>\n<p>&nbsp;<\/p>\n\n\t\t\t\t<div class=\"mr_social_sharing_wrapper\">\n\t\t\t\t<!-- Social Sharing Toolkit v2.2 --><span class=\"mr_social_sharing_top\"><span style=\"display: inline-block; width: 55px; height: 62px; overflow: hidden;\"><div class=\"fb-like\" data-href=\"https:\/\/www.blogdopilako.com.br\/wp\/2024\/01\/19\/uma-definicao-de-mim-por-sosigenes-bittencourt-3\/\" data-send=\"false\" data-layout=\"box_count\" data-width=\"55\" data-show-faces=\"false\"><\/div><\/span><\/span><span class=\"mr_social_sharing_top\"><fb:share-button type=\"box_count\" href=\"https:\/\/www.blogdopilako.com.br\/wp\/2024\/01\/19\/uma-definicao-de-mim-por-sosigenes-bittencourt-3\/\"><\/fb:share-button><\/span><span class=\"mr_social_sharing\"><a rel=\"nofollow\" class=\"linksalpha_button linksalpha_link\" href=\"\/\/www.linksalpha.com\/social\/mobile\" data-url=\"https:\/\/www.blogdopilako.com.br\/wp\/2024\/01\/19\/uma-definicao-de-mim-por-sosigenes-bittencourt-3\/\" data-text=\"UMA DEFINI\u00c7\u00c3O DE MIM \u2013 por Sos\u00edgenes Bittencourt.\" data-desc=\"Uma das melhores defini\u00e7\u00f5es de mim n\u00e3o \u00e9 minha, \u00e9 do escritor e pensador ingl\u00eas Chesterton: O homem S\u00c3O \u00e9 aquele que tem a trag\u00e9dia em seu cora\u00e7\u00e3o e a com\u00e9dia em sua cabe\u00e7a. Mas, explicou: A com\u00e9dia do homem sobrevive \u00e0 sua trag\u00e9dia. Chesterton tamb\u00e9m dizia: O que amargura o mundo\" data-image=\"http:\/\/www.blogdopilako.com.br\/wp\/wp-content\/uploads\/2024\/01\/download-1.jpg\" data-button=\"none\">\n\t\t\t\t\t<img src=\"\/\/www.linksalpha.com\/images\/social_share_button.png\" alt=\"Share\" class=\"linksalpha_image\" \/>\n\t\t\t\t\t<\/a><script type=\"text\/javascript\" src=\"\/\/www.linksalpha.com\/scripts\/loader_iconbox.js?v=2.4\"><\/script><\/span><\/div>","protected":false},"excerpt":{"rendered":"\n\t\t\t\t<div class=\"mr_social_sharing_wrapper\">\n\t\t\t\t<!-- Social Sharing Toolkit v2.2 --><span class=\"mr_social_sharing_top\"><span style=\"display: inline-block; width: 55px; height: 62px; overflow: hidden;\"><div class=\"fb-like\" data-href=\"https:\/\/www.blogdopilako.com.br\/wp\/2024\/01\/19\/uma-definicao-de-mim-por-sosigenes-bittencourt-3\/\" data-send=\"false\" data-layout=\"box_count\" data-width=\"55\" data-show-faces=\"false\"><\/div><\/span><\/span><span class=\"mr_social_sharing_top\"><fb:share-button type=\"box_count\" href=\"https:\/\/www.blogdopilako.com.br\/wp\/2024\/01\/19\/uma-definicao-de-mim-por-sosigenes-bittencourt-3\/\"><\/fb:share-button><\/span><span class=\"mr_social_sharing\"><a rel=\"nofollow\" class=\"linksalpha_button linksalpha_link\" href=\"\/\/www.linksalpha.com\/social\/mobile\" data-url=\"https:\/\/www.blogdopilako.com.br\/wp\/2024\/01\/19\/uma-definicao-de-mim-por-sosigenes-bittencourt-3\/\" data-text=\"UMA DEFINI\u00c7\u00c3O DE MIM \u2013 por Sos\u00edgenes Bittencourt.\" data-desc=\"Uma das melhores defini\u00e7\u00f5es de mim n\u00e3o \u00e9 minha, \u00e9 do escritor e pensador ingl\u00eas Chesterton: O homem S\u00c3O \u00e9 aquele que tem a trag\u00e9dia em seu cora\u00e7\u00e3o e a com\u00e9dia em sua cabe\u00e7a. Mas, explicou: A com\u00e9dia do homem sobrevive \u00e0 sua trag\u00e9dia. Chesterton tamb\u00e9m dizia: O que amargura o mundo\" data-image=\"\" data-button=\"none\">\n\t\t\t\t\t<img src=\"\/\/www.linksalpha.com\/images\/social_share_button.png\" alt=\"Share\" class=\"linksalpha_image\" \/>\n\t\t\t\t\t<\/a><script type=\"text\/javascript\" src=\"\/\/www.linksalpha.com\/scripts\/loader_iconbox.js?v=2.4\"><\/script><\/span><\/div><p>Uma das melhores defini\u00e7\u00f5es de mim n\u00e3o \u00e9 minha, \u00e9 do escritor e pensador ingl\u00eas Chesterton: O homem S\u00c3O \u00e9 aquele que tem a trag\u00e9dia em seu cora\u00e7\u00e3o e a com\u00e9dia em sua cabe\u00e7a. Mas, explicou: A com\u00e9dia do homem &hellip; <a href=\"https:\/\/www.blogdopilako.com.br\/wp\/2024\/01\/19\/uma-definicao-de-mim-por-sosigenes-bittencourt-3\/\">Continue lendo <span class=\"meta-nav\">&rarr;<\/span><\/a><\/p>\n\n\t\t\t\t<div class=\"mr_social_sharing_wrapper\">\n\t\t\t\t<!-- Social Sharing Toolkit v2.2 --><span class=\"mr_social_sharing_top\"><span style=\"display: inline-block; width: 55px; height: 62px; overflow: hidden;\"><div class=\"fb-like\" data-href=\"https:\/\/www.blogdopilako.com.br\/wp\/2024\/01\/19\/uma-definicao-de-mim-por-sosigenes-bittencourt-3\/\" data-send=\"false\" data-layout=\"box_count\" data-width=\"55\" data-show-faces=\"false\"><\/div><\/span><\/span><span class=\"mr_social_sharing_top\"><fb:share-button type=\"box_count\" href=\"https:\/\/www.blogdopilako.com.br\/wp\/2024\/01\/19\/uma-definicao-de-mim-por-sosigenes-bittencourt-3\/\"><\/fb:share-button><\/span><span class=\"mr_social_sharing\"><a rel=\"nofollow\" class=\"linksalpha_button linksalpha_link\" href=\"\/\/www.linksalpha.com\/social\/mobile\" data-url=\"https:\/\/www.blogdopilako.com.br\/wp\/2024\/01\/19\/uma-definicao-de-mim-por-sosigenes-bittencourt-3\/\" data-text=\"UMA DEFINI\u00c7\u00c3O DE MIM \u2013 por Sos\u00edgenes Bittencourt.\" data-desc=\"Uma das melhores defini\u00e7\u00f5es de mim n\u00e3o \u00e9 minha, \u00e9 do escritor e pensador ingl\u00eas Chesterton: O homem S\u00c3O \u00e9 aquele que tem a trag\u00e9dia em seu cora\u00e7\u00e3o e a com\u00e9dia em sua cabe\u00e7a. Mas, explicou: A com\u00e9dia do homem sobrevive \u00e0 sua trag\u00e9dia. Chesterton tamb\u00e9m dizia: O que amargura o mundo\" data-image=\"\" data-button=\"none\">\n\t\t\t\t\t<img src=\"\/\/www.linksalpha.com\/images\/social_share_button.png\" alt=\"Share\" class=\"linksalpha_image\" \/>\n\t\t\t\t\t<\/a><script type=\"text\/javascript\" src=\"\/\/www.linksalpha.com\/scripts\/loader_iconbox.js?v=2.4\"><\/script><\/span><\/div>","protected":false},"author":2,"featured_media":0,"comment_status":"open","ping_status":"open","sticky":false,"template":"","format":"standard","meta":[],"categories":[20],"tags":[],"_links":{"self":[{"href":"https:\/\/www.blogdopilako.com.br\/wp\/wp-json\/wp\/v2\/posts\/143297"}],"collection":[{"href":"https:\/\/www.blogdopilako.com.br\/wp\/wp-json\/wp\/v2\/posts"}],"about":[{"href":"https:\/\/www.blogdopilako.com.br\/wp\/wp-json\/wp\/v2\/types\/post"}],"author":[{"embeddable":true,"href":"https:\/\/www.blogdopilako.com.br\/wp\/wp-json\/wp\/v2\/users\/2"}],"replies":[{"embeddable":true,"href":"https:\/\/www.blogdopilako.com.br\/wp\/wp-json\/wp\/v2\/comments?post=143297"}],"version-history":[{"count":1,"href":"https:\/\/www.blogdopilako.com.br\/wp\/wp-json\/wp\/v2\/posts\/143297\/revisions"}],"predecessor-version":[{"id":143300,"href":"https:\/\/www.blogdopilako.com.br\/wp\/wp-json\/wp\/v2\/posts\/143297\/revisions\/143300"}],"wp:attachment":[{"href":"https:\/\/www.blogdopilako.com.br\/wp\/wp-json\/wp\/v2\/media?parent=143297"}],"wp:term":[{"taxonomy":"category","embeddable":true,"href":"https:\/\/www.blogdopilako.com.br\/wp\/wp-json\/wp\/v2\/categories?post=143297"},{"taxonomy":"post_tag","embeddable":true,"href":"https:\/\/www.blogdopilako.com.br\/wp\/wp-json\/wp\/v2\/tags?post=143297"}],"curies":[{"name":"wp","href":"https:\/\/api.w.org\/{rel}","templated":true}]}}