{"id":142718,"date":"2023-11-23T10:03:57","date_gmt":"2023-11-23T13:03:57","guid":{"rendered":"http:\/\/www.blogdopilako.com.br\/wp\/?p=142718"},"modified":"2023-11-23T11:34:57","modified_gmt":"2023-11-23T14:34:57","slug":"11a-edicao-da-feijoada-da-abtv-acontecera-no-dia-13-de-janeiro","status":"publish","type":"post","link":"https:\/\/www.blogdopilako.com.br\/wp\/2023\/11\/23\/11a-edicao-da-feijoada-da-abtv-acontecera-no-dia-13-de-janeiro\/","title":{"rendered":"11\u00aa Edi\u00e7\u00e3o da Feijoada da ABTV acontecer\u00e1 no dia 13 de janeiro."},"content":{"rendered":"\n\t\t\t\t<div class=\"mr_social_sharing_wrapper\">\n\t\t\t\t<!-- Social Sharing Toolkit v2.2 --><span class=\"mr_social_sharing_top\"><span style=\"display: inline-block; width: 55px; height: 62px; overflow: hidden;\"><div class=\"fb-like\" data-href=\"https:\/\/www.blogdopilako.com.br\/wp\/2023\/11\/23\/11a-edicao-da-feijoada-da-abtv-acontecera-no-dia-13-de-janeiro\/\" data-send=\"false\" data-layout=\"box_count\" data-width=\"55\" data-show-faces=\"false\"><\/div><\/span><\/span><span class=\"mr_social_sharing_top\"><fb:share-button type=\"box_count\" href=\"https:\/\/www.blogdopilako.com.br\/wp\/2023\/11\/23\/11a-edicao-da-feijoada-da-abtv-acontecera-no-dia-13-de-janeiro\/\"><\/fb:share-button><\/span><span class=\"mr_social_sharing\"><a rel=\"nofollow\" class=\"linksalpha_button linksalpha_link\" href=\"\/\/www.linksalpha.com\/social\/mobile\" data-url=\"https:\/\/www.blogdopilako.com.br\/wp\/2023\/11\/23\/11a-edicao-da-feijoada-da-abtv-acontecera-no-dia-13-de-janeiro\/\" data-text=\"11\u00aa Edi\u00e7\u00e3o da Feijoada da ABTV acontecer\u00e1 no dia 13 de janeiro.\" data-desc=\"Em\u00a0 planejamento para o Carnaval 2024 e j\u00e1 cravando \u00a0no \u201cseu calend\u00e1rio\u201d o dia 13 de janeiro (2\u00aa s\u00e1bado de 2024) \u00e0 realiza\u00e7\u00e3o da 11\u00aa edi\u00e7\u00e3o da \u201cFeijoada da ABTV\u201d, a entidade j\u00e1 definiu o cronograma de homenagens que sempre acontecem\u00a0 nesse j\u00e1 tradicional evento carnavalesco\" data-image=\"http:\/\/www.blogdopilako.com.br\/wp\/wp-content\/uploads\/2023\/11\/R.png\" data-button=\"none\">\n\t\t\t\t\t<img src=\"\/\/www.linksalpha.com\/images\/social_share_button.png\" alt=\"Share\" class=\"linksalpha_image\" \/>\n\t\t\t\t\t<\/a><script type=\"text\/javascript\" src=\"\/\/www.linksalpha.com\/scripts\/loader_iconbox.js?v=2.4\"><\/script><\/span><\/div><p><img loading=\"lazy\" class=\"aligncenter wp-image-142719 size-full\" src=\"http:\/\/www.blogdopilako.com.br\/wp\/wp-content\/uploads\/2023\/11\/R.png\" alt=\"\" width=\"1181\" height=\"605\" srcset=\"https:\/\/www.blogdopilako.com.br\/wp\/wp-content\/uploads\/2023\/11\/R.png 1181w, https:\/\/www.blogdopilako.com.br\/wp\/wp-content\/uploads\/2023\/11\/R-300x154.png 300w, https:\/\/www.blogdopilako.com.br\/wp\/wp-content\/uploads\/2023\/11\/R-1024x525.png 1024w, https:\/\/www.blogdopilako.com.br\/wp\/wp-content\/uploads\/2023\/11\/R-768x393.png 768w, https:\/\/www.blogdopilako.com.br\/wp\/wp-content\/uploads\/2023\/11\/R-500x256.png 500w\" sizes=\"(max-width: 1181px) 100vw, 1181px\" \/><\/p>\n<p style=\"text-align: justify;\">Em\u00a0 planejamento para o Carnaval 2024 e j\u00e1 cravando \u00a0no \u201cseu calend\u00e1rio\u201d <strong>o dia 13 de janeiro (2\u00aa s\u00e1bado de 2024) \u00e0 realiza\u00e7\u00e3o da 11\u00aa edi\u00e7\u00e3o da \u201cFeijoada da ABTV\u201d<\/strong>, a entidade j\u00e1 definiu o cronograma de homenagens que sempre acontecem\u00a0 nesse j\u00e1 tradicional evento carnavalesco da nossa cidade.<\/p>\n<p style=\"text-align: justify;\">Em fun\u00e7\u00e3o da passagem do centen\u00e1rio das Agremia\u00e7\u00f5es <strong>\u201cTaboquinhas\u201d e \u201cUrso Branco\u201d,<\/strong> como tamb\u00e9m do <strong>meio s\u00e9culo de folia do \u201cCoelho\u201d,\u00a0<\/strong> a entidade ir\u00e1 destacar esse momento hist\u00f3rico para o carnaval antonese. J\u00e1 na categoria \u201chomenagem p\u00f3stuma\u201d, \u00a0dois nomes ser\u00e3o reverenciados.<\/p>\n<div id=\"attachment_142720\" style=\"width: 936px\" class=\"wp-caption alignnone\"><img aria-describedby=\"caption-attachment-142720\" loading=\"lazy\" class=\"wp-image-142720 size-full\" src=\"http:\/\/www.blogdopilako.com.br\/wp\/wp-content\/uploads\/2023\/11\/74c216a6-f9ec-4e6a-88ae-11d53886ebd5.jpg\" alt=\"\" width=\"926\" height=\"671\" srcset=\"https:\/\/www.blogdopilako.com.br\/wp\/wp-content\/uploads\/2023\/11\/74c216a6-f9ec-4e6a-88ae-11d53886ebd5.jpg 926w, https:\/\/www.blogdopilako.com.br\/wp\/wp-content\/uploads\/2023\/11\/74c216a6-f9ec-4e6a-88ae-11d53886ebd5-300x217.jpg 300w, https:\/\/www.blogdopilako.com.br\/wp\/wp-content\/uploads\/2023\/11\/74c216a6-f9ec-4e6a-88ae-11d53886ebd5-768x557.jpg 768w, https:\/\/www.blogdopilako.com.br\/wp\/wp-content\/uploads\/2023\/11\/74c216a6-f9ec-4e6a-88ae-11d53886ebd5-414x300.jpg 414w\" sizes=\"(max-width: 926px) 100vw, 926px\" \/><p id=\"caption-attachment-142720\" class=\"wp-caption-text\">Carlos Freire &#8211; Carnaval 2023 &#8211; Arquivo Blog do Pilako.<\/p><\/div>\n<p style=\"text-align: justify;\"><strong>O sempre animado Carlos Freire<\/strong>, presente em todos os movimentos momescos da nossa cidade, inclusive em praticamente todas as edi\u00e7\u00f5es da \u201cFeijoada da ABTV\u201d, ter\u00e1 seu nome lembrado na categoria \u00a0\u201cFoli\u00e3o\u201d.<\/p>\n<p style=\"text-align: justify;\"><strong>J\u00e1 o artista \u201cToinho do Ateli\u00ea\u201d,<\/strong> que na 4\u00aa edi\u00e7\u00e3o do referido evento, \u00a0ocorrida em 2015, recebeu o reconhecimento pelos seus relevantes servi\u00e7os ao nosso carnaval, ter\u00e1 seu nome eternizado na galeria dos grandes alegoristas do nosso secular carnaval.<\/p>\n<p><iframe loading=\"lazy\" title=\"Blog do Pilako: Toinho do Atelier\" width=\"584\" height=\"329\" src=\"https:\/\/www.youtube.com\/embed\/ooag6LhCvIA?feature=oembed\" frameborder=\"0\" allow=\"accelerometer; autoplay; clipboard-write; encrypted-media; gyroscope; picture-in-picture; web-share\" allowfullscreen><\/iframe><\/p>\n<p style=\"text-align: justify;\"><strong>Portanto, aos que brindam os festejos carnavalescos, recomendo agendar a data &#8211; 13 de janeiro &#8211;\u00a0 da 11\u00aa Edi\u00e7\u00e3o da Feijoada da ABTV que, mais uma vez, acontecer\u00e1 no Restaurante Gamela de Ouro e contar\u00e1 com o incondicional apoio do Engarrafamento Pit\u00fa.<\/strong><\/p>\n<p><img loading=\"lazy\" class=\"alignnone wp-image-142721 size-large\" src=\"http:\/\/www.blogdopilako.com.br\/wp\/wp-content\/uploads\/2023\/11\/Pix-arte-final-2-35-1024x401.png\" alt=\"\" width=\"584\" height=\"229\" srcset=\"https:\/\/www.blogdopilako.com.br\/wp\/wp-content\/uploads\/2023\/11\/Pix-arte-final-2-35-1024x401.png 1024w, https:\/\/www.blogdopilako.com.br\/wp\/wp-content\/uploads\/2023\/11\/Pix-arte-final-2-35-300x117.png 300w, https:\/\/www.blogdopilako.com.br\/wp\/wp-content\/uploads\/2023\/11\/Pix-arte-final-2-35-768x301.png 768w, https:\/\/www.blogdopilako.com.br\/wp\/wp-content\/uploads\/2023\/11\/Pix-arte-final-2-35-1536x601.png 1536w, https:\/\/www.blogdopilako.com.br\/wp\/wp-content\/uploads\/2023\/11\/Pix-arte-final-2-35-2048x802.png 2048w, https:\/\/www.blogdopilako.com.br\/wp\/wp-content\/uploads\/2023\/11\/Pix-arte-final-2-35-500x196.png 500w\" sizes=\"(max-width: 584px) 100vw, 584px\" \/><\/p>\n\n\t\t\t\t<div class=\"mr_social_sharing_wrapper\">\n\t\t\t\t<!-- Social Sharing Toolkit v2.2 --><span class=\"mr_social_sharing_top\"><span style=\"display: inline-block; width: 55px; height: 62px; overflow: hidden;\"><div class=\"fb-like\" data-href=\"https:\/\/www.blogdopilako.com.br\/wp\/2023\/11\/23\/11a-edicao-da-feijoada-da-abtv-acontecera-no-dia-13-de-janeiro\/\" data-send=\"false\" data-layout=\"box_count\" data-width=\"55\" data-show-faces=\"false\"><\/div><\/span><\/span><span class=\"mr_social_sharing_top\"><fb:share-button type=\"box_count\" href=\"https:\/\/www.blogdopilako.com.br\/wp\/2023\/11\/23\/11a-edicao-da-feijoada-da-abtv-acontecera-no-dia-13-de-janeiro\/\"><\/fb:share-button><\/span><span class=\"mr_social_sharing\"><a rel=\"nofollow\" class=\"linksalpha_button linksalpha_link\" href=\"\/\/www.linksalpha.com\/social\/mobile\" data-url=\"https:\/\/www.blogdopilako.com.br\/wp\/2023\/11\/23\/11a-edicao-da-feijoada-da-abtv-acontecera-no-dia-13-de-janeiro\/\" data-text=\"11\u00aa Edi\u00e7\u00e3o da Feijoada da ABTV acontecer\u00e1 no dia 13 de janeiro.\" data-desc=\"Em\u00a0 planejamento para o Carnaval 2024 e j\u00e1 cravando \u00a0no \u201cseu calend\u00e1rio\u201d o dia 13 de janeiro (2\u00aa s\u00e1bado de 2024) \u00e0 realiza\u00e7\u00e3o da 11\u00aa edi\u00e7\u00e3o da \u201cFeijoada da ABTV\u201d, a entidade j\u00e1 definiu o cronograma de homenagens que sempre acontecem\u00a0 nesse j\u00e1 tradicional evento carnavalesco\" data-image=\"http:\/\/www.blogdopilako.com.br\/wp\/wp-content\/uploads\/2023\/11\/R.png\" data-button=\"none\">\n\t\t\t\t\t<img src=\"\/\/www.linksalpha.com\/images\/social_share_button.png\" alt=\"Share\" class=\"linksalpha_image\" \/>\n\t\t\t\t\t<\/a><script type=\"text\/javascript\" src=\"\/\/www.linksalpha.com\/scripts\/loader_iconbox.js?v=2.4\"><\/script><\/span><\/div>","protected":false},"excerpt":{"rendered":"\n\t\t\t\t<div class=\"mr_social_sharing_wrapper\">\n\t\t\t\t<!-- Social Sharing Toolkit v2.2 --><span class=\"mr_social_sharing_top\"><span style=\"display: inline-block; width: 55px; height: 62px; overflow: hidden;\"><div class=\"fb-like\" data-href=\"https:\/\/www.blogdopilako.com.br\/wp\/2023\/11\/23\/11a-edicao-da-feijoada-da-abtv-acontecera-no-dia-13-de-janeiro\/\" data-send=\"false\" data-layout=\"box_count\" data-width=\"55\" data-show-faces=\"false\"><\/div><\/span><\/span><span class=\"mr_social_sharing_top\"><fb:share-button type=\"box_count\" href=\"https:\/\/www.blogdopilako.com.br\/wp\/2023\/11\/23\/11a-edicao-da-feijoada-da-abtv-acontecera-no-dia-13-de-janeiro\/\"><\/fb:share-button><\/span><span class=\"mr_social_sharing\"><a rel=\"nofollow\" class=\"linksalpha_button linksalpha_link\" href=\"\/\/www.linksalpha.com\/social\/mobile\" data-url=\"https:\/\/www.blogdopilako.com.br\/wp\/2023\/11\/23\/11a-edicao-da-feijoada-da-abtv-acontecera-no-dia-13-de-janeiro\/\" data-text=\"11\u00aa Edi\u00e7\u00e3o da Feijoada da ABTV acontecer\u00e1 no dia 13 de janeiro.\" data-desc=\"Em\u00a0 planejamento para o Carnaval 2024 e j\u00e1 cravando \u00a0no \u201cseu calend\u00e1rio\u201d o dia 13 de janeiro (2\u00aa s\u00e1bado de 2024) \u00e0 realiza\u00e7\u00e3o da 11\u00aa edi\u00e7\u00e3o da \u201cFeijoada da ABTV\u201d, a entidade j\u00e1 definiu o cronograma de homenagens que sempre acontecem\u00a0 nesse j\u00e1 tradicional evento carnavalesco\" data-image=\"\" data-button=\"none\">\n\t\t\t\t\t<img src=\"\/\/www.linksalpha.com\/images\/social_share_button.png\" alt=\"Share\" class=\"linksalpha_image\" \/>\n\t\t\t\t\t<\/a><script type=\"text\/javascript\" src=\"\/\/www.linksalpha.com\/scripts\/loader_iconbox.js?v=2.4\"><\/script><\/span><\/div><p>Em\u00a0 planejamento para o Carnaval 2024 e j\u00e1 cravando \u00a0no \u201cseu calend\u00e1rio\u201d o dia 13 de janeiro (2\u00aa s\u00e1bado de 2024) \u00e0 realiza\u00e7\u00e3o da 11\u00aa edi\u00e7\u00e3o da \u201cFeijoada da ABTV\u201d, a entidade j\u00e1 definiu o cronograma de homenagens que sempre &hellip; <a href=\"https:\/\/www.blogdopilako.com.br\/wp\/2023\/11\/23\/11a-edicao-da-feijoada-da-abtv-acontecera-no-dia-13-de-janeiro\/\">Continue lendo <span class=\"meta-nav\">&rarr;<\/span><\/a><\/p>\n\n\t\t\t\t<div class=\"mr_social_sharing_wrapper\">\n\t\t\t\t<!-- Social Sharing Toolkit v2.2 --><span class=\"mr_social_sharing_top\"><span style=\"display: inline-block; width: 55px; height: 62px; overflow: hidden;\"><div class=\"fb-like\" data-href=\"https:\/\/www.blogdopilako.com.br\/wp\/2023\/11\/23\/11a-edicao-da-feijoada-da-abtv-acontecera-no-dia-13-de-janeiro\/\" data-send=\"false\" data-layout=\"box_count\" data-width=\"55\" data-show-faces=\"false\"><\/div><\/span><\/span><span class=\"mr_social_sharing_top\"><fb:share-button type=\"box_count\" href=\"https:\/\/www.blogdopilako.com.br\/wp\/2023\/11\/23\/11a-edicao-da-feijoada-da-abtv-acontecera-no-dia-13-de-janeiro\/\"><\/fb:share-button><\/span><span class=\"mr_social_sharing\"><a rel=\"nofollow\" class=\"linksalpha_button linksalpha_link\" href=\"\/\/www.linksalpha.com\/social\/mobile\" data-url=\"https:\/\/www.blogdopilako.com.br\/wp\/2023\/11\/23\/11a-edicao-da-feijoada-da-abtv-acontecera-no-dia-13-de-janeiro\/\" data-text=\"11\u00aa Edi\u00e7\u00e3o da Feijoada da ABTV acontecer\u00e1 no dia 13 de janeiro.\" data-desc=\"Em\u00a0 planejamento para o Carnaval 2024 e j\u00e1 cravando \u00a0no \u201cseu calend\u00e1rio\u201d o dia 13 de janeiro (2\u00aa s\u00e1bado de 2024) \u00e0 realiza\u00e7\u00e3o da 11\u00aa edi\u00e7\u00e3o da \u201cFeijoada da ABTV\u201d, a entidade j\u00e1 definiu o cronograma de homenagens que sempre acontecem\u00a0 nesse j\u00e1 tradicional evento carnavalesco\" data-image=\"\" data-button=\"none\">\n\t\t\t\t\t<img src=\"\/\/www.linksalpha.com\/images\/social_share_button.png\" alt=\"Share\" class=\"linksalpha_image\" \/>\n\t\t\t\t\t<\/a><script type=\"text\/javascript\" src=\"\/\/www.linksalpha.com\/scripts\/loader_iconbox.js?v=2.4\"><\/script><\/span><\/div>","protected":false},"author":2,"featured_media":0,"comment_status":"open","ping_status":"open","sticky":false,"template":"","format":"standard","meta":[],"categories":[21],"tags":[],"_links":{"self":[{"href":"https:\/\/www.blogdopilako.com.br\/wp\/wp-json\/wp\/v2\/posts\/142718"}],"collection":[{"href":"https:\/\/www.blogdopilako.com.br\/wp\/wp-json\/wp\/v2\/posts"}],"about":[{"href":"https:\/\/www.blogdopilako.com.br\/wp\/wp-json\/wp\/v2\/types\/post"}],"author":[{"embeddable":true,"href":"https:\/\/www.blogdopilako.com.br\/wp\/wp-json\/wp\/v2\/users\/2"}],"replies":[{"embeddable":true,"href":"https:\/\/www.blogdopilako.com.br\/wp\/wp-json\/wp\/v2\/comments?post=142718"}],"version-history":[{"count":2,"href":"https:\/\/www.blogdopilako.com.br\/wp\/wp-json\/wp\/v2\/posts\/142718\/revisions"}],"predecessor-version":[{"id":142727,"href":"https:\/\/www.blogdopilako.com.br\/wp\/wp-json\/wp\/v2\/posts\/142718\/revisions\/142727"}],"wp:attachment":[{"href":"https:\/\/www.blogdopilako.com.br\/wp\/wp-json\/wp\/v2\/media?parent=142718"}],"wp:term":[{"taxonomy":"category","embeddable":true,"href":"https:\/\/www.blogdopilako.com.br\/wp\/wp-json\/wp\/v2\/categories?post=142718"},{"taxonomy":"post_tag","embeddable":true,"href":"https:\/\/www.blogdopilako.com.br\/wp\/wp-json\/wp\/v2\/tags?post=142718"}],"curies":[{"name":"wp","href":"https:\/\/api.w.org\/{rel}","templated":true}]}}