{"id":142639,"date":"2023-11-16T09:48:57","date_gmt":"2023-11-16T12:48:57","guid":{"rendered":"http:\/\/www.blogdopilako.com.br\/wp\/?p=142639"},"modified":"2023-11-16T09:49:17","modified_gmt":"2023-11-16T12:49:17","slug":"povos-originarios-que-habitavam-o-brasil-por-historia_em_retalhos","status":"publish","type":"post","link":"https:\/\/www.blogdopilako.com.br\/wp\/2023\/11\/16\/povos-originarios-que-habitavam-o-brasil-por-historia_em_retalhos\/","title":{"rendered":"Povos origin\u00e1rios que habitavam o Brasil &#8211; por @historia_em_retalhos."},"content":{"rendered":"\n\t\t\t\t<div class=\"mr_social_sharing_wrapper\">\n\t\t\t\t<!-- Social Sharing Toolkit v2.2 --><span class=\"mr_social_sharing_top\"><span style=\"display: inline-block; width: 55px; height: 62px; overflow: hidden;\"><div class=\"fb-like\" data-href=\"https:\/\/www.blogdopilako.com.br\/wp\/2023\/11\/16\/povos-originarios-que-habitavam-o-brasil-por-historia_em_retalhos\/\" data-send=\"false\" data-layout=\"box_count\" data-width=\"55\" data-show-faces=\"false\"><\/div><\/span><\/span><span class=\"mr_social_sharing_top\"><fb:share-button type=\"box_count\" href=\"https:\/\/www.blogdopilako.com.br\/wp\/2023\/11\/16\/povos-originarios-que-habitavam-o-brasil-por-historia_em_retalhos\/\"><\/fb:share-button><\/span><span class=\"mr_social_sharing\"><a rel=\"nofollow\" class=\"linksalpha_button linksalpha_link\" href=\"\/\/www.linksalpha.com\/social\/mobile\" data-url=\"https:\/\/www.blogdopilako.com.br\/wp\/2023\/11\/16\/povos-originarios-que-habitavam-o-brasil-por-historia_em_retalhos\/\" data-text=\"Povos origin\u00e1rios que habitavam o Brasil \u2013 por @historia_em_retalhos.\" data-desc=\"Sempre que se fala no aniquilamento dos povos origin\u00e1rios que habitavam o Brasil, \u00e9 intuitivo n\u00f3s pensarmos logo no uso dos armamentos de fogo por parte dos dominadores europeus. O que pouco se comenta, por\u00e9m, \u00e9 que um outro tipo de recurso b\u00e9lico foi largamente utilizado neste processo de\" data-image=\"http:\/\/www.blogdopilako.com.br\/wp\/wp-content\/uploads\/2023\/11\/a07828ba-d46b-4512-90fa-be53464063cf.jpg\" data-button=\"none\">\n\t\t\t\t\t<img src=\"\/\/www.linksalpha.com\/images\/social_share_button.png\" alt=\"Share\" class=\"linksalpha_image\" \/>\n\t\t\t\t\t<\/a><script type=\"text\/javascript\" src=\"\/\/www.linksalpha.com\/scripts\/loader_iconbox.js?v=2.4\"><\/script><\/span><\/div><p><img loading=\"lazy\" class=\"aligncenter wp-image-142641 size-full\" src=\"http:\/\/www.blogdopilako.com.br\/wp\/wp-content\/uploads\/2023\/11\/a07828ba-d46b-4512-90fa-be53464063cf.jpg\" alt=\"\" width=\"640\" height=\"630\" srcset=\"https:\/\/www.blogdopilako.com.br\/wp\/wp-content\/uploads\/2023\/11\/a07828ba-d46b-4512-90fa-be53464063cf.jpg 640w, https:\/\/www.blogdopilako.com.br\/wp\/wp-content\/uploads\/2023\/11\/a07828ba-d46b-4512-90fa-be53464063cf-300x295.jpg 300w, https:\/\/www.blogdopilako.com.br\/wp\/wp-content\/uploads\/2023\/11\/a07828ba-d46b-4512-90fa-be53464063cf-305x300.jpg 305w\" sizes=\"(max-width: 640px) 100vw, 640px\" \/><\/p>\n<p style=\"text-align: justify;\">Sempre que se fala no aniquilamento dos povos origin\u00e1rios que habitavam o Brasil, \u00e9 intuitivo n\u00f3s pensarmos logo no uso dos armamentos de fogo por parte dos dominadores europeus.<\/p>\n<p style=\"text-align: justify;\">O que pouco se comenta, por\u00e9m, \u00e9 que um outro tipo de recurso b\u00e9lico foi largamente utilizado neste processo de domina\u00e7\u00e3o: o uso proposital de doen\u00e7as como armas biol\u00f3gicas.<\/p>\n<p style=\"text-align: justify;\">In\u00fameros s\u00e3o os registros nesse sentido.<\/p>\n<p style=\"text-align: justify;\">Em sua obra &#8220;Os \u00edndios e a civiliza\u00e7\u00e3o&#8221;, Darcy Ribeiro narra que o envenenamento de mananciais de \u00e1gua doce e o abandono de roupas e objetos infectados, em locais em que pudessem ser pegos pelos nativos, foram os principais m\u00e9todos utilizados para inocular doen\u00e7as entre os ind\u00edgenas desde o in\u00edcio da coloniza\u00e7\u00e3o.<\/p>\n<p style=\"text-align: justify;\">E a raz\u00e3o era \u00f3bvia: al\u00e9m da baixa imunidade, os h\u00e1bitos coletivos e a falta de tratamento tornavam a popula\u00e7\u00e3o origin\u00e1ria extremamente vulner\u00e1vel a doen\u00e7as trazidas por estrangeiros.<\/p>\n<p style=\"text-align: justify;\">As mortes eram em massa.<\/p>\n<p style=\"text-align: justify;\">Var\u00edola, sarampo, febre amarela e gripe est\u00e3o entre as raz\u00f5es para o decl\u00ednio das popula\u00e7\u00f5es ind\u00edgenas no territ\u00f3rio nacional.<\/p>\n<p style=\"text-align: justify;\">Darcy cita os seguintes exemplos de infec\u00e7\u00e3o proposital de tribos no Brasil: os timbiras, no Maranh\u00e3o, os botocudos, na regi\u00e3o do vale do Rio Doce, os tupinamb\u00e1 e patax\u00f3, na Bahia, os cinta-larga, em Mato Grosso e Roraima, entre v\u00e1rios outros.<\/p>\n<p style=\"text-align: justify;\">E ainda h\u00e1 quem diga que n\u00e3o houve genoc\u00eddio dos povos origin\u00e1rios neste pa\u00eds&#8230;<\/p>\n<p style=\"text-align: justify;\">A quem interessar, recomendo a obra citada do grande antrop\u00f3logo &#8220;Os \u00edndios e a civiliza\u00e7\u00e3o&#8221;..<\/p>\n<p style=\"text-align: justify;\"><strong>Siga: @historia_em_retalhos<\/strong><\/p>\n<p><a href=\"https:\/\/www.instagram.com\/p\/CzqlBGcutoF\/?igshid=MTc4MmM1YmI2Ng%3D%3D\">https:\/\/www.instagram.com\/p\/CzqlBGcutoF\/?igshid=MTc4MmM1YmI2Ng%3D%3D<\/a><\/p>\n<p><img loading=\"lazy\" class=\"aligncenter wp-image-142640 size-large\" src=\"http:\/\/www.blogdopilako.com.br\/wp\/wp-content\/uploads\/2023\/11\/Pix-arte-final-2-23-1024x401.png\" alt=\"\" width=\"584\" height=\"229\" srcset=\"https:\/\/www.blogdopilako.com.br\/wp\/wp-content\/uploads\/2023\/11\/Pix-arte-final-2-23-1024x401.png 1024w, https:\/\/www.blogdopilako.com.br\/wp\/wp-content\/uploads\/2023\/11\/Pix-arte-final-2-23-300x117.png 300w, https:\/\/www.blogdopilako.com.br\/wp\/wp-content\/uploads\/2023\/11\/Pix-arte-final-2-23-768x301.png 768w, https:\/\/www.blogdopilako.com.br\/wp\/wp-content\/uploads\/2023\/11\/Pix-arte-final-2-23-1536x601.png 1536w, https:\/\/www.blogdopilako.com.br\/wp\/wp-content\/uploads\/2023\/11\/Pix-arte-final-2-23-2048x802.png 2048w, https:\/\/www.blogdopilako.com.br\/wp\/wp-content\/uploads\/2023\/11\/Pix-arte-final-2-23-500x196.png 500w\" sizes=\"(max-width: 584px) 100vw, 584px\" \/><\/p>\n\n\t\t\t\t<div class=\"mr_social_sharing_wrapper\">\n\t\t\t\t<!-- Social Sharing Toolkit v2.2 --><span class=\"mr_social_sharing_top\"><span style=\"display: inline-block; width: 55px; height: 62px; overflow: hidden;\"><div class=\"fb-like\" data-href=\"https:\/\/www.blogdopilako.com.br\/wp\/2023\/11\/16\/povos-originarios-que-habitavam-o-brasil-por-historia_em_retalhos\/\" data-send=\"false\" data-layout=\"box_count\" data-width=\"55\" data-show-faces=\"false\"><\/div><\/span><\/span><span class=\"mr_social_sharing_top\"><fb:share-button type=\"box_count\" href=\"https:\/\/www.blogdopilako.com.br\/wp\/2023\/11\/16\/povos-originarios-que-habitavam-o-brasil-por-historia_em_retalhos\/\"><\/fb:share-button><\/span><span class=\"mr_social_sharing\"><a rel=\"nofollow\" class=\"linksalpha_button linksalpha_link\" href=\"\/\/www.linksalpha.com\/social\/mobile\" data-url=\"https:\/\/www.blogdopilako.com.br\/wp\/2023\/11\/16\/povos-originarios-que-habitavam-o-brasil-por-historia_em_retalhos\/\" data-text=\"Povos origin\u00e1rios que habitavam o Brasil \u2013 por @historia_em_retalhos.\" data-desc=\"Sempre que se fala no aniquilamento dos povos origin\u00e1rios que habitavam o Brasil, \u00e9 intuitivo n\u00f3s pensarmos logo no uso dos armamentos de fogo por parte dos dominadores europeus. O que pouco se comenta, por\u00e9m, \u00e9 que um outro tipo de recurso b\u00e9lico foi largamente utilizado neste processo de\" data-image=\"http:\/\/www.blogdopilako.com.br\/wp\/wp-content\/uploads\/2023\/11\/a07828ba-d46b-4512-90fa-be53464063cf.jpg\" data-button=\"none\">\n\t\t\t\t\t<img src=\"\/\/www.linksalpha.com\/images\/social_share_button.png\" alt=\"Share\" class=\"linksalpha_image\" \/>\n\t\t\t\t\t<\/a><script type=\"text\/javascript\" src=\"\/\/www.linksalpha.com\/scripts\/loader_iconbox.js?v=2.4\"><\/script><\/span><\/div>","protected":false},"excerpt":{"rendered":"\n\t\t\t\t<div class=\"mr_social_sharing_wrapper\">\n\t\t\t\t<!-- Social Sharing Toolkit v2.2 --><span class=\"mr_social_sharing_top\"><span style=\"display: inline-block; width: 55px; height: 62px; overflow: hidden;\"><div class=\"fb-like\" data-href=\"https:\/\/www.blogdopilako.com.br\/wp\/2023\/11\/16\/povos-originarios-que-habitavam-o-brasil-por-historia_em_retalhos\/\" data-send=\"false\" data-layout=\"box_count\" data-width=\"55\" data-show-faces=\"false\"><\/div><\/span><\/span><span class=\"mr_social_sharing_top\"><fb:share-button type=\"box_count\" href=\"https:\/\/www.blogdopilako.com.br\/wp\/2023\/11\/16\/povos-originarios-que-habitavam-o-brasil-por-historia_em_retalhos\/\"><\/fb:share-button><\/span><span class=\"mr_social_sharing\"><a rel=\"nofollow\" class=\"linksalpha_button linksalpha_link\" href=\"\/\/www.linksalpha.com\/social\/mobile\" data-url=\"https:\/\/www.blogdopilako.com.br\/wp\/2023\/11\/16\/povos-originarios-que-habitavam-o-brasil-por-historia_em_retalhos\/\" data-text=\"Povos origin\u00e1rios que habitavam o Brasil \u2013 por @historia_em_retalhos.\" data-desc=\"Sempre que se fala no aniquilamento dos povos origin\u00e1rios que habitavam o Brasil, \u00e9 intuitivo n\u00f3s pensarmos logo no uso dos armamentos de fogo por parte dos dominadores europeus. O que pouco se comenta, por\u00e9m, \u00e9 que um outro tipo de recurso b\u00e9lico foi largamente utilizado neste processo de\" data-image=\"\" data-button=\"none\">\n\t\t\t\t\t<img src=\"\/\/www.linksalpha.com\/images\/social_share_button.png\" alt=\"Share\" class=\"linksalpha_image\" \/>\n\t\t\t\t\t<\/a><script type=\"text\/javascript\" src=\"\/\/www.linksalpha.com\/scripts\/loader_iconbox.js?v=2.4\"><\/script><\/span><\/div><p>Sempre que se fala no aniquilamento dos povos origin\u00e1rios que habitavam o Brasil, \u00e9 intuitivo n\u00f3s pensarmos logo no uso dos armamentos de fogo por parte dos dominadores europeus. O que pouco se comenta, por\u00e9m, \u00e9 que um outro tipo &hellip; <a href=\"https:\/\/www.blogdopilako.com.br\/wp\/2023\/11\/16\/povos-originarios-que-habitavam-o-brasil-por-historia_em_retalhos\/\">Continue lendo <span class=\"meta-nav\">&rarr;<\/span><\/a><\/p>\n\n\t\t\t\t<div class=\"mr_social_sharing_wrapper\">\n\t\t\t\t<!-- Social Sharing Toolkit v2.2 --><span class=\"mr_social_sharing_top\"><span style=\"display: inline-block; width: 55px; height: 62px; overflow: hidden;\"><div class=\"fb-like\" data-href=\"https:\/\/www.blogdopilako.com.br\/wp\/2023\/11\/16\/povos-originarios-que-habitavam-o-brasil-por-historia_em_retalhos\/\" data-send=\"false\" data-layout=\"box_count\" data-width=\"55\" data-show-faces=\"false\"><\/div><\/span><\/span><span class=\"mr_social_sharing_top\"><fb:share-button type=\"box_count\" href=\"https:\/\/www.blogdopilako.com.br\/wp\/2023\/11\/16\/povos-originarios-que-habitavam-o-brasil-por-historia_em_retalhos\/\"><\/fb:share-button><\/span><span class=\"mr_social_sharing\"><a rel=\"nofollow\" class=\"linksalpha_button linksalpha_link\" href=\"\/\/www.linksalpha.com\/social\/mobile\" data-url=\"https:\/\/www.blogdopilako.com.br\/wp\/2023\/11\/16\/povos-originarios-que-habitavam-o-brasil-por-historia_em_retalhos\/\" data-text=\"Povos origin\u00e1rios que habitavam o Brasil \u2013 por @historia_em_retalhos.\" data-desc=\"Sempre que se fala no aniquilamento dos povos origin\u00e1rios que habitavam o Brasil, \u00e9 intuitivo n\u00f3s pensarmos logo no uso dos armamentos de fogo por parte dos dominadores europeus. O que pouco se comenta, por\u00e9m, \u00e9 que um outro tipo de recurso b\u00e9lico foi largamente utilizado neste processo de\" data-image=\"\" data-button=\"none\">\n\t\t\t\t\t<img src=\"\/\/www.linksalpha.com\/images\/social_share_button.png\" alt=\"Share\" class=\"linksalpha_image\" \/>\n\t\t\t\t\t<\/a><script type=\"text\/javascript\" src=\"\/\/www.linksalpha.com\/scripts\/loader_iconbox.js?v=2.4\"><\/script><\/span><\/div>","protected":false},"author":2,"featured_media":0,"comment_status":"open","ping_status":"open","sticky":false,"template":"","format":"standard","meta":[],"categories":[21],"tags":[],"_links":{"self":[{"href":"https:\/\/www.blogdopilako.com.br\/wp\/wp-json\/wp\/v2\/posts\/142639"}],"collection":[{"href":"https:\/\/www.blogdopilako.com.br\/wp\/wp-json\/wp\/v2\/posts"}],"about":[{"href":"https:\/\/www.blogdopilako.com.br\/wp\/wp-json\/wp\/v2\/types\/post"}],"author":[{"embeddable":true,"href":"https:\/\/www.blogdopilako.com.br\/wp\/wp-json\/wp\/v2\/users\/2"}],"replies":[{"embeddable":true,"href":"https:\/\/www.blogdopilako.com.br\/wp\/wp-json\/wp\/v2\/comments?post=142639"}],"version-history":[{"count":2,"href":"https:\/\/www.blogdopilako.com.br\/wp\/wp-json\/wp\/v2\/posts\/142639\/revisions"}],"predecessor-version":[{"id":142643,"href":"https:\/\/www.blogdopilako.com.br\/wp\/wp-json\/wp\/v2\/posts\/142639\/revisions\/142643"}],"wp:attachment":[{"href":"https:\/\/www.blogdopilako.com.br\/wp\/wp-json\/wp\/v2\/media?parent=142639"}],"wp:term":[{"taxonomy":"category","embeddable":true,"href":"https:\/\/www.blogdopilako.com.br\/wp\/wp-json\/wp\/v2\/categories?post=142639"},{"taxonomy":"post_tag","embeddable":true,"href":"https:\/\/www.blogdopilako.com.br\/wp\/wp-json\/wp\/v2\/tags?post=142639"}],"curies":[{"name":"wp","href":"https:\/\/api.w.org\/{rel}","templated":true}]}}