{"id":142163,"date":"2023-10-02T09:45:55","date_gmt":"2023-10-02T12:45:55","guid":{"rendered":"http:\/\/www.blogdopilako.com.br\/wp\/?p=142163"},"modified":"2023-10-02T09:45:55","modified_gmt":"2023-10-02T12:45:55","slug":"eleicoes-2024-reuniao-executiva-do-pt-de-vitoria-de-santo-antao-pe","status":"publish","type":"post","link":"https:\/\/www.blogdopilako.com.br\/wp\/2023\/10\/02\/eleicoes-2024-reuniao-executiva-do-pt-de-vitoria-de-santo-antao-pe\/","title":{"rendered":"Elei\u00e7\u00f5es 2024: REUNI\u00c3O EXECUTIVA DO PT DE VIT\u00d3RIA DE SANTO ANT\u00c3O\/PE"},"content":{"rendered":"\n\t\t\t\t<div class=\"mr_social_sharing_wrapper\">\n\t\t\t\t<!-- Social Sharing Toolkit v2.2 --><span class=\"mr_social_sharing_top\"><span style=\"display: inline-block; width: 55px; height: 62px; overflow: hidden;\"><div class=\"fb-like\" data-href=\"https:\/\/www.blogdopilako.com.br\/wp\/2023\/10\/02\/eleicoes-2024-reuniao-executiva-do-pt-de-vitoria-de-santo-antao-pe\/\" data-send=\"false\" data-layout=\"box_count\" data-width=\"55\" data-show-faces=\"false\"><\/div><\/span><\/span><span class=\"mr_social_sharing_top\"><fb:share-button type=\"box_count\" href=\"https:\/\/www.blogdopilako.com.br\/wp\/2023\/10\/02\/eleicoes-2024-reuniao-executiva-do-pt-de-vitoria-de-santo-antao-pe\/\"><\/fb:share-button><\/span><span class=\"mr_social_sharing\"><a rel=\"nofollow\" class=\"linksalpha_button linksalpha_link\" href=\"\/\/www.linksalpha.com\/social\/mobile\" data-url=\"https:\/\/www.blogdopilako.com.br\/wp\/2023\/10\/02\/eleicoes-2024-reuniao-executiva-do-pt-de-vitoria-de-santo-antao-pe\/\" data-text=\"Elei\u00e7\u00f5es 2024: REUNI\u00c3O EXECUTIVA DO PT DE VIT\u00d3RIA DE SANTO ANT\u00c3O\/PE\" data-desc=\"O Partido dos Trabalhadores se reuniu na tarde deste s\u00e1bado 30, onde dentre outros assuntos, sua executiva debateu, discutiu e deliberou sobre as resolu\u00e7\u00f5es e material enviado de sua Dire\u00e7\u00e3o Estadual. O encontro serviu para divulga\u00e7\u00e3o,\u00a0 para posterior an\u00e1lise da RESOLU\u00c7\u00c3O DO DIRET\u00d3RIO\" data-image=\"http:\/\/www.blogdopilako.com.br\/wp\/wp-content\/uploads\/2023\/10\/67230903-cbb1-4797-b2f0-a335396f207a.jpg\" data-button=\"none\">\n\t\t\t\t\t<img src=\"\/\/www.linksalpha.com\/images\/social_share_button.png\" alt=\"Share\" class=\"linksalpha_image\" \/>\n\t\t\t\t\t<\/a><script type=\"text\/javascript\" src=\"\/\/www.linksalpha.com\/scripts\/loader_iconbox.js?v=2.4\"><\/script><\/span><\/div><p><img loading=\"lazy\" class=\"aligncenter wp-image-142165 size-full\" src=\"http:\/\/www.blogdopilako.com.br\/wp\/wp-content\/uploads\/2023\/10\/67230903-cbb1-4797-b2f0-a335396f207a.jpg\" alt=\"\" width=\"1600\" height=\"1200\" srcset=\"https:\/\/www.blogdopilako.com.br\/wp\/wp-content\/uploads\/2023\/10\/67230903-cbb1-4797-b2f0-a335396f207a.jpg 1600w, https:\/\/www.blogdopilako.com.br\/wp\/wp-content\/uploads\/2023\/10\/67230903-cbb1-4797-b2f0-a335396f207a-300x225.jpg 300w, https:\/\/www.blogdopilako.com.br\/wp\/wp-content\/uploads\/2023\/10\/67230903-cbb1-4797-b2f0-a335396f207a-1024x768.jpg 1024w, https:\/\/www.blogdopilako.com.br\/wp\/wp-content\/uploads\/2023\/10\/67230903-cbb1-4797-b2f0-a335396f207a-768x576.jpg 768w, https:\/\/www.blogdopilako.com.br\/wp\/wp-content\/uploads\/2023\/10\/67230903-cbb1-4797-b2f0-a335396f207a-1536x1152.jpg 1536w, https:\/\/www.blogdopilako.com.br\/wp\/wp-content\/uploads\/2023\/10\/67230903-cbb1-4797-b2f0-a335396f207a-400x300.jpg 400w\" sizes=\"(max-width: 1600px) 100vw, 1600px\" \/><\/p>\n<p style=\"text-align: justify;\">O Partido dos Trabalhadores se reuniu na tarde deste s\u00e1bado 30, onde dentre outros assuntos, sua executiva debateu, discutiu e deliberou sobre as resolu\u00e7\u00f5es e material enviado de sua Dire\u00e7\u00e3o Estadual.<\/p>\n<p style=\"text-align: justify;\">O encontro serviu para divulga\u00e7\u00e3o,\u00a0 para posterior an\u00e1lise da RESOLU\u00c7\u00c3O DO DIRET\u00d3RIO CENTRAL,\u00a0 que preparou o documento <strong>&#8220;BRASIL DO PRESENTE E DO FUTURO: NO RUMO CERTO&#8221;<\/strong> e organiza\u00e7\u00e3o para o <strong>PEDEX (Elei\u00e7\u00e3o de Nova Dire\u00e7\u00e3o do PT em Vit\u00f3ria.<\/strong><\/p>\n<p style=\"text-align: justify;\">O referido evento (PEDEX)\u00a0 ser\u00e1 realizado no dia 14 de outubro \u00e0s 14 horas na C\u00e2mara de Vereadores da Vit\u00f3ria e dele sair\u00e1 a elei\u00e7\u00e3o de sua nova Dire\u00e7\u00e3o do PT VSA e debates sobre os 43 anos do PT, as suas lutas pol\u00edticas e governan\u00e7a destacada e renovada pela Vit\u00f3ria do Presidente LULA, o fortalecimento de seus militantes e a\u00e7\u00f5es estrat\u00e9gicas que torna o PT uma das mais vigorosas agremia\u00e7\u00f5es partid\u00e1rias\u00a0 do mundo. Ap\u00f3s os debates, elei\u00e7\u00e3o de sua nova Diretoria e PT VSA tra\u00e7ar\u00e1 as linhas gerais para a elei\u00e7\u00e3o de 2024 no rumo certo!<\/p>\n<p><strong>Assessoria.\u00a0<\/strong><\/p>\n<p><img loading=\"lazy\" class=\"aligncenter wp-image-142164 size-large\" src=\"http:\/\/www.blogdopilako.com.br\/wp\/wp-content\/uploads\/2023\/10\/Pix-arte-final-2-2-1024x401.png\" alt=\"\" width=\"584\" height=\"229\" srcset=\"https:\/\/www.blogdopilako.com.br\/wp\/wp-content\/uploads\/2023\/10\/Pix-arte-final-2-2-1024x401.png 1024w, https:\/\/www.blogdopilako.com.br\/wp\/wp-content\/uploads\/2023\/10\/Pix-arte-final-2-2-300x117.png 300w, https:\/\/www.blogdopilako.com.br\/wp\/wp-content\/uploads\/2023\/10\/Pix-arte-final-2-2-768x301.png 768w, https:\/\/www.blogdopilako.com.br\/wp\/wp-content\/uploads\/2023\/10\/Pix-arte-final-2-2-1536x601.png 1536w, https:\/\/www.blogdopilako.com.br\/wp\/wp-content\/uploads\/2023\/10\/Pix-arte-final-2-2-2048x802.png 2048w, https:\/\/www.blogdopilako.com.br\/wp\/wp-content\/uploads\/2023\/10\/Pix-arte-final-2-2-500x196.png 500w\" sizes=\"(max-width: 584px) 100vw, 584px\" \/><\/p>\n\n\t\t\t\t<div class=\"mr_social_sharing_wrapper\">\n\t\t\t\t<!-- Social Sharing Toolkit v2.2 --><span class=\"mr_social_sharing_top\"><span style=\"display: inline-block; width: 55px; height: 62px; overflow: hidden;\"><div class=\"fb-like\" data-href=\"https:\/\/www.blogdopilako.com.br\/wp\/2023\/10\/02\/eleicoes-2024-reuniao-executiva-do-pt-de-vitoria-de-santo-antao-pe\/\" data-send=\"false\" data-layout=\"box_count\" data-width=\"55\" data-show-faces=\"false\"><\/div><\/span><\/span><span class=\"mr_social_sharing_top\"><fb:share-button type=\"box_count\" href=\"https:\/\/www.blogdopilako.com.br\/wp\/2023\/10\/02\/eleicoes-2024-reuniao-executiva-do-pt-de-vitoria-de-santo-antao-pe\/\"><\/fb:share-button><\/span><span class=\"mr_social_sharing\"><a rel=\"nofollow\" class=\"linksalpha_button linksalpha_link\" href=\"\/\/www.linksalpha.com\/social\/mobile\" data-url=\"https:\/\/www.blogdopilako.com.br\/wp\/2023\/10\/02\/eleicoes-2024-reuniao-executiva-do-pt-de-vitoria-de-santo-antao-pe\/\" data-text=\"Elei\u00e7\u00f5es 2024: REUNI\u00c3O EXECUTIVA DO PT DE VIT\u00d3RIA DE SANTO ANT\u00c3O\/PE\" data-desc=\"O Partido dos Trabalhadores se reuniu na tarde deste s\u00e1bado 30, onde dentre outros assuntos, sua executiva debateu, discutiu e deliberou sobre as resolu\u00e7\u00f5es e material enviado de sua Dire\u00e7\u00e3o Estadual. O encontro serviu para divulga\u00e7\u00e3o,\u00a0 para posterior an\u00e1lise da RESOLU\u00c7\u00c3O DO DIRET\u00d3RIO\" data-image=\"http:\/\/www.blogdopilako.com.br\/wp\/wp-content\/uploads\/2023\/10\/67230903-cbb1-4797-b2f0-a335396f207a.jpg\" data-button=\"none\">\n\t\t\t\t\t<img src=\"\/\/www.linksalpha.com\/images\/social_share_button.png\" alt=\"Share\" class=\"linksalpha_image\" \/>\n\t\t\t\t\t<\/a><script type=\"text\/javascript\" src=\"\/\/www.linksalpha.com\/scripts\/loader_iconbox.js?v=2.4\"><\/script><\/span><\/div>","protected":false},"excerpt":{"rendered":"\n\t\t\t\t<div class=\"mr_social_sharing_wrapper\">\n\t\t\t\t<!-- Social Sharing Toolkit v2.2 --><span class=\"mr_social_sharing_top\"><span style=\"display: inline-block; width: 55px; height: 62px; overflow: hidden;\"><div class=\"fb-like\" data-href=\"https:\/\/www.blogdopilako.com.br\/wp\/2023\/10\/02\/eleicoes-2024-reuniao-executiva-do-pt-de-vitoria-de-santo-antao-pe\/\" data-send=\"false\" data-layout=\"box_count\" data-width=\"55\" data-show-faces=\"false\"><\/div><\/span><\/span><span class=\"mr_social_sharing_top\"><fb:share-button type=\"box_count\" href=\"https:\/\/www.blogdopilako.com.br\/wp\/2023\/10\/02\/eleicoes-2024-reuniao-executiva-do-pt-de-vitoria-de-santo-antao-pe\/\"><\/fb:share-button><\/span><span class=\"mr_social_sharing\"><a rel=\"nofollow\" class=\"linksalpha_button linksalpha_link\" href=\"\/\/www.linksalpha.com\/social\/mobile\" data-url=\"https:\/\/www.blogdopilako.com.br\/wp\/2023\/10\/02\/eleicoes-2024-reuniao-executiva-do-pt-de-vitoria-de-santo-antao-pe\/\" data-text=\"Elei\u00e7\u00f5es 2024: REUNI\u00c3O EXECUTIVA DO PT DE VIT\u00d3RIA DE SANTO ANT\u00c3O\/PE\" data-desc=\"O Partido dos Trabalhadores se reuniu na tarde deste s\u00e1bado 30, onde dentre outros assuntos, sua executiva debateu, discutiu e deliberou sobre as resolu\u00e7\u00f5es e material enviado de sua Dire\u00e7\u00e3o Estadual. O encontro serviu para divulga\u00e7\u00e3o,\u00a0 para posterior an\u00e1lise da RESOLU\u00c7\u00c3O DO DIRET\u00d3RIO\" data-image=\"\" data-button=\"none\">\n\t\t\t\t\t<img src=\"\/\/www.linksalpha.com\/images\/social_share_button.png\" alt=\"Share\" class=\"linksalpha_image\" \/>\n\t\t\t\t\t<\/a><script type=\"text\/javascript\" src=\"\/\/www.linksalpha.com\/scripts\/loader_iconbox.js?v=2.4\"><\/script><\/span><\/div><p>O Partido dos Trabalhadores se reuniu na tarde deste s\u00e1bado 30, onde dentre outros assuntos, sua executiva debateu, discutiu e deliberou sobre as resolu\u00e7\u00f5es e material enviado de sua Dire\u00e7\u00e3o Estadual. O encontro serviu para divulga\u00e7\u00e3o,\u00a0 para posterior an\u00e1lise da &hellip; <a href=\"https:\/\/www.blogdopilako.com.br\/wp\/2023\/10\/02\/eleicoes-2024-reuniao-executiva-do-pt-de-vitoria-de-santo-antao-pe\/\">Continue lendo <span class=\"meta-nav\">&rarr;<\/span><\/a><\/p>\n\n\t\t\t\t<div class=\"mr_social_sharing_wrapper\">\n\t\t\t\t<!-- Social Sharing Toolkit v2.2 --><span class=\"mr_social_sharing_top\"><span style=\"display: inline-block; width: 55px; height: 62px; overflow: hidden;\"><div class=\"fb-like\" data-href=\"https:\/\/www.blogdopilako.com.br\/wp\/2023\/10\/02\/eleicoes-2024-reuniao-executiva-do-pt-de-vitoria-de-santo-antao-pe\/\" data-send=\"false\" data-layout=\"box_count\" data-width=\"55\" data-show-faces=\"false\"><\/div><\/span><\/span><span class=\"mr_social_sharing_top\"><fb:share-button type=\"box_count\" href=\"https:\/\/www.blogdopilako.com.br\/wp\/2023\/10\/02\/eleicoes-2024-reuniao-executiva-do-pt-de-vitoria-de-santo-antao-pe\/\"><\/fb:share-button><\/span><span class=\"mr_social_sharing\"><a rel=\"nofollow\" class=\"linksalpha_button linksalpha_link\" href=\"\/\/www.linksalpha.com\/social\/mobile\" data-url=\"https:\/\/www.blogdopilako.com.br\/wp\/2023\/10\/02\/eleicoes-2024-reuniao-executiva-do-pt-de-vitoria-de-santo-antao-pe\/\" data-text=\"Elei\u00e7\u00f5es 2024: REUNI\u00c3O EXECUTIVA DO PT DE VIT\u00d3RIA DE SANTO ANT\u00c3O\/PE\" data-desc=\"O Partido dos Trabalhadores se reuniu na tarde deste s\u00e1bado 30, onde dentre outros assuntos, sua executiva debateu, discutiu e deliberou sobre as resolu\u00e7\u00f5es e material enviado de sua Dire\u00e7\u00e3o Estadual. O encontro serviu para divulga\u00e7\u00e3o,\u00a0 para posterior an\u00e1lise da RESOLU\u00c7\u00c3O DO DIRET\u00d3RIO\" data-image=\"\" data-button=\"none\">\n\t\t\t\t\t<img src=\"\/\/www.linksalpha.com\/images\/social_share_button.png\" alt=\"Share\" class=\"linksalpha_image\" \/>\n\t\t\t\t\t<\/a><script type=\"text\/javascript\" src=\"\/\/www.linksalpha.com\/scripts\/loader_iconbox.js?v=2.4\"><\/script><\/span><\/div>","protected":false},"author":2,"featured_media":0,"comment_status":"open","ping_status":"open","sticky":false,"template":"","format":"standard","meta":[],"categories":[21],"tags":[],"_links":{"self":[{"href":"https:\/\/www.blogdopilako.com.br\/wp\/wp-json\/wp\/v2\/posts\/142163"}],"collection":[{"href":"https:\/\/www.blogdopilako.com.br\/wp\/wp-json\/wp\/v2\/posts"}],"about":[{"href":"https:\/\/www.blogdopilako.com.br\/wp\/wp-json\/wp\/v2\/types\/post"}],"author":[{"embeddable":true,"href":"https:\/\/www.blogdopilako.com.br\/wp\/wp-json\/wp\/v2\/users\/2"}],"replies":[{"embeddable":true,"href":"https:\/\/www.blogdopilako.com.br\/wp\/wp-json\/wp\/v2\/comments?post=142163"}],"version-history":[{"count":1,"href":"https:\/\/www.blogdopilako.com.br\/wp\/wp-json\/wp\/v2\/posts\/142163\/revisions"}],"predecessor-version":[{"id":142166,"href":"https:\/\/www.blogdopilako.com.br\/wp\/wp-json\/wp\/v2\/posts\/142163\/revisions\/142166"}],"wp:attachment":[{"href":"https:\/\/www.blogdopilako.com.br\/wp\/wp-json\/wp\/v2\/media?parent=142163"}],"wp:term":[{"taxonomy":"category","embeddable":true,"href":"https:\/\/www.blogdopilako.com.br\/wp\/wp-json\/wp\/v2\/categories?post=142163"},{"taxonomy":"post_tag","embeddable":true,"href":"https:\/\/www.blogdopilako.com.br\/wp\/wp-json\/wp\/v2\/tags?post=142163"}],"curies":[{"name":"wp","href":"https:\/\/api.w.org\/{rel}","templated":true}]}}