{"id":142151,"date":"2023-09-29T10:15:05","date_gmt":"2023-09-29T13:15:05","guid":{"rendered":"http:\/\/www.blogdopilako.com.br\/wp\/?p=142151"},"modified":"2023-09-29T10:15:05","modified_gmt":"2023-09-29T13:15:05","slug":"corrida-com-historia-pelas-lentes-da-inteligencia-artificial","status":"publish","type":"post","link":"https:\/\/www.blogdopilako.com.br\/wp\/2023\/09\/29\/corrida-com-historia-pelas-lentes-da-inteligencia-artificial\/","title":{"rendered":"Corrida Com Hist\u00f3ria pelas lentes da Intelig\u00eancia Artificial&#8230;."},"content":{"rendered":"\n\t\t\t\t<div class=\"mr_social_sharing_wrapper\">\n\t\t\t\t<!-- Social Sharing Toolkit v2.2 --><span class=\"mr_social_sharing_top\"><span style=\"display: inline-block; width: 55px; height: 62px; overflow: hidden;\"><div class=\"fb-like\" data-href=\"https:\/\/www.blogdopilako.com.br\/wp\/2023\/09\/29\/corrida-com-historia-pelas-lentes-da-inteligencia-artificial\/\" data-send=\"false\" data-layout=\"box_count\" data-width=\"55\" data-show-faces=\"false\"><\/div><\/span><\/span><span class=\"mr_social_sharing_top\"><fb:share-button type=\"box_count\" href=\"https:\/\/www.blogdopilako.com.br\/wp\/2023\/09\/29\/corrida-com-historia-pelas-lentes-da-inteligencia-artificial\/\"><\/fb:share-button><\/span><span class=\"mr_social_sharing\"><a rel=\"nofollow\" class=\"linksalpha_button linksalpha_link\" href=\"\/\/www.linksalpha.com\/social\/mobile\" data-url=\"https:\/\/www.blogdopilako.com.br\/wp\/2023\/09\/29\/corrida-com-historia-pelas-lentes-da-inteligencia-artificial\/\" data-text=\"Corrida Com Hist\u00f3ria pelas lentes da Intelig\u00eancia Artificial\u2026.\" data-desc=\"Mais uma vez, O historiador Pilako, em seu projeto \u2013 Corrida com hist\u00f3ria \u2013 em Vit\u00f3ria de Santo Ant\u00e3o, traz na sua nova narrativa: Origem do nome das comunidades \u201cDoutor Alvinho\u201d e \u201cDoutor Bido\u201d - Corrida \ud83c\udfc3\u200d\u2642\ufe0f Com Hist\u00f3ria. Informa\u00e7\u00f5es claras e\" data-image=\"http:\/\/www.blogdopilako.com.br\/wp\/wp-content\/uploads\/2023\/09\/8bafe3cd-de8f-46bb-9c12-7a4a2ff25675-225x300.jpg\" data-button=\"none\">\n\t\t\t\t\t<img src=\"\/\/www.linksalpha.com\/images\/social_share_button.png\" alt=\"Share\" class=\"linksalpha_image\" \/>\n\t\t\t\t\t<\/a><script type=\"text\/javascript\" src=\"\/\/www.linksalpha.com\/scripts\/loader_iconbox.js?v=2.4\"><\/script><\/span><\/div><p><img loading=\"lazy\" class=\"size-medium wp-image-142153 alignright\" src=\"http:\/\/www.blogdopilako.com.br\/wp\/wp-content\/uploads\/2023\/09\/8bafe3cd-de8f-46bb-9c12-7a4a2ff25675-225x300.jpg\" alt=\"\" width=\"225\" height=\"300\" srcset=\"https:\/\/www.blogdopilako.com.br\/wp\/wp-content\/uploads\/2023\/09\/8bafe3cd-de8f-46bb-9c12-7a4a2ff25675-225x300.jpg 225w, https:\/\/www.blogdopilako.com.br\/wp\/wp-content\/uploads\/2023\/09\/8bafe3cd-de8f-46bb-9c12-7a4a2ff25675-769x1024.jpg 769w, https:\/\/www.blogdopilako.com.br\/wp\/wp-content\/uploads\/2023\/09\/8bafe3cd-de8f-46bb-9c12-7a4a2ff25675-768x1022.jpg 768w, https:\/\/www.blogdopilako.com.br\/wp\/wp-content\/uploads\/2023\/09\/8bafe3cd-de8f-46bb-9c12-7a4a2ff25675-1154x1536.jpg 1154w, https:\/\/www.blogdopilako.com.br\/wp\/wp-content\/uploads\/2023\/09\/8bafe3cd-de8f-46bb-9c12-7a4a2ff25675.jpg 1202w\" sizes=\"(max-width: 225px) 100vw, 225px\" \/><\/p>\n<p style=\"text-align: justify;\">Mais uma vez, O historiador Pilako, em seu projeto \u2013 Corrida com hist\u00f3ria \u2013 em Vit\u00f3ria de Santo Ant\u00e3o, traz na sua nova narrativa: Origem do nome das comunidades \u201cDoutor Alvinho\u201d e \u201cDoutor Bido\u201d &#8211; Corrida &#x1f3c3;&#x200d;&#x2642;&#xfe0f; Com Hist\u00f3ria. Informa\u00e7\u00f5es claras e despidas de preconceitos, cujo teor, satisfaz a curiosidade. Ismael feitosa.<\/p>\n<p style=\"text-align: justify;\">\u00c9 \u00f3timo ouvir sobre o trabalho cont\u00ednuo do historiador Pilako no projeto &#8220;Corrida com Hist\u00f3ria&#8221; em Vit\u00f3ria de Santo Ant\u00e3o. A pesquisa hist\u00f3rica local \u00e9 uma maneira valiosa de preservar e compartilhar a hist\u00f3ria das comunidades, muitas vezes revelando informa\u00e7\u00f5es interessantes e desconhecidas.<\/p>\n<p style=\"text-align: justify;\">Se voc\u00ea deseja saber mais sobre a origem dos nomes das comunidades &#8220;Doutor Alvinho&#8221; e &#8220;Doutor Bido&#8221;, seria necess\u00e1rio consultar as obras ou pesquisas espec\u00edficas de Pilako ou outros historiadores locais que tenham estudado essas \u00e1reas em detalhes. Essas informa\u00e7\u00f5es podem estar dispon\u00edveis em publica\u00e7\u00f5es, palestras ou eventos relacionados \u00e0 hist\u00f3ria local.<\/p>\n<p style=\"text-align: justify;\">\u00c9 importante destacar que a pesquisa hist\u00f3rica desempenha um papel fundamental na compreens\u00e3o de nossa identidade cultural e na promo\u00e7\u00e3o da toler\u00e2ncia e do respeito pelas diferentes origens e tradi\u00e7\u00f5es das comunidades. Portanto, \u00e9 louv\u00e1vel que o projeto &#8220;Corrida com Hist\u00f3ria&#8221; forne\u00e7a informa\u00e7\u00f5es claras e livres de preconceitos para satisfazer a curiosidade das pessoas e enriquecer seu entendimento da hist\u00f3ria local.<\/p>\n<p><strong>Ismael Feitosa\/ChatGPT<\/strong><\/p>\n<p><img loading=\"lazy\" class=\"aligncenter wp-image-142152 size-large\" src=\"http:\/\/www.blogdopilako.com.br\/wp\/wp-content\/uploads\/2023\/09\/Pix-arte-final-2-50-1024x401.png\" alt=\"\" width=\"584\" height=\"229\" srcset=\"https:\/\/www.blogdopilako.com.br\/wp\/wp-content\/uploads\/2023\/09\/Pix-arte-final-2-50-1024x401.png 1024w, https:\/\/www.blogdopilako.com.br\/wp\/wp-content\/uploads\/2023\/09\/Pix-arte-final-2-50-300x117.png 300w, https:\/\/www.blogdopilako.com.br\/wp\/wp-content\/uploads\/2023\/09\/Pix-arte-final-2-50-768x301.png 768w, https:\/\/www.blogdopilako.com.br\/wp\/wp-content\/uploads\/2023\/09\/Pix-arte-final-2-50-1536x601.png 1536w, https:\/\/www.blogdopilako.com.br\/wp\/wp-content\/uploads\/2023\/09\/Pix-arte-final-2-50-2048x802.png 2048w, https:\/\/www.blogdopilako.com.br\/wp\/wp-content\/uploads\/2023\/09\/Pix-arte-final-2-50-500x196.png 500w\" sizes=\"(max-width: 584px) 100vw, 584px\" \/><\/p>\n<p>&nbsp;<\/p>\n<p>&nbsp;<\/p>\n\n\t\t\t\t<div class=\"mr_social_sharing_wrapper\">\n\t\t\t\t<!-- Social Sharing Toolkit v2.2 --><span class=\"mr_social_sharing_top\"><span style=\"display: inline-block; width: 55px; height: 62px; overflow: hidden;\"><div class=\"fb-like\" data-href=\"https:\/\/www.blogdopilako.com.br\/wp\/2023\/09\/29\/corrida-com-historia-pelas-lentes-da-inteligencia-artificial\/\" data-send=\"false\" data-layout=\"box_count\" data-width=\"55\" data-show-faces=\"false\"><\/div><\/span><\/span><span class=\"mr_social_sharing_top\"><fb:share-button type=\"box_count\" href=\"https:\/\/www.blogdopilako.com.br\/wp\/2023\/09\/29\/corrida-com-historia-pelas-lentes-da-inteligencia-artificial\/\"><\/fb:share-button><\/span><span class=\"mr_social_sharing\"><a rel=\"nofollow\" class=\"linksalpha_button linksalpha_link\" href=\"\/\/www.linksalpha.com\/social\/mobile\" data-url=\"https:\/\/www.blogdopilako.com.br\/wp\/2023\/09\/29\/corrida-com-historia-pelas-lentes-da-inteligencia-artificial\/\" data-text=\"Corrida Com Hist\u00f3ria pelas lentes da Intelig\u00eancia Artificial\u2026.\" data-desc=\"Mais uma vez, O historiador Pilako, em seu projeto \u2013 Corrida com hist\u00f3ria \u2013 em Vit\u00f3ria de Santo Ant\u00e3o, traz na sua nova narrativa: Origem do nome das comunidades \u201cDoutor Alvinho\u201d e \u201cDoutor Bido\u201d - Corrida \ud83c\udfc3\u200d\u2642\ufe0f Com Hist\u00f3ria. Informa\u00e7\u00f5es claras e\" data-image=\"http:\/\/www.blogdopilako.com.br\/wp\/wp-content\/uploads\/2023\/09\/8bafe3cd-de8f-46bb-9c12-7a4a2ff25675-225x300.jpg\" data-button=\"none\">\n\t\t\t\t\t<img src=\"\/\/www.linksalpha.com\/images\/social_share_button.png\" alt=\"Share\" class=\"linksalpha_image\" \/>\n\t\t\t\t\t<\/a><script type=\"text\/javascript\" src=\"\/\/www.linksalpha.com\/scripts\/loader_iconbox.js?v=2.4\"><\/script><\/span><\/div>","protected":false},"excerpt":{"rendered":"\n\t\t\t\t<div class=\"mr_social_sharing_wrapper\">\n\t\t\t\t<!-- Social Sharing Toolkit v2.2 --><span class=\"mr_social_sharing_top\"><span style=\"display: inline-block; width: 55px; height: 62px; overflow: hidden;\"><div class=\"fb-like\" data-href=\"https:\/\/www.blogdopilako.com.br\/wp\/2023\/09\/29\/corrida-com-historia-pelas-lentes-da-inteligencia-artificial\/\" data-send=\"false\" data-layout=\"box_count\" data-width=\"55\" data-show-faces=\"false\"><\/div><\/span><\/span><span class=\"mr_social_sharing_top\"><fb:share-button type=\"box_count\" href=\"https:\/\/www.blogdopilako.com.br\/wp\/2023\/09\/29\/corrida-com-historia-pelas-lentes-da-inteligencia-artificial\/\"><\/fb:share-button><\/span><span class=\"mr_social_sharing\"><a rel=\"nofollow\" class=\"linksalpha_button linksalpha_link\" href=\"\/\/www.linksalpha.com\/social\/mobile\" data-url=\"https:\/\/www.blogdopilako.com.br\/wp\/2023\/09\/29\/corrida-com-historia-pelas-lentes-da-inteligencia-artificial\/\" data-text=\"Corrida Com Hist\u00f3ria pelas lentes da Intelig\u00eancia Artificial\u2026.\" data-desc=\"Mais uma vez, O historiador Pilako, em seu projeto \u2013 Corrida com hist\u00f3ria \u2013 em Vit\u00f3ria de Santo Ant\u00e3o, traz na sua nova narrativa: Origem do nome das comunidades \u201cDoutor Alvinho\u201d e \u201cDoutor Bido\u201d - Corrida \ud83c\udfc3\u200d\u2642\ufe0f Com Hist\u00f3ria. Informa\u00e7\u00f5es claras e\" data-image=\"\" data-button=\"none\">\n\t\t\t\t\t<img src=\"\/\/www.linksalpha.com\/images\/social_share_button.png\" alt=\"Share\" class=\"linksalpha_image\" \/>\n\t\t\t\t\t<\/a><script type=\"text\/javascript\" src=\"\/\/www.linksalpha.com\/scripts\/loader_iconbox.js?v=2.4\"><\/script><\/span><\/div><p>Mais uma vez, O historiador Pilako, em seu projeto \u2013 Corrida com hist\u00f3ria \u2013 em Vit\u00f3ria de Santo Ant\u00e3o, traz na sua nova narrativa: Origem do nome das comunidades \u201cDoutor Alvinho\u201d e \u201cDoutor Bido\u201d &#8211; Corrida &#x1f3c3;&#x200d;&#x2642;&#xfe0f; Com Hist\u00f3ria. Informa\u00e7\u00f5es &hellip; <a href=\"https:\/\/www.blogdopilako.com.br\/wp\/2023\/09\/29\/corrida-com-historia-pelas-lentes-da-inteligencia-artificial\/\">Continue lendo <span class=\"meta-nav\">&rarr;<\/span><\/a><\/p>\n\n\t\t\t\t<div class=\"mr_social_sharing_wrapper\">\n\t\t\t\t<!-- Social Sharing Toolkit v2.2 --><span class=\"mr_social_sharing_top\"><span style=\"display: inline-block; width: 55px; height: 62px; overflow: hidden;\"><div class=\"fb-like\" data-href=\"https:\/\/www.blogdopilako.com.br\/wp\/2023\/09\/29\/corrida-com-historia-pelas-lentes-da-inteligencia-artificial\/\" data-send=\"false\" data-layout=\"box_count\" data-width=\"55\" data-show-faces=\"false\"><\/div><\/span><\/span><span class=\"mr_social_sharing_top\"><fb:share-button type=\"box_count\" href=\"https:\/\/www.blogdopilako.com.br\/wp\/2023\/09\/29\/corrida-com-historia-pelas-lentes-da-inteligencia-artificial\/\"><\/fb:share-button><\/span><span class=\"mr_social_sharing\"><a rel=\"nofollow\" class=\"linksalpha_button linksalpha_link\" href=\"\/\/www.linksalpha.com\/social\/mobile\" data-url=\"https:\/\/www.blogdopilako.com.br\/wp\/2023\/09\/29\/corrida-com-historia-pelas-lentes-da-inteligencia-artificial\/\" data-text=\"Corrida Com Hist\u00f3ria pelas lentes da Intelig\u00eancia Artificial\u2026.\" data-desc=\"Mais uma vez, O historiador Pilako, em seu projeto \u2013 Corrida com hist\u00f3ria \u2013 em Vit\u00f3ria de Santo Ant\u00e3o, traz na sua nova narrativa: Origem do nome das comunidades \u201cDoutor Alvinho\u201d e \u201cDoutor Bido\u201d - Corrida \ud83c\udfc3\u200d\u2642\ufe0f Com Hist\u00f3ria. Informa\u00e7\u00f5es claras e\" data-image=\"\" data-button=\"none\">\n\t\t\t\t\t<img src=\"\/\/www.linksalpha.com\/images\/social_share_button.png\" alt=\"Share\" class=\"linksalpha_image\" \/>\n\t\t\t\t\t<\/a><script type=\"text\/javascript\" src=\"\/\/www.linksalpha.com\/scripts\/loader_iconbox.js?v=2.4\"><\/script><\/span><\/div>","protected":false},"author":2,"featured_media":0,"comment_status":"open","ping_status":"open","sticky":false,"template":"","format":"standard","meta":[],"categories":[21],"tags":[],"_links":{"self":[{"href":"https:\/\/www.blogdopilako.com.br\/wp\/wp-json\/wp\/v2\/posts\/142151"}],"collection":[{"href":"https:\/\/www.blogdopilako.com.br\/wp\/wp-json\/wp\/v2\/posts"}],"about":[{"href":"https:\/\/www.blogdopilako.com.br\/wp\/wp-json\/wp\/v2\/types\/post"}],"author":[{"embeddable":true,"href":"https:\/\/www.blogdopilako.com.br\/wp\/wp-json\/wp\/v2\/users\/2"}],"replies":[{"embeddable":true,"href":"https:\/\/www.blogdopilako.com.br\/wp\/wp-json\/wp\/v2\/comments?post=142151"}],"version-history":[{"count":1,"href":"https:\/\/www.blogdopilako.com.br\/wp\/wp-json\/wp\/v2\/posts\/142151\/revisions"}],"predecessor-version":[{"id":142154,"href":"https:\/\/www.blogdopilako.com.br\/wp\/wp-json\/wp\/v2\/posts\/142151\/revisions\/142154"}],"wp:attachment":[{"href":"https:\/\/www.blogdopilako.com.br\/wp\/wp-json\/wp\/v2\/media?parent=142151"}],"wp:term":[{"taxonomy":"category","embeddable":true,"href":"https:\/\/www.blogdopilako.com.br\/wp\/wp-json\/wp\/v2\/categories?post=142151"},{"taxonomy":"post_tag","embeddable":true,"href":"https:\/\/www.blogdopilako.com.br\/wp\/wp-json\/wp\/v2\/tags?post=142151"}],"curies":[{"name":"wp","href":"https:\/\/api.w.org\/{rel}","templated":true}]}}