{"id":142042,"date":"2023-09-20T09:38:38","date_gmt":"2023-09-20T12:38:38","guid":{"rendered":"http:\/\/www.blogdopilako.com.br\/wp\/?p=142042"},"modified":"2023-09-20T09:38:38","modified_gmt":"2023-09-20T12:38:38","slug":"o-tempo-voa-patio-da-matriz-11","status":"publish","type":"post","link":"https:\/\/www.blogdopilako.com.br\/wp\/2023\/09\/20\/o-tempo-voa-patio-da-matriz-11\/","title":{"rendered":"O Tempo Voa: P\u00e1tio da Matriz."},"content":{"rendered":"\n\t\t\t\t<div class=\"mr_social_sharing_wrapper\">\n\t\t\t\t<!-- Social Sharing Toolkit v2.2 --><span class=\"mr_social_sharing_top\"><span style=\"display: inline-block; width: 55px; height: 62px; overflow: hidden;\"><div class=\"fb-like\" data-href=\"https:\/\/www.blogdopilako.com.br\/wp\/2023\/09\/20\/o-tempo-voa-patio-da-matriz-11\/\" data-send=\"false\" data-layout=\"box_count\" data-width=\"55\" data-show-faces=\"false\"><\/div><\/span><\/span><span class=\"mr_social_sharing_top\"><fb:share-button type=\"box_count\" href=\"https:\/\/www.blogdopilako.com.br\/wp\/2023\/09\/20\/o-tempo-voa-patio-da-matriz-11\/\"><\/fb:share-button><\/span><span class=\"mr_social_sharing\"><a rel=\"nofollow\" class=\"linksalpha_button linksalpha_link\" href=\"\/\/www.linksalpha.com\/social\/mobile\" data-url=\"https:\/\/www.blogdopilako.com.br\/wp\/2023\/09\/20\/o-tempo-voa-patio-da-matriz-11\/\" data-text=\"O Tempo Voa: P\u00e1tio da Matriz.\" data-desc=\"Vis\u00e3o panor\u00e2mica do P\u00e1tio da Matriz - ao lado direito observamos a fachada do Clube Abanadores O Le\u00e3o - ano n\u00e3o registrado.\u00a0\" data-image=\"http:\/\/www.blogdopilako.com.br\/wp\/wp-content\/uploads\/2023\/09\/70399160_506330996813664_5582490064891412480_n.jpg\" data-button=\"none\">\n\t\t\t\t\t<img src=\"\/\/www.linksalpha.com\/images\/social_share_button.png\" alt=\"Share\" class=\"linksalpha_image\" \/>\n\t\t\t\t\t<\/a><script type=\"text\/javascript\" src=\"\/\/www.linksalpha.com\/scripts\/loader_iconbox.js?v=2.4\"><\/script><\/span><\/div><p><img loading=\"lazy\" class=\"aligncenter wp-image-142043 size-full\" src=\"http:\/\/www.blogdopilako.com.br\/wp\/wp-content\/uploads\/2023\/09\/70399160_506330996813664_5582490064891412480_n.jpg\" alt=\"\" width=\"1316\" height=\"640\" srcset=\"https:\/\/www.blogdopilako.com.br\/wp\/wp-content\/uploads\/2023\/09\/70399160_506330996813664_5582490064891412480_n.jpg 1316w, https:\/\/www.blogdopilako.com.br\/wp\/wp-content\/uploads\/2023\/09\/70399160_506330996813664_5582490064891412480_n-300x146.jpg 300w, https:\/\/www.blogdopilako.com.br\/wp\/wp-content\/uploads\/2023\/09\/70399160_506330996813664_5582490064891412480_n-1024x498.jpg 1024w, https:\/\/www.blogdopilako.com.br\/wp\/wp-content\/uploads\/2023\/09\/70399160_506330996813664_5582490064891412480_n-768x373.jpg 768w, https:\/\/www.blogdopilako.com.br\/wp\/wp-content\/uploads\/2023\/09\/70399160_506330996813664_5582490064891412480_n-500x243.jpg 500w\" sizes=\"(max-width: 1316px) 100vw, 1316px\" \/><\/p>\n<p style=\"text-align: justify;\"><strong>Vis\u00e3o panor\u00e2mica do P\u00e1tio da Matriz &#8211; ao lado direito observamos a fachada do Clube Abanadores O Le\u00e3o &#8211; ano n\u00e3o registrado.\u00a0<\/strong><\/p>\n<p><img loading=\"lazy\" class=\"aligncenter wp-image-142044 size-large\" src=\"http:\/\/www.blogdopilako.com.br\/wp\/wp-content\/uploads\/2023\/09\/Pix-arte-final-2-29-1024x401.png\" alt=\"\" width=\"584\" height=\"229\" srcset=\"https:\/\/www.blogdopilako.com.br\/wp\/wp-content\/uploads\/2023\/09\/Pix-arte-final-2-29-1024x401.png 1024w, https:\/\/www.blogdopilako.com.br\/wp\/wp-content\/uploads\/2023\/09\/Pix-arte-final-2-29-300x117.png 300w, https:\/\/www.blogdopilako.com.br\/wp\/wp-content\/uploads\/2023\/09\/Pix-arte-final-2-29-768x301.png 768w, https:\/\/www.blogdopilako.com.br\/wp\/wp-content\/uploads\/2023\/09\/Pix-arte-final-2-29-1536x601.png 1536w, https:\/\/www.blogdopilako.com.br\/wp\/wp-content\/uploads\/2023\/09\/Pix-arte-final-2-29-2048x802.png 2048w, https:\/\/www.blogdopilako.com.br\/wp\/wp-content\/uploads\/2023\/09\/Pix-arte-final-2-29-500x196.png 500w\" sizes=\"(max-width: 584px) 100vw, 584px\" \/><\/p>\n\n\t\t\t\t<div class=\"mr_social_sharing_wrapper\">\n\t\t\t\t<!-- Social Sharing Toolkit v2.2 --><span class=\"mr_social_sharing_top\"><span style=\"display: inline-block; width: 55px; height: 62px; overflow: hidden;\"><div class=\"fb-like\" data-href=\"https:\/\/www.blogdopilako.com.br\/wp\/2023\/09\/20\/o-tempo-voa-patio-da-matriz-11\/\" data-send=\"false\" data-layout=\"box_count\" data-width=\"55\" data-show-faces=\"false\"><\/div><\/span><\/span><span class=\"mr_social_sharing_top\"><fb:share-button type=\"box_count\" href=\"https:\/\/www.blogdopilako.com.br\/wp\/2023\/09\/20\/o-tempo-voa-patio-da-matriz-11\/\"><\/fb:share-button><\/span><span class=\"mr_social_sharing\"><a rel=\"nofollow\" class=\"linksalpha_button linksalpha_link\" href=\"\/\/www.linksalpha.com\/social\/mobile\" data-url=\"https:\/\/www.blogdopilako.com.br\/wp\/2023\/09\/20\/o-tempo-voa-patio-da-matriz-11\/\" data-text=\"O Tempo Voa: P\u00e1tio da Matriz.\" data-desc=\"Vis\u00e3o panor\u00e2mica do P\u00e1tio da Matriz - ao lado direito observamos a fachada do Clube Abanadores O Le\u00e3o - ano n\u00e3o registrado.\u00a0\" data-image=\"http:\/\/www.blogdopilako.com.br\/wp\/wp-content\/uploads\/2023\/09\/70399160_506330996813664_5582490064891412480_n.jpg\" data-button=\"none\">\n\t\t\t\t\t<img src=\"\/\/www.linksalpha.com\/images\/social_share_button.png\" alt=\"Share\" class=\"linksalpha_image\" \/>\n\t\t\t\t\t<\/a><script type=\"text\/javascript\" src=\"\/\/www.linksalpha.com\/scripts\/loader_iconbox.js?v=2.4\"><\/script><\/span><\/div>","protected":false},"excerpt":{"rendered":"\n\t\t\t\t<div class=\"mr_social_sharing_wrapper\">\n\t\t\t\t<!-- Social Sharing Toolkit v2.2 --><span class=\"mr_social_sharing_top\"><span style=\"display: inline-block; width: 55px; height: 62px; overflow: hidden;\"><div class=\"fb-like\" data-href=\"https:\/\/www.blogdopilako.com.br\/wp\/2023\/09\/20\/o-tempo-voa-patio-da-matriz-11\/\" data-send=\"false\" data-layout=\"box_count\" data-width=\"55\" data-show-faces=\"false\"><\/div><\/span><\/span><span class=\"mr_social_sharing_top\"><fb:share-button type=\"box_count\" href=\"https:\/\/www.blogdopilako.com.br\/wp\/2023\/09\/20\/o-tempo-voa-patio-da-matriz-11\/\"><\/fb:share-button><\/span><span class=\"mr_social_sharing\"><a rel=\"nofollow\" class=\"linksalpha_button linksalpha_link\" href=\"\/\/www.linksalpha.com\/social\/mobile\" data-url=\"https:\/\/www.blogdopilako.com.br\/wp\/2023\/09\/20\/o-tempo-voa-patio-da-matriz-11\/\" data-text=\"O Tempo Voa: P\u00e1tio da Matriz.\" data-desc=\"Vis\u00e3o panor\u00e2mica do P\u00e1tio da Matriz - ao lado direito observamos a fachada do Clube Abanadores O Le\u00e3o - ano n\u00e3o registrado.\u00a0\" data-image=\"\" data-button=\"none\">\n\t\t\t\t\t<img src=\"\/\/www.linksalpha.com\/images\/social_share_button.png\" alt=\"Share\" class=\"linksalpha_image\" \/>\n\t\t\t\t\t<\/a><script type=\"text\/javascript\" src=\"\/\/www.linksalpha.com\/scripts\/loader_iconbox.js?v=2.4\"><\/script><\/span><\/div><p>Vis\u00e3o panor\u00e2mica do P\u00e1tio da Matriz &#8211; ao lado direito observamos a fachada do Clube Abanadores O Le\u00e3o &#8211; ano n\u00e3o registrado.\u00a0<\/p>\n\n\t\t\t\t<div class=\"mr_social_sharing_wrapper\">\n\t\t\t\t<!-- Social Sharing Toolkit v2.2 --><span class=\"mr_social_sharing_top\"><span style=\"display: inline-block; width: 55px; height: 62px; overflow: hidden;\"><div class=\"fb-like\" data-href=\"https:\/\/www.blogdopilako.com.br\/wp\/2023\/09\/20\/o-tempo-voa-patio-da-matriz-11\/\" data-send=\"false\" data-layout=\"box_count\" data-width=\"55\" data-show-faces=\"false\"><\/div><\/span><\/span><span class=\"mr_social_sharing_top\"><fb:share-button type=\"box_count\" href=\"https:\/\/www.blogdopilako.com.br\/wp\/2023\/09\/20\/o-tempo-voa-patio-da-matriz-11\/\"><\/fb:share-button><\/span><span class=\"mr_social_sharing\"><a rel=\"nofollow\" class=\"linksalpha_button linksalpha_link\" href=\"\/\/www.linksalpha.com\/social\/mobile\" data-url=\"https:\/\/www.blogdopilako.com.br\/wp\/2023\/09\/20\/o-tempo-voa-patio-da-matriz-11\/\" data-text=\"O Tempo Voa: P\u00e1tio da Matriz.\" data-desc=\"Vis\u00e3o panor\u00e2mica do P\u00e1tio da Matriz - ao lado direito observamos a fachada do Clube Abanadores O Le\u00e3o - ano n\u00e3o registrado.\u00a0\" data-image=\"\" data-button=\"none\">\n\t\t\t\t\t<img src=\"\/\/www.linksalpha.com\/images\/social_share_button.png\" alt=\"Share\" class=\"linksalpha_image\" \/>\n\t\t\t\t\t<\/a><script type=\"text\/javascript\" src=\"\/\/www.linksalpha.com\/scripts\/loader_iconbox.js?v=2.4\"><\/script><\/span><\/div>","protected":false},"author":2,"featured_media":0,"comment_status":"open","ping_status":"open","sticky":false,"template":"","format":"standard","meta":[],"categories":[23],"tags":[],"_links":{"self":[{"href":"https:\/\/www.blogdopilako.com.br\/wp\/wp-json\/wp\/v2\/posts\/142042"}],"collection":[{"href":"https:\/\/www.blogdopilako.com.br\/wp\/wp-json\/wp\/v2\/posts"}],"about":[{"href":"https:\/\/www.blogdopilako.com.br\/wp\/wp-json\/wp\/v2\/types\/post"}],"author":[{"embeddable":true,"href":"https:\/\/www.blogdopilako.com.br\/wp\/wp-json\/wp\/v2\/users\/2"}],"replies":[{"embeddable":true,"href":"https:\/\/www.blogdopilako.com.br\/wp\/wp-json\/wp\/v2\/comments?post=142042"}],"version-history":[{"count":1,"href":"https:\/\/www.blogdopilako.com.br\/wp\/wp-json\/wp\/v2\/posts\/142042\/revisions"}],"predecessor-version":[{"id":142045,"href":"https:\/\/www.blogdopilako.com.br\/wp\/wp-json\/wp\/v2\/posts\/142042\/revisions\/142045"}],"wp:attachment":[{"href":"https:\/\/www.blogdopilako.com.br\/wp\/wp-json\/wp\/v2\/media?parent=142042"}],"wp:term":[{"taxonomy":"category","embeddable":true,"href":"https:\/\/www.blogdopilako.com.br\/wp\/wp-json\/wp\/v2\/categories?post=142042"},{"taxonomy":"post_tag","embeddable":true,"href":"https:\/\/www.blogdopilako.com.br\/wp\/wp-json\/wp\/v2\/tags?post=142042"}],"curies":[{"name":"wp","href":"https:\/\/api.w.org\/{rel}","templated":true}]}}