{"id":141100,"date":"2023-06-12T11:26:02","date_gmt":"2023-06-12T14:26:02","guid":{"rendered":"http:\/\/www.blogdopilako.com.br\/wp\/?p=141100"},"modified":"2023-06-12T11:26:02","modified_gmt":"2023-06-12T14:26:02","slug":"6a-festa-da-saudade-amanha-13-iniciaremos-as-vendas-de-mesas-e-camarotes","status":"publish","type":"post","link":"https:\/\/www.blogdopilako.com.br\/wp\/2023\/06\/12\/6a-festa-da-saudade-amanha-13-iniciaremos-as-vendas-de-mesas-e-camarotes\/","title":{"rendered":"6\u00aa Festa da Saudade &#8211; amanh\u00e3 (13) iniciaremos as vendas de mesas e camarotes!"},"content":{"rendered":"\n\t\t\t\t<div class=\"mr_social_sharing_wrapper\">\n\t\t\t\t<!-- Social Sharing Toolkit v2.2 --><span class=\"mr_social_sharing_top\"><span style=\"display: inline-block; width: 55px; height: 62px; overflow: hidden;\"><div class=\"fb-like\" data-href=\"https:\/\/www.blogdopilako.com.br\/wp\/2023\/06\/12\/6a-festa-da-saudade-amanha-13-iniciaremos-as-vendas-de-mesas-e-camarotes\/\" data-send=\"false\" data-layout=\"box_count\" data-width=\"55\" data-show-faces=\"false\"><\/div><\/span><\/span><span class=\"mr_social_sharing_top\"><fb:share-button type=\"box_count\" href=\"https:\/\/www.blogdopilako.com.br\/wp\/2023\/06\/12\/6a-festa-da-saudade-amanha-13-iniciaremos-as-vendas-de-mesas-e-camarotes\/\"><\/fb:share-button><\/span><span class=\"mr_social_sharing\"><a rel=\"nofollow\" class=\"linksalpha_button linksalpha_link\" href=\"\/\/www.linksalpha.com\/social\/mobile\" data-url=\"https:\/\/www.blogdopilako.com.br\/wp\/2023\/06\/12\/6a-festa-da-saudade-amanha-13-iniciaremos-as-vendas-de-mesas-e-camarotes\/\" data-text=\"6\u00aa Festa da Saudade \u2013 amanh\u00e3 (13) iniciaremos as vendas de mesas e camarotes!\" data-desc=\"Visando o encontro dan\u00e7ante mais esperado da nossa cidade - Festa da Saudade - amanh\u00e3, ter\u00e7a-feira (13), iniciaremos as reservas de mesas e camarotes para o evento. Em mais uma edi\u00e7\u00e3o,\u00a0 contaremos com a internacional Orquestra Super OARA.\u00a0 As melhores m\u00fasicas - para dan\u00e7ar a noite toda!!!\" data-image=\"http:\/\/www.blogdopilako.com.br\/wp\/wp-content\/uploads\/2023\/06\/OIP-1.jpg\" data-button=\"none\">\n\t\t\t\t\t<img src=\"\/\/www.linksalpha.com\/images\/social_share_button.png\" alt=\"Share\" class=\"linksalpha_image\" \/>\n\t\t\t\t\t<\/a><script type=\"text\/javascript\" src=\"\/\/www.linksalpha.com\/scripts\/loader_iconbox.js?v=2.4\"><\/script><\/span><\/div><p><img loading=\"lazy\" class=\"wp-image-141101 size-full alignright\" src=\"http:\/\/www.blogdopilako.com.br\/wp\/wp-content\/uploads\/2023\/06\/OIP-1.jpg\" alt=\"\" width=\"260\" height=\"180\" \/><\/p>\n<p style=\"text-align: justify;\"><strong>Visando o encontro dan\u00e7ante mais esperado da nossa cidade &#8211; Festa da Saudade &#8211; amanh\u00e3, ter\u00e7a-feira (13), iniciaremos as reservas de mesas e camarotes para o evento. Em mais uma edi\u00e7\u00e3o,\u00a0 contaremos com a internacional Orquestra Super OARA.\u00a0<\/strong><\/p>\n<p style=\"text-align: justify;\"><strong>As melhores m\u00fasicas &#8211; para dan\u00e7ar a noite toda!!!<\/strong><\/p>\n<p><img loading=\"lazy\" class=\"aligncenter wp-image-141102 size-large\" src=\"http:\/\/www.blogdopilako.com.br\/wp\/wp-content\/uploads\/2023\/06\/Pix-arte-final-2-18-1024x401.png\" alt=\"\" width=\"584\" height=\"229\" srcset=\"https:\/\/www.blogdopilako.com.br\/wp\/wp-content\/uploads\/2023\/06\/Pix-arte-final-2-18-1024x401.png 1024w, https:\/\/www.blogdopilako.com.br\/wp\/wp-content\/uploads\/2023\/06\/Pix-arte-final-2-18-300x117.png 300w, https:\/\/www.blogdopilako.com.br\/wp\/wp-content\/uploads\/2023\/06\/Pix-arte-final-2-18-768x301.png 768w, https:\/\/www.blogdopilako.com.br\/wp\/wp-content\/uploads\/2023\/06\/Pix-arte-final-2-18-1536x601.png 1536w, https:\/\/www.blogdopilako.com.br\/wp\/wp-content\/uploads\/2023\/06\/Pix-arte-final-2-18-2048x802.png 2048w, https:\/\/www.blogdopilako.com.br\/wp\/wp-content\/uploads\/2023\/06\/Pix-arte-final-2-18-500x196.png 500w\" sizes=\"(max-width: 584px) 100vw, 584px\" \/><\/p>\n\n\t\t\t\t<div class=\"mr_social_sharing_wrapper\">\n\t\t\t\t<!-- Social Sharing Toolkit v2.2 --><span class=\"mr_social_sharing_top\"><span style=\"display: inline-block; width: 55px; height: 62px; overflow: hidden;\"><div class=\"fb-like\" data-href=\"https:\/\/www.blogdopilako.com.br\/wp\/2023\/06\/12\/6a-festa-da-saudade-amanha-13-iniciaremos-as-vendas-de-mesas-e-camarotes\/\" data-send=\"false\" data-layout=\"box_count\" data-width=\"55\" data-show-faces=\"false\"><\/div><\/span><\/span><span class=\"mr_social_sharing_top\"><fb:share-button type=\"box_count\" href=\"https:\/\/www.blogdopilako.com.br\/wp\/2023\/06\/12\/6a-festa-da-saudade-amanha-13-iniciaremos-as-vendas-de-mesas-e-camarotes\/\"><\/fb:share-button><\/span><span class=\"mr_social_sharing\"><a rel=\"nofollow\" class=\"linksalpha_button linksalpha_link\" href=\"\/\/www.linksalpha.com\/social\/mobile\" data-url=\"https:\/\/www.blogdopilako.com.br\/wp\/2023\/06\/12\/6a-festa-da-saudade-amanha-13-iniciaremos-as-vendas-de-mesas-e-camarotes\/\" data-text=\"6\u00aa Festa da Saudade \u2013 amanh\u00e3 (13) iniciaremos as vendas de mesas e camarotes!\" data-desc=\"Visando o encontro dan\u00e7ante mais esperado da nossa cidade - Festa da Saudade - amanh\u00e3, ter\u00e7a-feira (13), iniciaremos as reservas de mesas e camarotes para o evento. Em mais uma edi\u00e7\u00e3o,\u00a0 contaremos com a internacional Orquestra Super OARA.\u00a0 As melhores m\u00fasicas - para dan\u00e7ar a noite toda!!!\" data-image=\"http:\/\/www.blogdopilako.com.br\/wp\/wp-content\/uploads\/2023\/06\/OIP-1.jpg\" data-button=\"none\">\n\t\t\t\t\t<img src=\"\/\/www.linksalpha.com\/images\/social_share_button.png\" alt=\"Share\" class=\"linksalpha_image\" \/>\n\t\t\t\t\t<\/a><script type=\"text\/javascript\" src=\"\/\/www.linksalpha.com\/scripts\/loader_iconbox.js?v=2.4\"><\/script><\/span><\/div>","protected":false},"excerpt":{"rendered":"\n\t\t\t\t<div class=\"mr_social_sharing_wrapper\">\n\t\t\t\t<!-- Social Sharing Toolkit v2.2 --><span class=\"mr_social_sharing_top\"><span style=\"display: inline-block; width: 55px; height: 62px; overflow: hidden;\"><div class=\"fb-like\" data-href=\"https:\/\/www.blogdopilako.com.br\/wp\/2023\/06\/12\/6a-festa-da-saudade-amanha-13-iniciaremos-as-vendas-de-mesas-e-camarotes\/\" data-send=\"false\" data-layout=\"box_count\" data-width=\"55\" data-show-faces=\"false\"><\/div><\/span><\/span><span class=\"mr_social_sharing_top\"><fb:share-button type=\"box_count\" href=\"https:\/\/www.blogdopilako.com.br\/wp\/2023\/06\/12\/6a-festa-da-saudade-amanha-13-iniciaremos-as-vendas-de-mesas-e-camarotes\/\"><\/fb:share-button><\/span><span class=\"mr_social_sharing\"><a rel=\"nofollow\" class=\"linksalpha_button linksalpha_link\" href=\"\/\/www.linksalpha.com\/social\/mobile\" data-url=\"https:\/\/www.blogdopilako.com.br\/wp\/2023\/06\/12\/6a-festa-da-saudade-amanha-13-iniciaremos-as-vendas-de-mesas-e-camarotes\/\" data-text=\"6\u00aa Festa da Saudade \u2013 amanh\u00e3 (13) iniciaremos as vendas de mesas e camarotes!\" data-desc=\"Visando o encontro dan\u00e7ante mais esperado da nossa cidade - Festa da Saudade - amanh\u00e3, ter\u00e7a-feira (13), iniciaremos as reservas de mesas e camarotes para o evento. Em mais uma edi\u00e7\u00e3o,\u00a0 contaremos com a internacional Orquestra Super OARA.\u00a0 As melhores m\u00fasicas - para dan\u00e7ar a noite toda!!!\" data-image=\"\" data-button=\"none\">\n\t\t\t\t\t<img src=\"\/\/www.linksalpha.com\/images\/social_share_button.png\" alt=\"Share\" class=\"linksalpha_image\" \/>\n\t\t\t\t\t<\/a><script type=\"text\/javascript\" src=\"\/\/www.linksalpha.com\/scripts\/loader_iconbox.js?v=2.4\"><\/script><\/span><\/div><p>Visando o encontro dan\u00e7ante mais esperado da nossa cidade &#8211; Festa da Saudade &#8211; amanh\u00e3, ter\u00e7a-feira (13), iniciaremos as reservas de mesas e camarotes para o evento. Em mais uma edi\u00e7\u00e3o,\u00a0 contaremos com a internacional Orquestra Super OARA.\u00a0 As melhores &hellip; <a href=\"https:\/\/www.blogdopilako.com.br\/wp\/2023\/06\/12\/6a-festa-da-saudade-amanha-13-iniciaremos-as-vendas-de-mesas-e-camarotes\/\">Continue lendo <span class=\"meta-nav\">&rarr;<\/span><\/a><\/p>\n\n\t\t\t\t<div class=\"mr_social_sharing_wrapper\">\n\t\t\t\t<!-- Social Sharing Toolkit v2.2 --><span class=\"mr_social_sharing_top\"><span style=\"display: inline-block; width: 55px; height: 62px; overflow: hidden;\"><div class=\"fb-like\" data-href=\"https:\/\/www.blogdopilako.com.br\/wp\/2023\/06\/12\/6a-festa-da-saudade-amanha-13-iniciaremos-as-vendas-de-mesas-e-camarotes\/\" data-send=\"false\" data-layout=\"box_count\" data-width=\"55\" data-show-faces=\"false\"><\/div><\/span><\/span><span class=\"mr_social_sharing_top\"><fb:share-button type=\"box_count\" href=\"https:\/\/www.blogdopilako.com.br\/wp\/2023\/06\/12\/6a-festa-da-saudade-amanha-13-iniciaremos-as-vendas-de-mesas-e-camarotes\/\"><\/fb:share-button><\/span><span class=\"mr_social_sharing\"><a rel=\"nofollow\" class=\"linksalpha_button linksalpha_link\" href=\"\/\/www.linksalpha.com\/social\/mobile\" data-url=\"https:\/\/www.blogdopilako.com.br\/wp\/2023\/06\/12\/6a-festa-da-saudade-amanha-13-iniciaremos-as-vendas-de-mesas-e-camarotes\/\" data-text=\"6\u00aa Festa da Saudade \u2013 amanh\u00e3 (13) iniciaremos as vendas de mesas e camarotes!\" data-desc=\"Visando o encontro dan\u00e7ante mais esperado da nossa cidade - Festa da Saudade - amanh\u00e3, ter\u00e7a-feira (13), iniciaremos as reservas de mesas e camarotes para o evento. Em mais uma edi\u00e7\u00e3o,\u00a0 contaremos com a internacional Orquestra Super OARA.\u00a0 As melhores m\u00fasicas - para dan\u00e7ar a noite toda!!!\" data-image=\"\" data-button=\"none\">\n\t\t\t\t\t<img src=\"\/\/www.linksalpha.com\/images\/social_share_button.png\" alt=\"Share\" class=\"linksalpha_image\" \/>\n\t\t\t\t\t<\/a><script type=\"text\/javascript\" src=\"\/\/www.linksalpha.com\/scripts\/loader_iconbox.js?v=2.4\"><\/script><\/span><\/div>","protected":false},"author":2,"featured_media":0,"comment_status":"open","ping_status":"open","sticky":false,"template":"","format":"standard","meta":[],"categories":[21],"tags":[],"_links":{"self":[{"href":"https:\/\/www.blogdopilako.com.br\/wp\/wp-json\/wp\/v2\/posts\/141100"}],"collection":[{"href":"https:\/\/www.blogdopilako.com.br\/wp\/wp-json\/wp\/v2\/posts"}],"about":[{"href":"https:\/\/www.blogdopilako.com.br\/wp\/wp-json\/wp\/v2\/types\/post"}],"author":[{"embeddable":true,"href":"https:\/\/www.blogdopilako.com.br\/wp\/wp-json\/wp\/v2\/users\/2"}],"replies":[{"embeddable":true,"href":"https:\/\/www.blogdopilako.com.br\/wp\/wp-json\/wp\/v2\/comments?post=141100"}],"version-history":[{"count":1,"href":"https:\/\/www.blogdopilako.com.br\/wp\/wp-json\/wp\/v2\/posts\/141100\/revisions"}],"predecessor-version":[{"id":141103,"href":"https:\/\/www.blogdopilako.com.br\/wp\/wp-json\/wp\/v2\/posts\/141100\/revisions\/141103"}],"wp:attachment":[{"href":"https:\/\/www.blogdopilako.com.br\/wp\/wp-json\/wp\/v2\/media?parent=141100"}],"wp:term":[{"taxonomy":"category","embeddable":true,"href":"https:\/\/www.blogdopilako.com.br\/wp\/wp-json\/wp\/v2\/categories?post=141100"},{"taxonomy":"post_tag","embeddable":true,"href":"https:\/\/www.blogdopilako.com.br\/wp\/wp-json\/wp\/v2\/tags?post=141100"}],"curies":[{"name":"wp","href":"https:\/\/api.w.org\/{rel}","templated":true}]}}