{"id":140998,"date":"2023-06-01T11:13:09","date_gmt":"2023-06-01T14:13:09","guid":{"rendered":"http:\/\/www.blogdopilako.com.br\/wp\/?p=140998"},"modified":"2023-06-01T16:33:26","modified_gmt":"2023-06-01T19:33:26","slug":"novo-sistema-de-pesos-e-medidas-ha-150-anos-corrida-com-historia","status":"publish","type":"post","link":"https:\/\/www.blogdopilako.com.br\/wp\/2023\/06\/01\/novo-sistema-de-pesos-e-medidas-ha-150-anos-corrida-com-historia\/","title":{"rendered":"Novo sistema de pesos e medidas &#8211; h\u00e1 150 anos &#8211; Corrida Com Hist\u00f3ria."},"content":{"rendered":"\n\t\t\t\t<div class=\"mr_social_sharing_wrapper\">\n\t\t\t\t<!-- Social Sharing Toolkit v2.2 --><span class=\"mr_social_sharing_top\"><span style=\"display: inline-block; width: 55px; height: 62px; overflow: hidden;\"><div class=\"fb-like\" data-href=\"https:\/\/www.blogdopilako.com.br\/wp\/2023\/06\/01\/novo-sistema-de-pesos-e-medidas-ha-150-anos-corrida-com-historia\/\" data-send=\"false\" data-layout=\"box_count\" data-width=\"55\" data-show-faces=\"false\"><\/div><\/span><\/span><span class=\"mr_social_sharing_top\"><fb:share-button type=\"box_count\" href=\"https:\/\/www.blogdopilako.com.br\/wp\/2023\/06\/01\/novo-sistema-de-pesos-e-medidas-ha-150-anos-corrida-com-historia\/\"><\/fb:share-button><\/span><span class=\"mr_social_sharing\"><a rel=\"nofollow\" class=\"linksalpha_button linksalpha_link\" href=\"\/\/www.linksalpha.com\/social\/mobile\" data-url=\"https:\/\/www.blogdopilako.com.br\/wp\/2023\/06\/01\/novo-sistema-de-pesos-e-medidas-ha-150-anos-corrida-com-historia\/\" data-text=\"Novo sistema de pesos e medidas \u2013 h\u00e1 150 anos \u2013 Corrida Com Hist\u00f3ria.\" data-desc=\"Importado da Fran\u00e7a, o novo sistema de pesos e medidas que come\u00e7ou a vigorar no Brasil no in\u00edcio da s\u00e9tima d\u00e9cada do s\u00e9culo XIX substituiu os trazidos pelos \u00a0portugueses, \u00a0por ocasi\u00e3o do nosso \u201cdescobrimento\u201d. Entre outras refer\u00eancias a arroba, a libra e a oitava \u00a0deram lugar ao\" data-image=\"http:\/\/www.blogdopilako.com.br\/wp\/wp-content\/uploads\/2023\/06\/1f101bd0-e56b-406e-a7f7-bacd6f3ab2a6-225x300.jpg\" data-button=\"none\">\n\t\t\t\t\t<img src=\"\/\/www.linksalpha.com\/images\/social_share_button.png\" alt=\"Share\" class=\"linksalpha_image\" \/>\n\t\t\t\t\t<\/a><script type=\"text\/javascript\" src=\"\/\/www.linksalpha.com\/scripts\/loader_iconbox.js?v=2.4\"><\/script><\/span><\/div><p><img loading=\"lazy\" class=\"wp-image-141000 size-medium alignright\" src=\"http:\/\/www.blogdopilako.com.br\/wp\/wp-content\/uploads\/2023\/06\/1f101bd0-e56b-406e-a7f7-bacd6f3ab2a6-225x300.jpg\" alt=\"\" width=\"225\" height=\"300\" srcset=\"https:\/\/www.blogdopilako.com.br\/wp\/wp-content\/uploads\/2023\/06\/1f101bd0-e56b-406e-a7f7-bacd6f3ab2a6-225x300.jpg 225w, https:\/\/www.blogdopilako.com.br\/wp\/wp-content\/uploads\/2023\/06\/1f101bd0-e56b-406e-a7f7-bacd6f3ab2a6-769x1024.jpg 769w, https:\/\/www.blogdopilako.com.br\/wp\/wp-content\/uploads\/2023\/06\/1f101bd0-e56b-406e-a7f7-bacd6f3ab2a6-768x1022.jpg 768w, https:\/\/www.blogdopilako.com.br\/wp\/wp-content\/uploads\/2023\/06\/1f101bd0-e56b-406e-a7f7-bacd6f3ab2a6-1154x1536.jpg 1154w, https:\/\/www.blogdopilako.com.br\/wp\/wp-content\/uploads\/2023\/06\/1f101bd0-e56b-406e-a7f7-bacd6f3ab2a6.jpg 1202w\" sizes=\"(max-width: 225px) 100vw, 225px\" \/><\/p>\n<p style=\"text-align: justify;\">Importado da Fran\u00e7a, o novo sistema de pesos e medidas que come\u00e7ou a vigorar no Brasil no in\u00edcio da s\u00e9tima d\u00e9cada do s\u00e9culo XIX substituiu os trazidos pelos \u00a0portugueses, \u00a0por ocasi\u00e3o do nosso \u201cdescobrimento\u201d.<\/p>\n<p style=\"text-align: justify;\">Entre outras refer\u00eancias a arroba, a libra e a oitava \u00a0deram lugar ao quilo, \u00a0para os produtos medidos e negociados por peso. Para os produtos l\u00edquidos: \u00a0a canada, a pipa e o quartilho foram substitu\u00eddos pelo litro. J\u00e1 para as unidades de cumprimentos, o metro sepultou a bra\u00e7a, a vara, o palmo, o p\u00e9, e o c\u00f4vado.<\/p>\n<p style=\"text-align: justify;\">Pois bem, foram com essas novas medidas que o com\u00e9rcio e a popula\u00e7\u00e3o antonense tiveram que conviver e aderir a partir do dia 1\u00ba de junho de 1873, ou seja:<strong> h\u00e1 exatos 150 anos.<\/strong> Evidentemente que essas mudan\u00e7as n\u00e3o foram f\u00e1ceis, muito menos absorvidas rapidamente.<\/p>\n<p style=\"text-align: justify;\">Os novos padr\u00f5es\u00a0 &#8211;<strong> balan\u00e7as, pesos e etc \u2013<\/strong> haveriam de ser compradas ou alugadas as autoridades que ainda cobravam por aferi\u00e7\u00f5es peri\u00f3dicas. Nem os comerciantes gostaram,\u00a0 muito menos a clientela. Ali\u00e1s, essas mudan\u00e7as deflagraram um movimento no\u00a0 Nordeste\u00a0 brasileiro \u2013 iniciado no interior do estado da Para\u00edba \u2013 que ficou conhecido como<strong> \u201c A Revolta dos \u00a0Quebra-Quilos\u201d.<\/strong><\/p>\n<p style=\"text-align: justify;\">Portanto, hoje, 1\u00ba de junho de 2023,\u00a0 marca os 150 anos do inicio oficial dessa grande transforma\u00e7\u00e3o na nossa, ent\u00e3o rec\u00e9m-criada,\u00a0 \u201cCidade da Vit\u00f3ria\u201d \u2013 <strong>Corrida Com Hist\u00f3ria.<\/strong><\/p>\n<p><strong>Veja o v\u00eddeo aqui<\/strong>:<\/p>\n<p><a href=\"https:\/\/youtube.com\/shorts\/lCL56RBUiUQ?feature=share\">https:\/\/youtube.com\/shorts\/lCL56RBUiUQ?feature=share<\/a><\/p>\n<p><img loading=\"lazy\" class=\"aligncenter wp-image-140999 size-large\" src=\"http:\/\/www.blogdopilako.com.br\/wp\/wp-content\/uploads\/2023\/06\/Pix-arte-final-2-1-1024x401.png\" alt=\"\" width=\"584\" height=\"229\" srcset=\"https:\/\/www.blogdopilako.com.br\/wp\/wp-content\/uploads\/2023\/06\/Pix-arte-final-2-1-1024x401.png 1024w, https:\/\/www.blogdopilako.com.br\/wp\/wp-content\/uploads\/2023\/06\/Pix-arte-final-2-1-300x117.png 300w, https:\/\/www.blogdopilako.com.br\/wp\/wp-content\/uploads\/2023\/06\/Pix-arte-final-2-1-768x301.png 768w, https:\/\/www.blogdopilako.com.br\/wp\/wp-content\/uploads\/2023\/06\/Pix-arte-final-2-1-1536x601.png 1536w, https:\/\/www.blogdopilako.com.br\/wp\/wp-content\/uploads\/2023\/06\/Pix-arte-final-2-1-2048x802.png 2048w, https:\/\/www.blogdopilako.com.br\/wp\/wp-content\/uploads\/2023\/06\/Pix-arte-final-2-1-500x196.png 500w\" sizes=\"(max-width: 584px) 100vw, 584px\" \/><\/p>\n\n\t\t\t\t<div class=\"mr_social_sharing_wrapper\">\n\t\t\t\t<!-- Social Sharing Toolkit v2.2 --><span class=\"mr_social_sharing_top\"><span style=\"display: inline-block; width: 55px; height: 62px; overflow: hidden;\"><div class=\"fb-like\" data-href=\"https:\/\/www.blogdopilako.com.br\/wp\/2023\/06\/01\/novo-sistema-de-pesos-e-medidas-ha-150-anos-corrida-com-historia\/\" data-send=\"false\" data-layout=\"box_count\" data-width=\"55\" data-show-faces=\"false\"><\/div><\/span><\/span><span class=\"mr_social_sharing_top\"><fb:share-button type=\"box_count\" href=\"https:\/\/www.blogdopilako.com.br\/wp\/2023\/06\/01\/novo-sistema-de-pesos-e-medidas-ha-150-anos-corrida-com-historia\/\"><\/fb:share-button><\/span><span class=\"mr_social_sharing\"><a rel=\"nofollow\" class=\"linksalpha_button linksalpha_link\" href=\"\/\/www.linksalpha.com\/social\/mobile\" data-url=\"https:\/\/www.blogdopilako.com.br\/wp\/2023\/06\/01\/novo-sistema-de-pesos-e-medidas-ha-150-anos-corrida-com-historia\/\" data-text=\"Novo sistema de pesos e medidas \u2013 h\u00e1 150 anos \u2013 Corrida Com Hist\u00f3ria.\" data-desc=\"Importado da Fran\u00e7a, o novo sistema de pesos e medidas que come\u00e7ou a vigorar no Brasil no in\u00edcio da s\u00e9tima d\u00e9cada do s\u00e9culo XIX substituiu os trazidos pelos \u00a0portugueses, \u00a0por ocasi\u00e3o do nosso \u201cdescobrimento\u201d. Entre outras refer\u00eancias a arroba, a libra e a oitava \u00a0deram lugar ao\" data-image=\"http:\/\/www.blogdopilako.com.br\/wp\/wp-content\/uploads\/2023\/06\/1f101bd0-e56b-406e-a7f7-bacd6f3ab2a6-225x300.jpg\" data-button=\"none\">\n\t\t\t\t\t<img src=\"\/\/www.linksalpha.com\/images\/social_share_button.png\" alt=\"Share\" class=\"linksalpha_image\" \/>\n\t\t\t\t\t<\/a><script type=\"text\/javascript\" src=\"\/\/www.linksalpha.com\/scripts\/loader_iconbox.js?v=2.4\"><\/script><\/span><\/div>","protected":false},"excerpt":{"rendered":"\n\t\t\t\t<div class=\"mr_social_sharing_wrapper\">\n\t\t\t\t<!-- Social Sharing Toolkit v2.2 --><span class=\"mr_social_sharing_top\"><span style=\"display: inline-block; width: 55px; height: 62px; overflow: hidden;\"><div class=\"fb-like\" data-href=\"https:\/\/www.blogdopilako.com.br\/wp\/2023\/06\/01\/novo-sistema-de-pesos-e-medidas-ha-150-anos-corrida-com-historia\/\" data-send=\"false\" data-layout=\"box_count\" data-width=\"55\" data-show-faces=\"false\"><\/div><\/span><\/span><span class=\"mr_social_sharing_top\"><fb:share-button type=\"box_count\" href=\"https:\/\/www.blogdopilako.com.br\/wp\/2023\/06\/01\/novo-sistema-de-pesos-e-medidas-ha-150-anos-corrida-com-historia\/\"><\/fb:share-button><\/span><span class=\"mr_social_sharing\"><a rel=\"nofollow\" class=\"linksalpha_button linksalpha_link\" href=\"\/\/www.linksalpha.com\/social\/mobile\" data-url=\"https:\/\/www.blogdopilako.com.br\/wp\/2023\/06\/01\/novo-sistema-de-pesos-e-medidas-ha-150-anos-corrida-com-historia\/\" data-text=\"Novo sistema de pesos e medidas \u2013 h\u00e1 150 anos \u2013 Corrida Com Hist\u00f3ria.\" data-desc=\"Importado da Fran\u00e7a, o novo sistema de pesos e medidas que come\u00e7ou a vigorar no Brasil no in\u00edcio da s\u00e9tima d\u00e9cada do s\u00e9culo XIX substituiu os trazidos pelos \u00a0portugueses, \u00a0por ocasi\u00e3o do nosso \u201cdescobrimento\u201d. Entre outras refer\u00eancias a arroba, a libra e a oitava \u00a0deram lugar ao\" data-image=\"\" data-button=\"none\">\n\t\t\t\t\t<img src=\"\/\/www.linksalpha.com\/images\/social_share_button.png\" alt=\"Share\" class=\"linksalpha_image\" \/>\n\t\t\t\t\t<\/a><script type=\"text\/javascript\" src=\"\/\/www.linksalpha.com\/scripts\/loader_iconbox.js?v=2.4\"><\/script><\/span><\/div><p>Importado da Fran\u00e7a, o novo sistema de pesos e medidas que come\u00e7ou a vigorar no Brasil no in\u00edcio da s\u00e9tima d\u00e9cada do s\u00e9culo XIX substituiu os trazidos pelos \u00a0portugueses, \u00a0por ocasi\u00e3o do nosso \u201cdescobrimento\u201d. Entre outras refer\u00eancias a arroba, a &hellip; <a href=\"https:\/\/www.blogdopilako.com.br\/wp\/2023\/06\/01\/novo-sistema-de-pesos-e-medidas-ha-150-anos-corrida-com-historia\/\">Continue lendo <span class=\"meta-nav\">&rarr;<\/span><\/a><\/p>\n\n\t\t\t\t<div class=\"mr_social_sharing_wrapper\">\n\t\t\t\t<!-- Social Sharing Toolkit v2.2 --><span class=\"mr_social_sharing_top\"><span style=\"display: inline-block; width: 55px; height: 62px; overflow: hidden;\"><div class=\"fb-like\" data-href=\"https:\/\/www.blogdopilako.com.br\/wp\/2023\/06\/01\/novo-sistema-de-pesos-e-medidas-ha-150-anos-corrida-com-historia\/\" data-send=\"false\" data-layout=\"box_count\" data-width=\"55\" data-show-faces=\"false\"><\/div><\/span><\/span><span class=\"mr_social_sharing_top\"><fb:share-button type=\"box_count\" href=\"https:\/\/www.blogdopilako.com.br\/wp\/2023\/06\/01\/novo-sistema-de-pesos-e-medidas-ha-150-anos-corrida-com-historia\/\"><\/fb:share-button><\/span><span class=\"mr_social_sharing\"><a rel=\"nofollow\" class=\"linksalpha_button linksalpha_link\" href=\"\/\/www.linksalpha.com\/social\/mobile\" data-url=\"https:\/\/www.blogdopilako.com.br\/wp\/2023\/06\/01\/novo-sistema-de-pesos-e-medidas-ha-150-anos-corrida-com-historia\/\" data-text=\"Novo sistema de pesos e medidas \u2013 h\u00e1 150 anos \u2013 Corrida Com Hist\u00f3ria.\" data-desc=\"Importado da Fran\u00e7a, o novo sistema de pesos e medidas que come\u00e7ou a vigorar no Brasil no in\u00edcio da s\u00e9tima d\u00e9cada do s\u00e9culo XIX substituiu os trazidos pelos \u00a0portugueses, \u00a0por ocasi\u00e3o do nosso \u201cdescobrimento\u201d. Entre outras refer\u00eancias a arroba, a libra e a oitava \u00a0deram lugar ao\" data-image=\"\" data-button=\"none\">\n\t\t\t\t\t<img src=\"\/\/www.linksalpha.com\/images\/social_share_button.png\" alt=\"Share\" class=\"linksalpha_image\" \/>\n\t\t\t\t\t<\/a><script type=\"text\/javascript\" src=\"\/\/www.linksalpha.com\/scripts\/loader_iconbox.js?v=2.4\"><\/script><\/span><\/div>","protected":false},"author":2,"featured_media":0,"comment_status":"open","ping_status":"open","sticky":false,"template":"","format":"standard","meta":[],"categories":[151],"tags":[],"_links":{"self":[{"href":"https:\/\/www.blogdopilako.com.br\/wp\/wp-json\/wp\/v2\/posts\/140998"}],"collection":[{"href":"https:\/\/www.blogdopilako.com.br\/wp\/wp-json\/wp\/v2\/posts"}],"about":[{"href":"https:\/\/www.blogdopilako.com.br\/wp\/wp-json\/wp\/v2\/types\/post"}],"author":[{"embeddable":true,"href":"https:\/\/www.blogdopilako.com.br\/wp\/wp-json\/wp\/v2\/users\/2"}],"replies":[{"embeddable":true,"href":"https:\/\/www.blogdopilako.com.br\/wp\/wp-json\/wp\/v2\/comments?post=140998"}],"version-history":[{"count":3,"href":"https:\/\/www.blogdopilako.com.br\/wp\/wp-json\/wp\/v2\/posts\/140998\/revisions"}],"predecessor-version":[{"id":141003,"href":"https:\/\/www.blogdopilako.com.br\/wp\/wp-json\/wp\/v2\/posts\/140998\/revisions\/141003"}],"wp:attachment":[{"href":"https:\/\/www.blogdopilako.com.br\/wp\/wp-json\/wp\/v2\/media?parent=140998"}],"wp:term":[{"taxonomy":"category","embeddable":true,"href":"https:\/\/www.blogdopilako.com.br\/wp\/wp-json\/wp\/v2\/categories?post=140998"},{"taxonomy":"post_tag","embeddable":true,"href":"https:\/\/www.blogdopilako.com.br\/wp\/wp-json\/wp\/v2\/tags?post=140998"}],"curies":[{"name":"wp","href":"https:\/\/api.w.org\/{rel}","templated":true}]}}