{"id":140879,"date":"2023-05-16T16:21:22","date_gmt":"2023-05-16T19:21:22","guid":{"rendered":"http:\/\/www.blogdopilako.com.br\/wp\/?p=140879"},"modified":"2023-05-16T16:23:15","modified_gmt":"2023-05-16T19:23:15","slug":"para-o-dia-do-gari-sosigenes-bittencourt","status":"publish","type":"post","link":"https:\/\/www.blogdopilako.com.br\/wp\/2023\/05\/16\/para-o-dia-do-gari-sosigenes-bittencourt\/","title":{"rendered":"PARA O DIA DO GARI &#8211; Sos\u00edgenes Bittencourt."},"content":{"rendered":"\n\t\t\t\t<div class=\"mr_social_sharing_wrapper\">\n\t\t\t\t<!-- Social Sharing Toolkit v2.2 --><span class=\"mr_social_sharing_top\"><span style=\"display: inline-block; width: 55px; height: 62px; overflow: hidden;\"><div class=\"fb-like\" data-href=\"https:\/\/www.blogdopilako.com.br\/wp\/2023\/05\/16\/para-o-dia-do-gari-sosigenes-bittencourt\/\" data-send=\"false\" data-layout=\"box_count\" data-width=\"55\" data-show-faces=\"false\"><\/div><\/span><\/span><span class=\"mr_social_sharing_top\"><fb:share-button type=\"box_count\" href=\"https:\/\/www.blogdopilako.com.br\/wp\/2023\/05\/16\/para-o-dia-do-gari-sosigenes-bittencourt\/\"><\/fb:share-button><\/span><span class=\"mr_social_sharing\"><a rel=\"nofollow\" class=\"linksalpha_button linksalpha_link\" href=\"\/\/www.linksalpha.com\/social\/mobile\" data-url=\"https:\/\/www.blogdopilako.com.br\/wp\/2023\/05\/16\/para-o-dia-do-gari-sosigenes-bittencourt\/\" data-text=\"PARA O DIA DO GARI \u2013 Sos\u00edgenes Bittencourt.\" data-desc=\"No Dia do Gari, n\u00e3o haver\u00e1 coleta de lixo no Distrito Federal, local de sujeira moral. Se todos varressem a frente de suas casas, as cidades acordariam mais higienizadas. Poluir o meio ambiente \u00e9 uma forma de lambuzar-se. \u00d3dio e Inveja s\u00e3o lixos mentais. Seja gari de suas emo\u00e7\u00f5es. Sos\u00edgenes\" data-image=\"http:\/\/www.blogdopilako.com.br\/wp\/wp-content\/uploads\/2023\/05\/6b7fd3fb-72c9-4325-b0a2-f0779af1391c.jpg\" data-button=\"none\">\n\t\t\t\t\t<img src=\"\/\/www.linksalpha.com\/images\/social_share_button.png\" alt=\"Share\" class=\"linksalpha_image\" \/>\n\t\t\t\t\t<\/a><script type=\"text\/javascript\" src=\"\/\/www.linksalpha.com\/scripts\/loader_iconbox.js?v=2.4\"><\/script><\/span><\/div><p style=\"text-align: justify;\"><img loading=\"lazy\" class=\"aligncenter wp-image-140880 size-full\" src=\"http:\/\/www.blogdopilako.com.br\/wp\/wp-content\/uploads\/2023\/05\/6b7fd3fb-72c9-4325-b0a2-f0779af1391c.jpg\" alt=\"\" width=\"442\" height=\"342\" srcset=\"https:\/\/www.blogdopilako.com.br\/wp\/wp-content\/uploads\/2023\/05\/6b7fd3fb-72c9-4325-b0a2-f0779af1391c.jpg 442w, https:\/\/www.blogdopilako.com.br\/wp\/wp-content\/uploads\/2023\/05\/6b7fd3fb-72c9-4325-b0a2-f0779af1391c-300x232.jpg 300w, https:\/\/www.blogdopilako.com.br\/wp\/wp-content\/uploads\/2023\/05\/6b7fd3fb-72c9-4325-b0a2-f0779af1391c-388x300.jpg 388w\" sizes=\"(max-width: 442px) 100vw, 442px\" \/>No Dia do Gari, n\u00e3o haver\u00e1 coleta de lixo no Distrito Federal, local de sujeira moral.<br \/>\nSe todos varressem a frente de suas casas, as cidades acordariam mais higienizadas.<br \/>\nPoluir o meio ambiente \u00e9 uma forma de lambuzar-se. \u00d3dio e Inveja s\u00e3o lixos mentais. Seja gari de suas emo\u00e7\u00f5es.<\/p>\n<p><strong>Sos\u00edgenes Bittencourt<\/strong><\/p>\n<p><img loading=\"lazy\" class=\"aligncenter wp-image-140881 size-large\" src=\"http:\/\/www.blogdopilako.com.br\/wp\/wp-content\/uploads\/2023\/05\/Pix-arte-final-2-22-1024x401.png\" alt=\"\" width=\"584\" height=\"229\" srcset=\"https:\/\/www.blogdopilako.com.br\/wp\/wp-content\/uploads\/2023\/05\/Pix-arte-final-2-22-1024x401.png 1024w, https:\/\/www.blogdopilako.com.br\/wp\/wp-content\/uploads\/2023\/05\/Pix-arte-final-2-22-300x117.png 300w, https:\/\/www.blogdopilako.com.br\/wp\/wp-content\/uploads\/2023\/05\/Pix-arte-final-2-22-768x301.png 768w, https:\/\/www.blogdopilako.com.br\/wp\/wp-content\/uploads\/2023\/05\/Pix-arte-final-2-22-1536x601.png 1536w, https:\/\/www.blogdopilako.com.br\/wp\/wp-content\/uploads\/2023\/05\/Pix-arte-final-2-22-2048x802.png 2048w, https:\/\/www.blogdopilako.com.br\/wp\/wp-content\/uploads\/2023\/05\/Pix-arte-final-2-22-500x196.png 500w\" sizes=\"(max-width: 584px) 100vw, 584px\" \/><\/p>\n\n\t\t\t\t<div class=\"mr_social_sharing_wrapper\">\n\t\t\t\t<!-- Social Sharing Toolkit v2.2 --><span class=\"mr_social_sharing_top\"><span style=\"display: inline-block; width: 55px; height: 62px; overflow: hidden;\"><div class=\"fb-like\" data-href=\"https:\/\/www.blogdopilako.com.br\/wp\/2023\/05\/16\/para-o-dia-do-gari-sosigenes-bittencourt\/\" data-send=\"false\" data-layout=\"box_count\" data-width=\"55\" data-show-faces=\"false\"><\/div><\/span><\/span><span class=\"mr_social_sharing_top\"><fb:share-button type=\"box_count\" href=\"https:\/\/www.blogdopilako.com.br\/wp\/2023\/05\/16\/para-o-dia-do-gari-sosigenes-bittencourt\/\"><\/fb:share-button><\/span><span class=\"mr_social_sharing\"><a rel=\"nofollow\" class=\"linksalpha_button linksalpha_link\" href=\"\/\/www.linksalpha.com\/social\/mobile\" data-url=\"https:\/\/www.blogdopilako.com.br\/wp\/2023\/05\/16\/para-o-dia-do-gari-sosigenes-bittencourt\/\" data-text=\"PARA O DIA DO GARI \u2013 Sos\u00edgenes Bittencourt.\" data-desc=\"No Dia do Gari, n\u00e3o haver\u00e1 coleta de lixo no Distrito Federal, local de sujeira moral. Se todos varressem a frente de suas casas, as cidades acordariam mais higienizadas. Poluir o meio ambiente \u00e9 uma forma de lambuzar-se. \u00d3dio e Inveja s\u00e3o lixos mentais. Seja gari de suas emo\u00e7\u00f5es. Sos\u00edgenes\" data-image=\"http:\/\/www.blogdopilako.com.br\/wp\/wp-content\/uploads\/2023\/05\/6b7fd3fb-72c9-4325-b0a2-f0779af1391c.jpg\" data-button=\"none\">\n\t\t\t\t\t<img src=\"\/\/www.linksalpha.com\/images\/social_share_button.png\" alt=\"Share\" class=\"linksalpha_image\" \/>\n\t\t\t\t\t<\/a><script type=\"text\/javascript\" src=\"\/\/www.linksalpha.com\/scripts\/loader_iconbox.js?v=2.4\"><\/script><\/span><\/div>","protected":false},"excerpt":{"rendered":"\n\t\t\t\t<div class=\"mr_social_sharing_wrapper\">\n\t\t\t\t<!-- Social Sharing Toolkit v2.2 --><span class=\"mr_social_sharing_top\"><span style=\"display: inline-block; width: 55px; height: 62px; overflow: hidden;\"><div class=\"fb-like\" data-href=\"https:\/\/www.blogdopilako.com.br\/wp\/2023\/05\/16\/para-o-dia-do-gari-sosigenes-bittencourt\/\" data-send=\"false\" data-layout=\"box_count\" data-width=\"55\" data-show-faces=\"false\"><\/div><\/span><\/span><span class=\"mr_social_sharing_top\"><fb:share-button type=\"box_count\" href=\"https:\/\/www.blogdopilako.com.br\/wp\/2023\/05\/16\/para-o-dia-do-gari-sosigenes-bittencourt\/\"><\/fb:share-button><\/span><span class=\"mr_social_sharing\"><a rel=\"nofollow\" class=\"linksalpha_button linksalpha_link\" href=\"\/\/www.linksalpha.com\/social\/mobile\" data-url=\"https:\/\/www.blogdopilako.com.br\/wp\/2023\/05\/16\/para-o-dia-do-gari-sosigenes-bittencourt\/\" data-text=\"PARA O DIA DO GARI \u2013 Sos\u00edgenes Bittencourt.\" data-desc=\"No Dia do Gari, n\u00e3o haver\u00e1 coleta de lixo no Distrito Federal, local de sujeira moral. Se todos varressem a frente de suas casas, as cidades acordariam mais higienizadas. Poluir o meio ambiente \u00e9 uma forma de lambuzar-se. \u00d3dio e Inveja s\u00e3o lixos mentais. Seja gari de suas emo\u00e7\u00f5es. Sos\u00edgenes\" data-image=\"\" data-button=\"none\">\n\t\t\t\t\t<img src=\"\/\/www.linksalpha.com\/images\/social_share_button.png\" alt=\"Share\" class=\"linksalpha_image\" \/>\n\t\t\t\t\t<\/a><script type=\"text\/javascript\" src=\"\/\/www.linksalpha.com\/scripts\/loader_iconbox.js?v=2.4\"><\/script><\/span><\/div><p>No Dia do Gari, n\u00e3o haver\u00e1 coleta de lixo no Distrito Federal, local de sujeira moral. Se todos varressem a frente de suas casas, as cidades acordariam mais higienizadas. Poluir o meio ambiente \u00e9 uma forma de lambuzar-se. \u00d3dio e &hellip; <a href=\"https:\/\/www.blogdopilako.com.br\/wp\/2023\/05\/16\/para-o-dia-do-gari-sosigenes-bittencourt\/\">Continue lendo <span class=\"meta-nav\">&rarr;<\/span><\/a><\/p>\n\n\t\t\t\t<div class=\"mr_social_sharing_wrapper\">\n\t\t\t\t<!-- Social Sharing Toolkit v2.2 --><span class=\"mr_social_sharing_top\"><span style=\"display: inline-block; width: 55px; height: 62px; overflow: hidden;\"><div class=\"fb-like\" data-href=\"https:\/\/www.blogdopilako.com.br\/wp\/2023\/05\/16\/para-o-dia-do-gari-sosigenes-bittencourt\/\" data-send=\"false\" data-layout=\"box_count\" data-width=\"55\" data-show-faces=\"false\"><\/div><\/span><\/span><span class=\"mr_social_sharing_top\"><fb:share-button type=\"box_count\" href=\"https:\/\/www.blogdopilako.com.br\/wp\/2023\/05\/16\/para-o-dia-do-gari-sosigenes-bittencourt\/\"><\/fb:share-button><\/span><span class=\"mr_social_sharing\"><a rel=\"nofollow\" class=\"linksalpha_button linksalpha_link\" href=\"\/\/www.linksalpha.com\/social\/mobile\" data-url=\"https:\/\/www.blogdopilako.com.br\/wp\/2023\/05\/16\/para-o-dia-do-gari-sosigenes-bittencourt\/\" data-text=\"PARA O DIA DO GARI \u2013 Sos\u00edgenes Bittencourt.\" data-desc=\"No Dia do Gari, n\u00e3o haver\u00e1 coleta de lixo no Distrito Federal, local de sujeira moral. Se todos varressem a frente de suas casas, as cidades acordariam mais higienizadas. Poluir o meio ambiente \u00e9 uma forma de lambuzar-se. \u00d3dio e Inveja s\u00e3o lixos mentais. Seja gari de suas emo\u00e7\u00f5es. Sos\u00edgenes\" data-image=\"\" data-button=\"none\">\n\t\t\t\t\t<img src=\"\/\/www.linksalpha.com\/images\/social_share_button.png\" alt=\"Share\" class=\"linksalpha_image\" \/>\n\t\t\t\t\t<\/a><script type=\"text\/javascript\" src=\"\/\/www.linksalpha.com\/scripts\/loader_iconbox.js?v=2.4\"><\/script><\/span><\/div>","protected":false},"author":2,"featured_media":0,"comment_status":"open","ping_status":"open","sticky":false,"template":"","format":"standard","meta":[],"categories":[20],"tags":[],"_links":{"self":[{"href":"https:\/\/www.blogdopilako.com.br\/wp\/wp-json\/wp\/v2\/posts\/140879"}],"collection":[{"href":"https:\/\/www.blogdopilako.com.br\/wp\/wp-json\/wp\/v2\/posts"}],"about":[{"href":"https:\/\/www.blogdopilako.com.br\/wp\/wp-json\/wp\/v2\/types\/post"}],"author":[{"embeddable":true,"href":"https:\/\/www.blogdopilako.com.br\/wp\/wp-json\/wp\/v2\/users\/2"}],"replies":[{"embeddable":true,"href":"https:\/\/www.blogdopilako.com.br\/wp\/wp-json\/wp\/v2\/comments?post=140879"}],"version-history":[{"count":1,"href":"https:\/\/www.blogdopilako.com.br\/wp\/wp-json\/wp\/v2\/posts\/140879\/revisions"}],"predecessor-version":[{"id":140882,"href":"https:\/\/www.blogdopilako.com.br\/wp\/wp-json\/wp\/v2\/posts\/140879\/revisions\/140882"}],"wp:attachment":[{"href":"https:\/\/www.blogdopilako.com.br\/wp\/wp-json\/wp\/v2\/media?parent=140879"}],"wp:term":[{"taxonomy":"category","embeddable":true,"href":"https:\/\/www.blogdopilako.com.br\/wp\/wp-json\/wp\/v2\/categories?post=140879"},{"taxonomy":"post_tag","embeddable":true,"href":"https:\/\/www.blogdopilako.com.br\/wp\/wp-json\/wp\/v2\/tags?post=140879"}],"curies":[{"name":"wp","href":"https:\/\/api.w.org\/{rel}","templated":true}]}}