{"id":140863,"date":"2023-05-15T11:45:48","date_gmt":"2023-05-15T14:45:48","guid":{"rendered":"http:\/\/www.blogdopilako.com.br\/wp\/?p=140863"},"modified":"2023-05-15T11:50:48","modified_gmt":"2023-05-15T14:50:48","slug":"instituto-historico-de-jaboatao-dos-guararapes-50-anos","status":"publish","type":"post","link":"https:\/\/www.blogdopilako.com.br\/wp\/2023\/05\/15\/instituto-historico-de-jaboatao-dos-guararapes-50-anos\/","title":{"rendered":"Instituto Hist\u00f3rico de Jaboat\u00e3o dos Guararapes &#8211; 50 anos."},"content":{"rendered":"\n\t\t\t\t<div class=\"mr_social_sharing_wrapper\">\n\t\t\t\t<!-- Social Sharing Toolkit v2.2 --><span class=\"mr_social_sharing_top\"><span style=\"display: inline-block; width: 55px; height: 62px; overflow: hidden;\"><div class=\"fb-like\" data-href=\"https:\/\/www.blogdopilako.com.br\/wp\/2023\/05\/15\/instituto-historico-de-jaboatao-dos-guararapes-50-anos\/\" data-send=\"false\" data-layout=\"box_count\" data-width=\"55\" data-show-faces=\"false\"><\/div><\/span><\/span><span class=\"mr_social_sharing_top\"><fb:share-button type=\"box_count\" href=\"https:\/\/www.blogdopilako.com.br\/wp\/2023\/05\/15\/instituto-historico-de-jaboatao-dos-guararapes-50-anos\/\"><\/fb:share-button><\/span><span class=\"mr_social_sharing\"><a rel=\"nofollow\" class=\"linksalpha_button linksalpha_link\" href=\"\/\/www.linksalpha.com\/social\/mobile\" data-url=\"https:\/\/www.blogdopilako.com.br\/wp\/2023\/05\/15\/instituto-historico-de-jaboatao-dos-guararapes-50-anos\/\" data-text=\"Instituto Hist\u00f3rico de Jaboat\u00e3o dos Guararapes \u2013 50 anos.\" data-desc=\"Em comitiva representativa do nosso Instituto Hist\u00f3rico e Geogr\u00e1fico, comandada pelo presidente professor Pedro Ferrer, prestigiamos, na noite do s\u00e1bado (13), a solenidade que comemorou o Jubileu de Ouro de funda\u00e7\u00e3o do Instituto Hist\u00f3rico de Jaboat\u00e3o do Guararapes. Bem concorrido e com a\" data-image=\"http:\/\/www.blogdopilako.com.br\/wp\/wp-content\/uploads\/2023\/05\/f6d49d8b-cf38-432f-90a9-41a51b9bf848.jpg\" data-button=\"none\">\n\t\t\t\t\t<img src=\"\/\/www.linksalpha.com\/images\/social_share_button.png\" alt=\"Share\" class=\"linksalpha_image\" \/>\n\t\t\t\t\t<\/a><script type=\"text\/javascript\" src=\"\/\/www.linksalpha.com\/scripts\/loader_iconbox.js?v=2.4\"><\/script><\/span><\/div><p><img loading=\"lazy\" class=\"aligncenter wp-image-140864 size-full\" src=\"http:\/\/www.blogdopilako.com.br\/wp\/wp-content\/uploads\/2023\/05\/f6d49d8b-cf38-432f-90a9-41a51b9bf848.jpg\" alt=\"\" width=\"1024\" height=\"768\" srcset=\"https:\/\/www.blogdopilako.com.br\/wp\/wp-content\/uploads\/2023\/05\/f6d49d8b-cf38-432f-90a9-41a51b9bf848.jpg 1024w, https:\/\/www.blogdopilako.com.br\/wp\/wp-content\/uploads\/2023\/05\/f6d49d8b-cf38-432f-90a9-41a51b9bf848-300x225.jpg 300w, https:\/\/www.blogdopilako.com.br\/wp\/wp-content\/uploads\/2023\/05\/f6d49d8b-cf38-432f-90a9-41a51b9bf848-768x576.jpg 768w, https:\/\/www.blogdopilako.com.br\/wp\/wp-content\/uploads\/2023\/05\/f6d49d8b-cf38-432f-90a9-41a51b9bf848-400x300.jpg 400w\" sizes=\"(max-width: 1024px) 100vw, 1024px\" \/><\/p>\n<p style=\"text-align: justify;\">Em comitiva representativa do nosso Instituto Hist\u00f3rico e Geogr\u00e1fico, comandada pelo presidente professor Pedro Ferrer, prestigiamos, na noite do s\u00e1bado (13), a solenidade que comemorou o Jubileu de Ouro de funda\u00e7\u00e3o do Instituto Hist\u00f3rico de Jaboat\u00e3o do Guararapes.<\/p>\n<p><img loading=\"lazy\" class=\"aligncenter wp-image-140865 size-full\" src=\"http:\/\/www.blogdopilako.com.br\/wp\/wp-content\/uploads\/2023\/05\/19a0e7e8-1ae7-400d-95d6-972523197596.jpg\" alt=\"\" width=\"1024\" height=\"768\" srcset=\"https:\/\/www.blogdopilako.com.br\/wp\/wp-content\/uploads\/2023\/05\/19a0e7e8-1ae7-400d-95d6-972523197596.jpg 1024w, https:\/\/www.blogdopilako.com.br\/wp\/wp-content\/uploads\/2023\/05\/19a0e7e8-1ae7-400d-95d6-972523197596-300x225.jpg 300w, https:\/\/www.blogdopilako.com.br\/wp\/wp-content\/uploads\/2023\/05\/19a0e7e8-1ae7-400d-95d6-972523197596-768x576.jpg 768w, https:\/\/www.blogdopilako.com.br\/wp\/wp-content\/uploads\/2023\/05\/19a0e7e8-1ae7-400d-95d6-972523197596-400x300.jpg 400w\" sizes=\"(max-width: 1024px) 100vw, 1024px\" \/><\/p>\n<p style=\"text-align: justify;\">Bem concorrido e com a presen\u00e7a de diversas autoridades locais, como\u00a0 tamb\u00e9m comitivas de v\u00e1rios institutos pernambucanos o evento congregou pessoas vinculadas \u00e0 causa da preserva\u00e7\u00e3o hist\u00f3rica. Ao microfone, oradores se reversaram para, entre outras coisas,\u00a0 parabenizar os diretores e s\u00f3cios do instituto anfitri\u00e3o pela demonstra\u00e7\u00e3o de perseveran\u00e7a e dedica\u00e7\u00e3o com a hist\u00f3rica cidade do Jaboat\u00e3o do Guararapes.<\/p>\n<p><img loading=\"lazy\" class=\"aligncenter wp-image-140866 size-large\" src=\"http:\/\/www.blogdopilako.com.br\/wp\/wp-content\/uploads\/2023\/05\/Pix-arte-final-2-19-1024x401.png\" alt=\"\" width=\"584\" height=\"229\" srcset=\"https:\/\/www.blogdopilako.com.br\/wp\/wp-content\/uploads\/2023\/05\/Pix-arte-final-2-19-1024x401.png 1024w, https:\/\/www.blogdopilako.com.br\/wp\/wp-content\/uploads\/2023\/05\/Pix-arte-final-2-19-300x117.png 300w, https:\/\/www.blogdopilako.com.br\/wp\/wp-content\/uploads\/2023\/05\/Pix-arte-final-2-19-768x301.png 768w, https:\/\/www.blogdopilako.com.br\/wp\/wp-content\/uploads\/2023\/05\/Pix-arte-final-2-19-1536x601.png 1536w, https:\/\/www.blogdopilako.com.br\/wp\/wp-content\/uploads\/2023\/05\/Pix-arte-final-2-19-2048x802.png 2048w, https:\/\/www.blogdopilako.com.br\/wp\/wp-content\/uploads\/2023\/05\/Pix-arte-final-2-19-500x196.png 500w\" sizes=\"(max-width: 584px) 100vw, 584px\" \/><\/p>\n\n\t\t\t\t<div class=\"mr_social_sharing_wrapper\">\n\t\t\t\t<!-- Social Sharing Toolkit v2.2 --><span class=\"mr_social_sharing_top\"><span style=\"display: inline-block; width: 55px; height: 62px; overflow: hidden;\"><div class=\"fb-like\" data-href=\"https:\/\/www.blogdopilako.com.br\/wp\/2023\/05\/15\/instituto-historico-de-jaboatao-dos-guararapes-50-anos\/\" data-send=\"false\" data-layout=\"box_count\" data-width=\"55\" data-show-faces=\"false\"><\/div><\/span><\/span><span class=\"mr_social_sharing_top\"><fb:share-button type=\"box_count\" href=\"https:\/\/www.blogdopilako.com.br\/wp\/2023\/05\/15\/instituto-historico-de-jaboatao-dos-guararapes-50-anos\/\"><\/fb:share-button><\/span><span class=\"mr_social_sharing\"><a rel=\"nofollow\" class=\"linksalpha_button linksalpha_link\" href=\"\/\/www.linksalpha.com\/social\/mobile\" data-url=\"https:\/\/www.blogdopilako.com.br\/wp\/2023\/05\/15\/instituto-historico-de-jaboatao-dos-guararapes-50-anos\/\" data-text=\"Instituto Hist\u00f3rico de Jaboat\u00e3o dos Guararapes \u2013 50 anos.\" data-desc=\"Em comitiva representativa do nosso Instituto Hist\u00f3rico e Geogr\u00e1fico, comandada pelo presidente professor Pedro Ferrer, prestigiamos, na noite do s\u00e1bado (13), a solenidade que comemorou o Jubileu de Ouro de funda\u00e7\u00e3o do Instituto Hist\u00f3rico de Jaboat\u00e3o do Guararapes. Bem concorrido e com a\" data-image=\"http:\/\/www.blogdopilako.com.br\/wp\/wp-content\/uploads\/2023\/05\/f6d49d8b-cf38-432f-90a9-41a51b9bf848.jpg\" data-button=\"none\">\n\t\t\t\t\t<img src=\"\/\/www.linksalpha.com\/images\/social_share_button.png\" alt=\"Share\" class=\"linksalpha_image\" \/>\n\t\t\t\t\t<\/a><script type=\"text\/javascript\" src=\"\/\/www.linksalpha.com\/scripts\/loader_iconbox.js?v=2.4\"><\/script><\/span><\/div>","protected":false},"excerpt":{"rendered":"\n\t\t\t\t<div class=\"mr_social_sharing_wrapper\">\n\t\t\t\t<!-- Social Sharing Toolkit v2.2 --><span class=\"mr_social_sharing_top\"><span style=\"display: inline-block; width: 55px; height: 62px; overflow: hidden;\"><div class=\"fb-like\" data-href=\"https:\/\/www.blogdopilako.com.br\/wp\/2023\/05\/15\/instituto-historico-de-jaboatao-dos-guararapes-50-anos\/\" data-send=\"false\" data-layout=\"box_count\" data-width=\"55\" data-show-faces=\"false\"><\/div><\/span><\/span><span class=\"mr_social_sharing_top\"><fb:share-button type=\"box_count\" href=\"https:\/\/www.blogdopilako.com.br\/wp\/2023\/05\/15\/instituto-historico-de-jaboatao-dos-guararapes-50-anos\/\"><\/fb:share-button><\/span><span class=\"mr_social_sharing\"><a rel=\"nofollow\" class=\"linksalpha_button linksalpha_link\" href=\"\/\/www.linksalpha.com\/social\/mobile\" data-url=\"https:\/\/www.blogdopilako.com.br\/wp\/2023\/05\/15\/instituto-historico-de-jaboatao-dos-guararapes-50-anos\/\" data-text=\"Instituto Hist\u00f3rico de Jaboat\u00e3o dos Guararapes \u2013 50 anos.\" data-desc=\"Em comitiva representativa do nosso Instituto Hist\u00f3rico e Geogr\u00e1fico, comandada pelo presidente professor Pedro Ferrer, prestigiamos, na noite do s\u00e1bado (13), a solenidade que comemorou o Jubileu de Ouro de funda\u00e7\u00e3o do Instituto Hist\u00f3rico de Jaboat\u00e3o do Guararapes. Bem concorrido e com a\" data-image=\"\" data-button=\"none\">\n\t\t\t\t\t<img src=\"\/\/www.linksalpha.com\/images\/social_share_button.png\" alt=\"Share\" class=\"linksalpha_image\" \/>\n\t\t\t\t\t<\/a><script type=\"text\/javascript\" src=\"\/\/www.linksalpha.com\/scripts\/loader_iconbox.js?v=2.4\"><\/script><\/span><\/div><p>Em comitiva representativa do nosso Instituto Hist\u00f3rico e Geogr\u00e1fico, comandada pelo presidente professor Pedro Ferrer, prestigiamos, na noite do s\u00e1bado (13), a solenidade que comemorou o Jubileu de Ouro de funda\u00e7\u00e3o do Instituto Hist\u00f3rico de Jaboat\u00e3o do Guararapes. Bem concorrido &hellip; <a href=\"https:\/\/www.blogdopilako.com.br\/wp\/2023\/05\/15\/instituto-historico-de-jaboatao-dos-guararapes-50-anos\/\">Continue lendo <span class=\"meta-nav\">&rarr;<\/span><\/a><\/p>\n\n\t\t\t\t<div class=\"mr_social_sharing_wrapper\">\n\t\t\t\t<!-- Social Sharing Toolkit v2.2 --><span class=\"mr_social_sharing_top\"><span style=\"display: inline-block; width: 55px; height: 62px; overflow: hidden;\"><div class=\"fb-like\" data-href=\"https:\/\/www.blogdopilako.com.br\/wp\/2023\/05\/15\/instituto-historico-de-jaboatao-dos-guararapes-50-anos\/\" data-send=\"false\" data-layout=\"box_count\" data-width=\"55\" data-show-faces=\"false\"><\/div><\/span><\/span><span class=\"mr_social_sharing_top\"><fb:share-button type=\"box_count\" href=\"https:\/\/www.blogdopilako.com.br\/wp\/2023\/05\/15\/instituto-historico-de-jaboatao-dos-guararapes-50-anos\/\"><\/fb:share-button><\/span><span class=\"mr_social_sharing\"><a rel=\"nofollow\" class=\"linksalpha_button linksalpha_link\" href=\"\/\/www.linksalpha.com\/social\/mobile\" data-url=\"https:\/\/www.blogdopilako.com.br\/wp\/2023\/05\/15\/instituto-historico-de-jaboatao-dos-guararapes-50-anos\/\" data-text=\"Instituto Hist\u00f3rico de Jaboat\u00e3o dos Guararapes \u2013 50 anos.\" data-desc=\"Em comitiva representativa do nosso Instituto Hist\u00f3rico e Geogr\u00e1fico, comandada pelo presidente professor Pedro Ferrer, prestigiamos, na noite do s\u00e1bado (13), a solenidade que comemorou o Jubileu de Ouro de funda\u00e7\u00e3o do Instituto Hist\u00f3rico de Jaboat\u00e3o do Guararapes. Bem concorrido e com a\" data-image=\"\" data-button=\"none\">\n\t\t\t\t\t<img src=\"\/\/www.linksalpha.com\/images\/social_share_button.png\" alt=\"Share\" class=\"linksalpha_image\" \/>\n\t\t\t\t\t<\/a><script type=\"text\/javascript\" src=\"\/\/www.linksalpha.com\/scripts\/loader_iconbox.js?v=2.4\"><\/script><\/span><\/div>","protected":false},"author":2,"featured_media":0,"comment_status":"open","ping_status":"open","sticky":false,"template":"","format":"standard","meta":[],"categories":[21],"tags":[],"_links":{"self":[{"href":"https:\/\/www.blogdopilako.com.br\/wp\/wp-json\/wp\/v2\/posts\/140863"}],"collection":[{"href":"https:\/\/www.blogdopilako.com.br\/wp\/wp-json\/wp\/v2\/posts"}],"about":[{"href":"https:\/\/www.blogdopilako.com.br\/wp\/wp-json\/wp\/v2\/types\/post"}],"author":[{"embeddable":true,"href":"https:\/\/www.blogdopilako.com.br\/wp\/wp-json\/wp\/v2\/users\/2"}],"replies":[{"embeddable":true,"href":"https:\/\/www.blogdopilako.com.br\/wp\/wp-json\/wp\/v2\/comments?post=140863"}],"version-history":[{"count":1,"href":"https:\/\/www.blogdopilako.com.br\/wp\/wp-json\/wp\/v2\/posts\/140863\/revisions"}],"predecessor-version":[{"id":140867,"href":"https:\/\/www.blogdopilako.com.br\/wp\/wp-json\/wp\/v2\/posts\/140863\/revisions\/140867"}],"wp:attachment":[{"href":"https:\/\/www.blogdopilako.com.br\/wp\/wp-json\/wp\/v2\/media?parent=140863"}],"wp:term":[{"taxonomy":"category","embeddable":true,"href":"https:\/\/www.blogdopilako.com.br\/wp\/wp-json\/wp\/v2\/categories?post=140863"},{"taxonomy":"post_tag","embeddable":true,"href":"https:\/\/www.blogdopilako.com.br\/wp\/wp-json\/wp\/v2\/tags?post=140863"}],"curies":[{"name":"wp","href":"https:\/\/api.w.org\/{rel}","templated":true}]}}