{"id":140804,"date":"2023-05-08T10:25:41","date_gmt":"2023-05-08T13:25:41","guid":{"rendered":"http:\/\/www.blogdopilako.com.br\/wp\/?p=140804"},"modified":"2023-05-08T10:25:41","modified_gmt":"2023-05-08T13:25:41","slug":"instituto-historico-comemorou-a-passagem-dos-180-anos-da-cidade","status":"publish","type":"post","link":"https:\/\/www.blogdopilako.com.br\/wp\/2023\/05\/08\/instituto-historico-comemorou-a-passagem-dos-180-anos-da-cidade\/","title":{"rendered":"Instituto Hist\u00f3rico comemorou a passagem dos 180 anos da cidade."},"content":{"rendered":"\n\t\t\t\t<div class=\"mr_social_sharing_wrapper\">\n\t\t\t\t<!-- Social Sharing Toolkit v2.2 --><span class=\"mr_social_sharing_top\"><span style=\"display: inline-block; width: 55px; height: 62px; overflow: hidden;\"><div class=\"fb-like\" data-href=\"https:\/\/www.blogdopilako.com.br\/wp\/2023\/05\/08\/instituto-historico-comemorou-a-passagem-dos-180-anos-da-cidade\/\" data-send=\"false\" data-layout=\"box_count\" data-width=\"55\" data-show-faces=\"false\"><\/div><\/span><\/span><span class=\"mr_social_sharing_top\"><fb:share-button type=\"box_count\" href=\"https:\/\/www.blogdopilako.com.br\/wp\/2023\/05\/08\/instituto-historico-comemorou-a-passagem-dos-180-anos-da-cidade\/\"><\/fb:share-button><\/span><span class=\"mr_social_sharing\"><a rel=\"nofollow\" class=\"linksalpha_button linksalpha_link\" href=\"\/\/www.linksalpha.com\/social\/mobile\" data-url=\"https:\/\/www.blogdopilako.com.br\/wp\/2023\/05\/08\/instituto-historico-comemorou-a-passagem-dos-180-anos-da-cidade\/\" data-text=\"Instituto Hist\u00f3rico comemorou a passagem dos 180 anos da cidade.\" data-desc=\"Na noite da sexta-feira (05) o Instituto Hist\u00f3rico e Geogr\u00e1fico da Vit\u00f3ria promoveu um evento festivo para comemorar o anivers\u00e1rio de n\u00famero 180 da eleva\u00e7\u00e3o \u00e0 categoria de cidade da nossa Vit\u00f3ria. Na ocasi\u00e3o, dentro da programa\u00e7\u00e3o, constaram homenagens, posse de novos s\u00f3cios,\" data-image=\"http:\/\/www.blogdopilako.com.br\/wp\/wp-content\/uploads\/2023\/05\/41f1359a-56f0-4821-9370-144e86dc932b.jpg\" data-button=\"none\">\n\t\t\t\t\t<img src=\"\/\/www.linksalpha.com\/images\/social_share_button.png\" alt=\"Share\" class=\"linksalpha_image\" \/>\n\t\t\t\t\t<\/a><script type=\"text\/javascript\" src=\"\/\/www.linksalpha.com\/scripts\/loader_iconbox.js?v=2.4\"><\/script><\/span><\/div><p><img loading=\"lazy\" class=\"aligncenter wp-image-140805 size-full\" src=\"http:\/\/www.blogdopilako.com.br\/wp\/wp-content\/uploads\/2023\/05\/41f1359a-56f0-4821-9370-144e86dc932b.jpg\" alt=\"\" width=\"1600\" height=\"683\" srcset=\"https:\/\/www.blogdopilako.com.br\/wp\/wp-content\/uploads\/2023\/05\/41f1359a-56f0-4821-9370-144e86dc932b.jpg 1600w, https:\/\/www.blogdopilako.com.br\/wp\/wp-content\/uploads\/2023\/05\/41f1359a-56f0-4821-9370-144e86dc932b-300x128.jpg 300w, https:\/\/www.blogdopilako.com.br\/wp\/wp-content\/uploads\/2023\/05\/41f1359a-56f0-4821-9370-144e86dc932b-1024x437.jpg 1024w, https:\/\/www.blogdopilako.com.br\/wp\/wp-content\/uploads\/2023\/05\/41f1359a-56f0-4821-9370-144e86dc932b-768x328.jpg 768w, https:\/\/www.blogdopilako.com.br\/wp\/wp-content\/uploads\/2023\/05\/41f1359a-56f0-4821-9370-144e86dc932b-1536x656.jpg 1536w, https:\/\/www.blogdopilako.com.br\/wp\/wp-content\/uploads\/2023\/05\/41f1359a-56f0-4821-9370-144e86dc932b-500x213.jpg 500w\" sizes=\"(max-width: 1600px) 100vw, 1600px\" \/><\/p>\n<p style=\"text-align: justify;\">Na noite da sexta-feira (05) o Instituto Hist\u00f3rico e Geogr\u00e1fico da Vit\u00f3ria promoveu um evento festivo para comemorar o anivers\u00e1rio de n\u00famero 180 da eleva\u00e7\u00e3o \u00e0 categoria de cidade da nossa Vit\u00f3ria. Na ocasi\u00e3o, dentro da programa\u00e7\u00e3o, constaram homenagens, posse de novos s\u00f3cios, \u00a0aposi\u00e7\u00e3o de fotografias (Gilson Ferrer e Elias Ramalho), entrega de pe\u00e7as para o acervo e a encena\u00e7\u00e3o da pe\u00e7a teatral \u201cVit\u00f3ria Demonstra Teu Valor\u201d.<\/p>\n<p><iframe loading=\"lazy\" title=\"Blog do Pilako: PE\u00c7A TEATARAL - BAD L\u00c9O\" width=\"584\" height=\"329\" src=\"https:\/\/www.youtube.com\/embed\/Baddz4sqL7w?feature=oembed\" frameborder=\"0\" allow=\"accelerometer; autoplay; clipboard-write; encrypted-media; gyroscope; picture-in-picture; web-share\" allowfullscreen><\/iframe><\/p>\n<p style=\"text-align: justify;\">Para o setor do carnaval, o Instituto Hist\u00f3rico recebeu dos diretores da Agremia\u00e7\u00e3o Carnavalesca \u201cOs Barrigas D\u2019\u00c1gua\u201d duas pe\u00e7as originais: o boneco representativo e um dos estandartes da agremia\u00e7\u00e3o.<\/p>\n<p><img loading=\"lazy\" class=\"alignnone wp-image-140806 size-full\" src=\"http:\/\/www.blogdopilako.com.br\/wp\/wp-content\/uploads\/2023\/05\/f512869a-e571-4fd8-9143-17cea5532e8b.jpg\" alt=\"\" width=\"1600\" height=\"1200\" srcset=\"https:\/\/www.blogdopilako.com.br\/wp\/wp-content\/uploads\/2023\/05\/f512869a-e571-4fd8-9143-17cea5532e8b.jpg 1600w, https:\/\/www.blogdopilako.com.br\/wp\/wp-content\/uploads\/2023\/05\/f512869a-e571-4fd8-9143-17cea5532e8b-300x225.jpg 300w, https:\/\/www.blogdopilako.com.br\/wp\/wp-content\/uploads\/2023\/05\/f512869a-e571-4fd8-9143-17cea5532e8b-1024x768.jpg 1024w, https:\/\/www.blogdopilako.com.br\/wp\/wp-content\/uploads\/2023\/05\/f512869a-e571-4fd8-9143-17cea5532e8b-768x576.jpg 768w, https:\/\/www.blogdopilako.com.br\/wp\/wp-content\/uploads\/2023\/05\/f512869a-e571-4fd8-9143-17cea5532e8b-1536x1152.jpg 1536w, https:\/\/www.blogdopilako.com.br\/wp\/wp-content\/uploads\/2023\/05\/f512869a-e571-4fd8-9143-17cea5532e8b-400x300.jpg 400w\" sizes=\"(max-width: 1600px) 100vw, 1600px\" \/><\/p>\n<p style=\"text-align: justify;\">Os trabalhos da solenidade, que foi transmitida \u201cao vivo\u201d pela p\u00e1gina oficial da institui\u00e7\u00e3o, foram comandados pelo professor Pedro Ferrer, presidente do IHGVSA.<\/p>\n<p><img loading=\"lazy\" class=\"aligncenter wp-image-140807 size-full\" src=\"http:\/\/www.blogdopilako.com.br\/wp\/wp-content\/uploads\/2023\/05\/7f06a306-0ec9-441c-856a-9dff357ee800.jpg\" alt=\"\" width=\"1600\" height=\"1200\" srcset=\"https:\/\/www.blogdopilako.com.br\/wp\/wp-content\/uploads\/2023\/05\/7f06a306-0ec9-441c-856a-9dff357ee800.jpg 1600w, https:\/\/www.blogdopilako.com.br\/wp\/wp-content\/uploads\/2023\/05\/7f06a306-0ec9-441c-856a-9dff357ee800-300x225.jpg 300w, https:\/\/www.blogdopilako.com.br\/wp\/wp-content\/uploads\/2023\/05\/7f06a306-0ec9-441c-856a-9dff357ee800-1024x768.jpg 1024w, https:\/\/www.blogdopilako.com.br\/wp\/wp-content\/uploads\/2023\/05\/7f06a306-0ec9-441c-856a-9dff357ee800-768x576.jpg 768w, https:\/\/www.blogdopilako.com.br\/wp\/wp-content\/uploads\/2023\/05\/7f06a306-0ec9-441c-856a-9dff357ee800-1536x1152.jpg 1536w, https:\/\/www.blogdopilako.com.br\/wp\/wp-content\/uploads\/2023\/05\/7f06a306-0ec9-441c-856a-9dff357ee800-400x300.jpg 400w\" sizes=\"(max-width: 1600px) 100vw, 1600px\" \/><\/p>\n<p><img loading=\"lazy\" class=\"aligncenter wp-image-140808 size-large\" src=\"http:\/\/www.blogdopilako.com.br\/wp\/wp-content\/uploads\/2023\/05\/Pix-arte-final-2-9-1024x401.png\" alt=\"\" width=\"584\" height=\"229\" srcset=\"https:\/\/www.blogdopilako.com.br\/wp\/wp-content\/uploads\/2023\/05\/Pix-arte-final-2-9-1024x401.png 1024w, https:\/\/www.blogdopilako.com.br\/wp\/wp-content\/uploads\/2023\/05\/Pix-arte-final-2-9-300x117.png 300w, https:\/\/www.blogdopilako.com.br\/wp\/wp-content\/uploads\/2023\/05\/Pix-arte-final-2-9-768x301.png 768w, https:\/\/www.blogdopilako.com.br\/wp\/wp-content\/uploads\/2023\/05\/Pix-arte-final-2-9-1536x601.png 1536w, https:\/\/www.blogdopilako.com.br\/wp\/wp-content\/uploads\/2023\/05\/Pix-arte-final-2-9-2048x802.png 2048w, https:\/\/www.blogdopilako.com.br\/wp\/wp-content\/uploads\/2023\/05\/Pix-arte-final-2-9-500x196.png 500w\" sizes=\"(max-width: 584px) 100vw, 584px\" \/><\/p>\n\n\t\t\t\t<div class=\"mr_social_sharing_wrapper\">\n\t\t\t\t<!-- Social Sharing Toolkit v2.2 --><span class=\"mr_social_sharing_top\"><span style=\"display: inline-block; width: 55px; height: 62px; overflow: hidden;\"><div class=\"fb-like\" data-href=\"https:\/\/www.blogdopilako.com.br\/wp\/2023\/05\/08\/instituto-historico-comemorou-a-passagem-dos-180-anos-da-cidade\/\" data-send=\"false\" data-layout=\"box_count\" data-width=\"55\" data-show-faces=\"false\"><\/div><\/span><\/span><span class=\"mr_social_sharing_top\"><fb:share-button type=\"box_count\" href=\"https:\/\/www.blogdopilako.com.br\/wp\/2023\/05\/08\/instituto-historico-comemorou-a-passagem-dos-180-anos-da-cidade\/\"><\/fb:share-button><\/span><span class=\"mr_social_sharing\"><a rel=\"nofollow\" class=\"linksalpha_button linksalpha_link\" href=\"\/\/www.linksalpha.com\/social\/mobile\" data-url=\"https:\/\/www.blogdopilako.com.br\/wp\/2023\/05\/08\/instituto-historico-comemorou-a-passagem-dos-180-anos-da-cidade\/\" data-text=\"Instituto Hist\u00f3rico comemorou a passagem dos 180 anos da cidade.\" data-desc=\"Na noite da sexta-feira (05) o Instituto Hist\u00f3rico e Geogr\u00e1fico da Vit\u00f3ria promoveu um evento festivo para comemorar o anivers\u00e1rio de n\u00famero 180 da eleva\u00e7\u00e3o \u00e0 categoria de cidade da nossa Vit\u00f3ria. Na ocasi\u00e3o, dentro da programa\u00e7\u00e3o, constaram homenagens, posse de novos s\u00f3cios,\" data-image=\"http:\/\/www.blogdopilako.com.br\/wp\/wp-content\/uploads\/2023\/05\/41f1359a-56f0-4821-9370-144e86dc932b.jpg\" data-button=\"none\">\n\t\t\t\t\t<img src=\"\/\/www.linksalpha.com\/images\/social_share_button.png\" alt=\"Share\" class=\"linksalpha_image\" \/>\n\t\t\t\t\t<\/a><script type=\"text\/javascript\" src=\"\/\/www.linksalpha.com\/scripts\/loader_iconbox.js?v=2.4\"><\/script><\/span><\/div>","protected":false},"excerpt":{"rendered":"\n\t\t\t\t<div class=\"mr_social_sharing_wrapper\">\n\t\t\t\t<!-- Social Sharing Toolkit v2.2 --><span class=\"mr_social_sharing_top\"><span style=\"display: inline-block; width: 55px; height: 62px; overflow: hidden;\"><div class=\"fb-like\" data-href=\"https:\/\/www.blogdopilako.com.br\/wp\/2023\/05\/08\/instituto-historico-comemorou-a-passagem-dos-180-anos-da-cidade\/\" data-send=\"false\" data-layout=\"box_count\" data-width=\"55\" data-show-faces=\"false\"><\/div><\/span><\/span><span class=\"mr_social_sharing_top\"><fb:share-button type=\"box_count\" href=\"https:\/\/www.blogdopilako.com.br\/wp\/2023\/05\/08\/instituto-historico-comemorou-a-passagem-dos-180-anos-da-cidade\/\"><\/fb:share-button><\/span><span class=\"mr_social_sharing\"><a rel=\"nofollow\" class=\"linksalpha_button linksalpha_link\" href=\"\/\/www.linksalpha.com\/social\/mobile\" data-url=\"https:\/\/www.blogdopilako.com.br\/wp\/2023\/05\/08\/instituto-historico-comemorou-a-passagem-dos-180-anos-da-cidade\/\" data-text=\"Instituto Hist\u00f3rico comemorou a passagem dos 180 anos da cidade.\" data-desc=\"Na noite da sexta-feira (05) o Instituto Hist\u00f3rico e Geogr\u00e1fico da Vit\u00f3ria promoveu um evento festivo para comemorar o anivers\u00e1rio de n\u00famero 180 da eleva\u00e7\u00e3o \u00e0 categoria de cidade da nossa Vit\u00f3ria. Na ocasi\u00e3o, dentro da programa\u00e7\u00e3o, constaram homenagens, posse de novos s\u00f3cios,\" data-image=\"\" data-button=\"none\">\n\t\t\t\t\t<img src=\"\/\/www.linksalpha.com\/images\/social_share_button.png\" alt=\"Share\" class=\"linksalpha_image\" \/>\n\t\t\t\t\t<\/a><script type=\"text\/javascript\" src=\"\/\/www.linksalpha.com\/scripts\/loader_iconbox.js?v=2.4\"><\/script><\/span><\/div><p>Na noite da sexta-feira (05) o Instituto Hist\u00f3rico e Geogr\u00e1fico da Vit\u00f3ria promoveu um evento festivo para comemorar o anivers\u00e1rio de n\u00famero 180 da eleva\u00e7\u00e3o \u00e0 categoria de cidade da nossa Vit\u00f3ria. Na ocasi\u00e3o, dentro da programa\u00e7\u00e3o, constaram homenagens, posse &hellip; <a href=\"https:\/\/www.blogdopilako.com.br\/wp\/2023\/05\/08\/instituto-historico-comemorou-a-passagem-dos-180-anos-da-cidade\/\">Continue lendo <span class=\"meta-nav\">&rarr;<\/span><\/a><\/p>\n\n\t\t\t\t<div class=\"mr_social_sharing_wrapper\">\n\t\t\t\t<!-- Social Sharing Toolkit v2.2 --><span class=\"mr_social_sharing_top\"><span style=\"display: inline-block; width: 55px; height: 62px; overflow: hidden;\"><div class=\"fb-like\" data-href=\"https:\/\/www.blogdopilako.com.br\/wp\/2023\/05\/08\/instituto-historico-comemorou-a-passagem-dos-180-anos-da-cidade\/\" data-send=\"false\" data-layout=\"box_count\" data-width=\"55\" data-show-faces=\"false\"><\/div><\/span><\/span><span class=\"mr_social_sharing_top\"><fb:share-button type=\"box_count\" href=\"https:\/\/www.blogdopilako.com.br\/wp\/2023\/05\/08\/instituto-historico-comemorou-a-passagem-dos-180-anos-da-cidade\/\"><\/fb:share-button><\/span><span class=\"mr_social_sharing\"><a rel=\"nofollow\" class=\"linksalpha_button linksalpha_link\" href=\"\/\/www.linksalpha.com\/social\/mobile\" data-url=\"https:\/\/www.blogdopilako.com.br\/wp\/2023\/05\/08\/instituto-historico-comemorou-a-passagem-dos-180-anos-da-cidade\/\" data-text=\"Instituto Hist\u00f3rico comemorou a passagem dos 180 anos da cidade.\" data-desc=\"Na noite da sexta-feira (05) o Instituto Hist\u00f3rico e Geogr\u00e1fico da Vit\u00f3ria promoveu um evento festivo para comemorar o anivers\u00e1rio de n\u00famero 180 da eleva\u00e7\u00e3o \u00e0 categoria de cidade da nossa Vit\u00f3ria. Na ocasi\u00e3o, dentro da programa\u00e7\u00e3o, constaram homenagens, posse de novos s\u00f3cios,\" data-image=\"\" data-button=\"none\">\n\t\t\t\t\t<img src=\"\/\/www.linksalpha.com\/images\/social_share_button.png\" alt=\"Share\" class=\"linksalpha_image\" \/>\n\t\t\t\t\t<\/a><script type=\"text\/javascript\" src=\"\/\/www.linksalpha.com\/scripts\/loader_iconbox.js?v=2.4\"><\/script><\/span><\/div>","protected":false},"author":2,"featured_media":0,"comment_status":"open","ping_status":"open","sticky":false,"template":"","format":"standard","meta":[],"categories":[21],"tags":[],"_links":{"self":[{"href":"https:\/\/www.blogdopilako.com.br\/wp\/wp-json\/wp\/v2\/posts\/140804"}],"collection":[{"href":"https:\/\/www.blogdopilako.com.br\/wp\/wp-json\/wp\/v2\/posts"}],"about":[{"href":"https:\/\/www.blogdopilako.com.br\/wp\/wp-json\/wp\/v2\/types\/post"}],"author":[{"embeddable":true,"href":"https:\/\/www.blogdopilako.com.br\/wp\/wp-json\/wp\/v2\/users\/2"}],"replies":[{"embeddable":true,"href":"https:\/\/www.blogdopilako.com.br\/wp\/wp-json\/wp\/v2\/comments?post=140804"}],"version-history":[{"count":1,"href":"https:\/\/www.blogdopilako.com.br\/wp\/wp-json\/wp\/v2\/posts\/140804\/revisions"}],"predecessor-version":[{"id":140809,"href":"https:\/\/www.blogdopilako.com.br\/wp\/wp-json\/wp\/v2\/posts\/140804\/revisions\/140809"}],"wp:attachment":[{"href":"https:\/\/www.blogdopilako.com.br\/wp\/wp-json\/wp\/v2\/media?parent=140804"}],"wp:term":[{"taxonomy":"category","embeddable":true,"href":"https:\/\/www.blogdopilako.com.br\/wp\/wp-json\/wp\/v2\/categories?post=140804"},{"taxonomy":"post_tag","embeddable":true,"href":"https:\/\/www.blogdopilako.com.br\/wp\/wp-json\/wp\/v2\/tags?post=140804"}],"curies":[{"name":"wp","href":"https:\/\/api.w.org\/{rel}","templated":true}]}}