{"id":140676,"date":"2023-04-18T15:42:43","date_gmt":"2023-04-18T18:42:43","guid":{"rendered":"https:\/\/www.blogdopilako.com.br\/wp\/?p=140676"},"modified":"2023-04-18T15:42:43","modified_gmt":"2023-04-18T18:42:43","slug":"jucival-amorim-a-historia-continua-video-final","status":"publish","type":"post","link":"https:\/\/www.blogdopilako.com.br\/wp\/2023\/04\/18\/jucival-amorim-a-historia-continua-video-final\/","title":{"rendered":"Jucival Amorim: a hist\u00f3ria continua \u2013 v\u00eddeo final."},"content":{"rendered":"\n\t\t\t\t<div class=\"mr_social_sharing_wrapper\">\n\t\t\t\t<!-- Social Sharing Toolkit v2.2 --><span class=\"mr_social_sharing_top\"><span style=\"display: inline-block; width: 55px; height: 62px; overflow: hidden;\"><div class=\"fb-like\" data-href=\"https:\/\/www.blogdopilako.com.br\/wp\/2023\/04\/18\/jucival-amorim-a-historia-continua-video-final\/\" data-send=\"false\" data-layout=\"box_count\" data-width=\"55\" data-show-faces=\"false\"><\/div><\/span><\/span><span class=\"mr_social_sharing_top\"><fb:share-button type=\"box_count\" href=\"https:\/\/www.blogdopilako.com.br\/wp\/2023\/04\/18\/jucival-amorim-a-historia-continua-video-final\/\"><\/fb:share-button><\/span><span class=\"mr_social_sharing\"><a rel=\"nofollow\" class=\"linksalpha_button linksalpha_link\" href=\"\/\/www.linksalpha.com\/social\/mobile\" data-url=\"https:\/\/www.blogdopilako.com.br\/wp\/2023\/04\/18\/jucival-amorim-a-historia-continua-video-final\/\" data-text=\"Jucival Amorim: a hist\u00f3ria continua \u2013 v\u00eddeo final.\" data-desc=\"Com este v\u00eddeo, encerramos a s\u00e9rie de postagens real\u00e7ando a hist\u00f3ria do amigo atleta vencedor Jucival Amorim. Veja os v\u00eddeos.... 4\u00ba e \u00faltimo v\u00eddeo... https:\/\/youtu.be\/qLoI2ezzXt0 1\u00ba V\u00eddeo... https:\/\/youtu.be\/PU1pdQ64u00 V\u00eddeo 2.... https:\/\/youtu.be\/IivETHdtKB0 V\u00eddeo 3.....\" data-image=\"http:\/\/www.blogdopilako.com.br\/wp\/wp-content\/uploads\/2023\/04\/fff93d9b-99fd-4238-9452-1ed1baaafdf7.jpg\" data-button=\"none\">\n\t\t\t\t\t<img src=\"\/\/www.linksalpha.com\/images\/social_share_button.png\" alt=\"Share\" class=\"linksalpha_image\" \/>\n\t\t\t\t\t<\/a><script type=\"text\/javascript\" src=\"\/\/www.linksalpha.com\/scripts\/loader_iconbox.js?v=2.4\"><\/script><\/span><\/div><p><img loading=\"lazy\" class=\"wp-image-140677 size-full aligncenter\" src=\"http:\/\/www.blogdopilako.com.br\/wp\/wp-content\/uploads\/2023\/04\/fff93d9b-99fd-4238-9452-1ed1baaafdf7.jpg\" alt=\"\" width=\"201\" height=\"485\" srcset=\"https:\/\/www.blogdopilako.com.br\/wp\/wp-content\/uploads\/2023\/04\/fff93d9b-99fd-4238-9452-1ed1baaafdf7.jpg 201w, https:\/\/www.blogdopilako.com.br\/wp\/wp-content\/uploads\/2023\/04\/fff93d9b-99fd-4238-9452-1ed1baaafdf7-124x300.jpg 124w\" sizes=\"(max-width: 201px) 100vw, 201px\" \/><\/p>\n<p><strong>Com este v\u00eddeo, encerramos a s\u00e9rie de postagens real\u00e7ando a hist\u00f3ria do amigo atleta vencedor Jucival Amorim. Veja os v\u00eddeos&#8230;.<\/strong><\/p>\n<p><strong>4\u00ba e \u00faltimo v\u00eddeo&#8230;<\/strong><\/p>\n<p><iframe loading=\"lazy\" title=\"Blog do Pilako: JUCIVAL AMORIM - HOMENAGEADO DA 2\u00aa CORRIDA DA VIT\u00d3RIA - 2023 - PARTE FINAL\" width=\"584\" height=\"329\" src=\"https:\/\/www.youtube.com\/embed\/qLoI2ezzXt0?feature=oembed\" frameborder=\"0\" allow=\"accelerometer; autoplay; clipboard-write; encrypted-media; gyroscope; picture-in-picture; web-share\" allowfullscreen><\/iframe><\/p>\n<p><strong>1\u00ba V\u00eddeo&#8230;<\/strong><\/p>\n<p><iframe loading=\"lazy\" title=\"Blog do Pilako: JUCIVAL AMORIM - HOMENAGEADO DA CORRIDA DA VIT\u00d3RIA 2023 - PARTE 01\" width=\"584\" height=\"329\" src=\"https:\/\/www.youtube.com\/embed\/PU1pdQ64u00?feature=oembed\" frameborder=\"0\" allow=\"accelerometer; autoplay; clipboard-write; encrypted-media; gyroscope; picture-in-picture; web-share\" allowfullscreen><\/iframe><\/p>\n<p><strong>V\u00eddeo 2&#8230;.<\/strong><\/p>\n<p><iframe loading=\"lazy\" title=\"Blog do Pilako: JUCIAL AMORIM - ATLETA HOMENAGEADO - 2\u00aa  CORRIDA E CAMINHADA DA VIT\u00d3RIA - 2023\" width=\"584\" height=\"329\" src=\"https:\/\/www.youtube.com\/embed\/IivETHdtKB0?feature=oembed\" frameborder=\"0\" allow=\"accelerometer; autoplay; clipboard-write; encrypted-media; gyroscope; picture-in-picture; web-share\" allowfullscreen><\/iframe><\/p>\n<p><strong>V\u00eddeo 3&#8230;..<\/strong><\/p>\n<p><iframe loading=\"lazy\" title=\"Blog do Pilako: JUCIVAL AMORIM - ATLETA HOMENAGEADO DA CORRIDA DA VIT\u00d3RIA 2023 - PARTE 03.\" width=\"584\" height=\"329\" src=\"https:\/\/www.youtube.com\/embed\/Hp67EkDVMGM?feature=oembed\" frameborder=\"0\" allow=\"accelerometer; autoplay; clipboard-write; encrypted-media; gyroscope; picture-in-picture; web-share\" allowfullscreen><\/iframe><\/p>\n<p><img loading=\"lazy\" class=\"alignnone wp-image-140665 size-large\" src=\"http:\/\/www.blogdopilako.com.br\/wp\/wp-content\/uploads\/2023\/04\/Pix-arte-final-2-20-1024x401.png\" alt=\"\" width=\"584\" height=\"229\" srcset=\"https:\/\/www.blogdopilako.com.br\/wp\/wp-content\/uploads\/2023\/04\/Pix-arte-final-2-20-1024x401.png 1024w, https:\/\/www.blogdopilako.com.br\/wp\/wp-content\/uploads\/2023\/04\/Pix-arte-final-2-20-300x117.png 300w, https:\/\/www.blogdopilako.com.br\/wp\/wp-content\/uploads\/2023\/04\/Pix-arte-final-2-20-768x301.png 768w, https:\/\/www.blogdopilako.com.br\/wp\/wp-content\/uploads\/2023\/04\/Pix-arte-final-2-20-1536x601.png 1536w, https:\/\/www.blogdopilako.com.br\/wp\/wp-content\/uploads\/2023\/04\/Pix-arte-final-2-20-2048x802.png 2048w, https:\/\/www.blogdopilako.com.br\/wp\/wp-content\/uploads\/2023\/04\/Pix-arte-final-2-20-500x196.png 500w\" sizes=\"(max-width: 584px) 100vw, 584px\" \/><\/p>\n\n\t\t\t\t<div class=\"mr_social_sharing_wrapper\">\n\t\t\t\t<!-- Social Sharing Toolkit v2.2 --><span class=\"mr_social_sharing_top\"><span style=\"display: inline-block; width: 55px; height: 62px; overflow: hidden;\"><div class=\"fb-like\" data-href=\"https:\/\/www.blogdopilako.com.br\/wp\/2023\/04\/18\/jucival-amorim-a-historia-continua-video-final\/\" data-send=\"false\" data-layout=\"box_count\" data-width=\"55\" data-show-faces=\"false\"><\/div><\/span><\/span><span class=\"mr_social_sharing_top\"><fb:share-button type=\"box_count\" href=\"https:\/\/www.blogdopilako.com.br\/wp\/2023\/04\/18\/jucival-amorim-a-historia-continua-video-final\/\"><\/fb:share-button><\/span><span class=\"mr_social_sharing\"><a rel=\"nofollow\" class=\"linksalpha_button linksalpha_link\" href=\"\/\/www.linksalpha.com\/social\/mobile\" data-url=\"https:\/\/www.blogdopilako.com.br\/wp\/2023\/04\/18\/jucival-amorim-a-historia-continua-video-final\/\" data-text=\"Jucival Amorim: a hist\u00f3ria continua \u2013 v\u00eddeo final.\" data-desc=\"Com este v\u00eddeo, encerramos a s\u00e9rie de postagens real\u00e7ando a hist\u00f3ria do amigo atleta vencedor Jucival Amorim. Veja os v\u00eddeos.... 4\u00ba e \u00faltimo v\u00eddeo... https:\/\/youtu.be\/qLoI2ezzXt0 1\u00ba V\u00eddeo... https:\/\/youtu.be\/PU1pdQ64u00 V\u00eddeo 2.... https:\/\/youtu.be\/IivETHdtKB0 V\u00eddeo 3.....\" data-image=\"http:\/\/www.blogdopilako.com.br\/wp\/wp-content\/uploads\/2023\/04\/fff93d9b-99fd-4238-9452-1ed1baaafdf7.jpg\" data-button=\"none\">\n\t\t\t\t\t<img src=\"\/\/www.linksalpha.com\/images\/social_share_button.png\" alt=\"Share\" class=\"linksalpha_image\" \/>\n\t\t\t\t\t<\/a><script type=\"text\/javascript\" src=\"\/\/www.linksalpha.com\/scripts\/loader_iconbox.js?v=2.4\"><\/script><\/span><\/div>","protected":false},"excerpt":{"rendered":"\n\t\t\t\t<div class=\"mr_social_sharing_wrapper\">\n\t\t\t\t<!-- Social Sharing Toolkit v2.2 --><span class=\"mr_social_sharing_top\"><span style=\"display: inline-block; width: 55px; height: 62px; overflow: hidden;\"><div class=\"fb-like\" data-href=\"https:\/\/www.blogdopilako.com.br\/wp\/2023\/04\/18\/jucival-amorim-a-historia-continua-video-final\/\" data-send=\"false\" data-layout=\"box_count\" data-width=\"55\" data-show-faces=\"false\"><\/div><\/span><\/span><span class=\"mr_social_sharing_top\"><fb:share-button type=\"box_count\" href=\"https:\/\/www.blogdopilako.com.br\/wp\/2023\/04\/18\/jucival-amorim-a-historia-continua-video-final\/\"><\/fb:share-button><\/span><span class=\"mr_social_sharing\"><a rel=\"nofollow\" class=\"linksalpha_button linksalpha_link\" href=\"\/\/www.linksalpha.com\/social\/mobile\" data-url=\"https:\/\/www.blogdopilako.com.br\/wp\/2023\/04\/18\/jucival-amorim-a-historia-continua-video-final\/\" data-text=\"Jucival Amorim: a hist\u00f3ria continua \u2013 v\u00eddeo final.\" data-desc=\"Com este v\u00eddeo, encerramos a s\u00e9rie de postagens real\u00e7ando a hist\u00f3ria do amigo atleta vencedor Jucival Amorim. Veja os v\u00eddeos.... 4\u00ba e \u00faltimo v\u00eddeo... https:\/\/youtu.be\/qLoI2ezzXt0 1\u00ba V\u00eddeo... https:\/\/youtu.be\/PU1pdQ64u00 V\u00eddeo 2.... https:\/\/youtu.be\/IivETHdtKB0 V\u00eddeo 3.....\" data-image=\"\" data-button=\"none\">\n\t\t\t\t\t<img src=\"\/\/www.linksalpha.com\/images\/social_share_button.png\" alt=\"Share\" class=\"linksalpha_image\" \/>\n\t\t\t\t\t<\/a><script type=\"text\/javascript\" src=\"\/\/www.linksalpha.com\/scripts\/loader_iconbox.js?v=2.4\"><\/script><\/span><\/div><p>Com este v\u00eddeo, encerramos a s\u00e9rie de postagens real\u00e7ando a hist\u00f3ria do amigo atleta vencedor Jucival Amorim. Veja os v\u00eddeos&#8230;. 4\u00ba e \u00faltimo v\u00eddeo&#8230; 1\u00ba V\u00eddeo&#8230; V\u00eddeo 2&#8230;. V\u00eddeo 3&#8230;..<\/p>\n\n\t\t\t\t<div class=\"mr_social_sharing_wrapper\">\n\t\t\t\t<!-- Social Sharing Toolkit v2.2 --><span class=\"mr_social_sharing_top\"><span style=\"display: inline-block; width: 55px; height: 62px; overflow: hidden;\"><div class=\"fb-like\" data-href=\"https:\/\/www.blogdopilako.com.br\/wp\/2023\/04\/18\/jucival-amorim-a-historia-continua-video-final\/\" data-send=\"false\" data-layout=\"box_count\" data-width=\"55\" data-show-faces=\"false\"><\/div><\/span><\/span><span class=\"mr_social_sharing_top\"><fb:share-button type=\"box_count\" href=\"https:\/\/www.blogdopilako.com.br\/wp\/2023\/04\/18\/jucival-amorim-a-historia-continua-video-final\/\"><\/fb:share-button><\/span><span class=\"mr_social_sharing\"><a rel=\"nofollow\" class=\"linksalpha_button linksalpha_link\" href=\"\/\/www.linksalpha.com\/social\/mobile\" data-url=\"https:\/\/www.blogdopilako.com.br\/wp\/2023\/04\/18\/jucival-amorim-a-historia-continua-video-final\/\" data-text=\"Jucival Amorim: a hist\u00f3ria continua \u2013 v\u00eddeo final.\" data-desc=\"Com este v\u00eddeo, encerramos a s\u00e9rie de postagens real\u00e7ando a hist\u00f3ria do amigo atleta vencedor Jucival Amorim. Veja os v\u00eddeos.... 4\u00ba e \u00faltimo v\u00eddeo... https:\/\/youtu.be\/qLoI2ezzXt0 1\u00ba V\u00eddeo... https:\/\/youtu.be\/PU1pdQ64u00 V\u00eddeo 2.... https:\/\/youtu.be\/IivETHdtKB0 V\u00eddeo 3.....\" data-image=\"\" data-button=\"none\">\n\t\t\t\t\t<img src=\"\/\/www.linksalpha.com\/images\/social_share_button.png\" alt=\"Share\" class=\"linksalpha_image\" \/>\n\t\t\t\t\t<\/a><script type=\"text\/javascript\" src=\"\/\/www.linksalpha.com\/scripts\/loader_iconbox.js?v=2.4\"><\/script><\/span><\/div>","protected":false},"author":2,"featured_media":0,"comment_status":"open","ping_status":"open","sticky":false,"template":"","format":"standard","meta":[],"categories":[21,113,115],"tags":[],"_links":{"self":[{"href":"https:\/\/www.blogdopilako.com.br\/wp\/wp-json\/wp\/v2\/posts\/140676"}],"collection":[{"href":"https:\/\/www.blogdopilako.com.br\/wp\/wp-json\/wp\/v2\/posts"}],"about":[{"href":"https:\/\/www.blogdopilako.com.br\/wp\/wp-json\/wp\/v2\/types\/post"}],"author":[{"embeddable":true,"href":"https:\/\/www.blogdopilako.com.br\/wp\/wp-json\/wp\/v2\/users\/2"}],"replies":[{"embeddable":true,"href":"https:\/\/www.blogdopilako.com.br\/wp\/wp-json\/wp\/v2\/comments?post=140676"}],"version-history":[{"count":1,"href":"https:\/\/www.blogdopilako.com.br\/wp\/wp-json\/wp\/v2\/posts\/140676\/revisions"}],"predecessor-version":[{"id":140679,"href":"https:\/\/www.blogdopilako.com.br\/wp\/wp-json\/wp\/v2\/posts\/140676\/revisions\/140679"}],"wp:attachment":[{"href":"https:\/\/www.blogdopilako.com.br\/wp\/wp-json\/wp\/v2\/media?parent=140676"}],"wp:term":[{"taxonomy":"category","embeddable":true,"href":"https:\/\/www.blogdopilako.com.br\/wp\/wp-json\/wp\/v2\/categories?post=140676"},{"taxonomy":"post_tag","embeddable":true,"href":"https:\/\/www.blogdopilako.com.br\/wp\/wp-json\/wp\/v2\/tags?post=140676"}],"curies":[{"name":"wp","href":"https:\/\/api.w.org\/{rel}","templated":true}]}}