{"id":139697,"date":"2023-01-25T09:27:35","date_gmt":"2023-01-25T12:27:35","guid":{"rendered":"https:\/\/www.blogdopilako.com.br\/wp\/?p=139697"},"modified":"2023-01-24T15:35:21","modified_gmt":"2023-01-24T18:35:21","slug":"a-historia-da-fundacao-da-girafa-por-dryton-bandeira-3","status":"publish","type":"post","link":"https:\/\/www.blogdopilako.com.br\/wp\/2023\/01\/25\/a-historia-da-fundacao-da-girafa-por-dryton-bandeira-3\/","title":{"rendered":"A hist\u00f3ria da funda\u00e7\u00e3o da \u201cGirafa\u201d- por Dryton Bandeira."},"content":{"rendered":"\n\t\t\t\t<div class=\"mr_social_sharing_wrapper\">\n\t\t\t\t<!-- Social Sharing Toolkit v2.2 --><span class=\"mr_social_sharing_top\"><span style=\"display: inline-block; width: 55px; height: 62px; overflow: hidden;\"><div class=\"fb-like\" data-href=\"https:\/\/www.blogdopilako.com.br\/wp\/2023\/01\/25\/a-historia-da-fundacao-da-girafa-por-dryton-bandeira-3\/\" data-send=\"false\" data-layout=\"box_count\" data-width=\"55\" data-show-faces=\"false\"><\/div><\/span><\/span><span class=\"mr_social_sharing_top\"><fb:share-button type=\"box_count\" href=\"https:\/\/www.blogdopilako.com.br\/wp\/2023\/01\/25\/a-historia-da-fundacao-da-girafa-por-dryton-bandeira-3\/\"><\/fb:share-button><\/span><span class=\"mr_social_sharing\"><a rel=\"nofollow\" class=\"linksalpha_button linksalpha_link\" href=\"\/\/www.linksalpha.com\/social\/mobile\" data-url=\"https:\/\/www.blogdopilako.com.br\/wp\/2023\/01\/25\/a-historia-da-fundacao-da-girafa-por-dryton-bandeira-3\/\" data-text=\"A hist\u00f3ria da funda\u00e7\u00e3o da \u201cGirafa\u201d- por Dryton Bandeira.\" data-desc=\"\u00c1vidos por algo diferenciado e motivador para brincar o carnaval de 1950, um grupo de \u201ccorrioleiros\u201d (amigos), teve a inusitada ideia de \u201croubar\u201d a girafa aleg\u00f3rica usada como s\u00edmbolo do Armaz\u00e9m Nordeste \u2013 A Girafa Tecidos (casa comercial situada na Pra\u00e7a da Bandeira). Discretamente\" data-image=\"http:\/\/www.blogdopilako.com.br\/wp\/wp-content\/uploads\/2023\/01\/images-1-1.jpg\" data-button=\"none\">\n\t\t\t\t\t<img src=\"\/\/www.linksalpha.com\/images\/social_share_button.png\" alt=\"Share\" class=\"linksalpha_image\" \/>\n\t\t\t\t\t<\/a><script type=\"text\/javascript\" src=\"\/\/www.linksalpha.com\/scripts\/loader_iconbox.js?v=2.4\"><\/script><\/span><\/div><p align=\"center\"><img loading=\"lazy\" class=\"size-full wp-image-139698 alignright\" src=\"http:\/\/www.blogdopilako.com.br\/wp\/wp-content\/uploads\/2023\/01\/images-1-1.jpg\" alt=\"\" width=\"180\" height=\"180\" srcset=\"https:\/\/www.blogdopilako.com.br\/wp\/wp-content\/uploads\/2023\/01\/images-1-1.jpg 180w, https:\/\/www.blogdopilako.com.br\/wp\/wp-content\/uploads\/2023\/01\/images-1-1-150x150.jpg 150w\" sizes=\"(max-width: 180px) 100vw, 180px\" \/><\/p>\n<p style=\"text-align: justify;\" align=\"center\">\u00c1vidos por algo diferenciado e motivador para brincar o carnaval de 1950, um grupo de \u201ccorrioleiros\u201d (amigos), teve a inusitada ideia de \u201croubar\u201d a girafa aleg\u00f3rica usada como s\u00edmbolo do Armaz\u00e9m Nordeste \u2013 A Girafa Tecidos (casa comercial situada na Pra\u00e7a da Bandeira). Discretamente a miss\u00e3o foi cumprida com sucesso, e o produto do il\u00edcito sorrateiramente recolhido \u00e0 Oficina At\u00f4mica, de propriedade de Z\u00e9 Palito.<\/p>\n<p style=\"text-align: justify;\">Reuni\u00e3o marcada, corriola reunida, bebidas servidas, discursos proferidos: estava fundada a Tro\u00e7a Carnavalesca Mista A Girafa. Oficialmente a data da funda\u00e7\u00e3o \u00e9 16\/01\/1950, como consta em Ata lavrada \u00e0 \u00e9poca.<\/p>\n<p style=\"text-align: justify;\">A primeira Diretoria ficou assim constitu\u00edda:<\/p>\n<p style=\"text-align: justify;\"><em><strong>\u2013 Presidente:<\/strong><\/em>\u00a0Jos\u00e9 Mesquita de Freitas (Zezinho Mesquita);<br \/>\n<em><strong>\u2013 Vice-Presidente:<\/strong><\/em>\u00a0Jos\u00e9 Augusto F\u00e9rrer;<br \/>\n<em><strong>\u2013 Secret\u00e1rio:<\/strong><\/em>\u00a0Jos\u00e9 Jacinto;<br \/>\n<em><strong>\u2013 Diretor Geral:<\/strong><\/em>\u00a0Jos\u00e9 Celestino de Andrade (Z\u00e9 Palito);<br \/>\n<em><strong>\u2013 Orador:<\/strong><\/em>\u00a0Mauro Paes Barreto;<br \/>\n<em><strong>\u2013 Tesoureiro:<\/strong><\/em>\u00a0Alu\u00edzio F\u00e9rrer;<br \/>\n<em><strong>\u2013 Diretor Musical:<\/strong><\/em>\u00a0Paulo F\u00e9rrer;<br \/>\n<em><strong>\u2013 Fiscais:<\/strong><\/em>\u00a0Jo\u00e3o Carneiro (Doido) e Hugo Costa;<br \/>\n<em><strong>\u2013 Diretor Art\u00edstico:<\/strong><\/em>\u00a0Nivaldo Varela;<br \/>\n<em><strong>\u2013 Porta-Estandarte:<\/strong><\/em>\u00a0Wilson Coelho (O Bruto);<br \/>\n<em><strong>\u2013 Comiss\u00e3o de Recep\u00e7\u00e3o:<\/strong><\/em>\u00a0Donato Carneiro, Jos\u00e9 Pedro Gomes, Eliel Tavares, Jos\u00e9 Vieira (Zequinha), Rubens Costa e Jo\u00e3o Peixe.<\/p>\n<p><img loading=\"lazy\" class=\"aligncenter wp-image-139699 size-full\" src=\"http:\/\/www.blogdopilako.com.br\/wp\/wp-content\/uploads\/2023\/01\/CARNAVAL-DE-RUA-19511.jpg\" alt=\"\" width=\"556\" height=\"372\" srcset=\"https:\/\/www.blogdopilako.com.br\/wp\/wp-content\/uploads\/2023\/01\/CARNAVAL-DE-RUA-19511.jpg 556w, https:\/\/www.blogdopilako.com.br\/wp\/wp-content\/uploads\/2023\/01\/CARNAVAL-DE-RUA-19511-300x201.jpg 300w, https:\/\/www.blogdopilako.com.br\/wp\/wp-content\/uploads\/2023\/01\/CARNAVAL-DE-RUA-19511-448x300.jpg 448w\" sizes=\"(max-width: 556px) 100vw, 556px\" \/><\/p>\n<p style=\"text-align: justify;\">Ap\u00f3s o carnaval, sanadas as arestas geradas por conta de \u201croubo\u201d do animal s\u00edmbolo de\u00a0<strong>Armaz\u00e9m Nordeste<\/strong>, ficou devidamente acordado entre as partes que a alegoria em quest\u00e3o, seria emprestada anualmente pela referida loja e posteriormente devolvida em perfeito estado de conserva\u00e7\u00e3o. Anos ap\u00f3s, a diretoria mandou confeccionar sua pr\u00f3pria Girafa, s\u00edmbolo maior e marca-registrada dos girafistas at\u00e9 os dias atuais. Vale enfatizar que a Girafa \u00e9 a \u00fanica agremia\u00e7\u00e3o da cidade a participar de todos os carnavais desde sua funda\u00e7\u00e3o.<\/p>\n<p style=\"text-align: justify;\">Durante anos e j\u00e1 na condi\u00e7\u00e3o de Clube, abnegados foli\u00f5es conduziram os destinos da folia girafista e suas alegorias foram montadas em diversos locais da cidade, at\u00e9 que me 1986 foi conclu\u00edda a constru\u00e7\u00e3o do um moderno e amplo barrac\u00e3o, localizado \u00e0 Rua Eurico Valois (Estrada Nova). O citado barrac\u00e3o n\u00e3o foi festivamente inaugurado, em face do falecimento de Dona Jura. T\u00e3o girafista quanto seu marido,\u00a0 Man\u00e9 Mizura.<\/p>\n<p style=\"text-align: justify;\">As apresenta\u00e7\u00f5es ocorriam nas manh\u00e3s de domingo e ter\u00e7a-feira de carnaval, saindo da Pra\u00e7a F\u00e9lix Barreto, no Bairro do Livramento. Acordes do famoso hino e gigantesca queima de fogos sinalizavam o in\u00edcio de mais um desfile. Clarins anunciavam a presen\u00e7a do Clube na ruas da cidade e o abre-alas era composto do animal s\u00edmbolo e de foli\u00f5es devidamente caracterizados de Girafa. Belas e criativas fantasias compunham as alegorias, geralmente inspiradas em temas infantis. Transcorridas alguma horas, o percurso era alegremente cumprido. Novo show pirot\u00e9cnico, frevo e muita confraterniza\u00e7\u00e3o, fechavam com risos e l\u00e1grimas mais um dia de exalta\u00e7\u00e3o \u00e0 Girafa.<\/p>\n<p style=\"text-align: justify;\">Tr\u00eas estandartes sa\u00edram \u00e0s ruas da cidade durante mais de cinco d\u00e9cadas de exist\u00eancia. In\u00fameras orquestras animaram os girafistas. Dentre elas: A Venenosa, 3 de Agosto e a do Maestro Seminha de Limoeiro. O hino oficial \u00e9: Exalta\u00e7\u00e3o \u00e0 Girafa, composto por Guga F\u00e9rrer (letra) e S\u00e9rgio Patury (m\u00fasica), gravado na voz de Babuska Valen\u00e7a.<\/p>\n<p><iframe loading=\"lazy\" title=\"Blog do Pilako - O Tempo Voa: A Girafa 1990\" width=\"584\" height=\"438\" src=\"https:\/\/www.youtube.com\/embed\/XudZBKFSipE?feature=oembed\" frameborder=\"0\" allow=\"accelerometer; autoplay; clipboard-write; encrypted-media; gyroscope; picture-in-picture; web-share\" allowfullscreen><\/iframe><\/p>\n<p><img loading=\"lazy\" class=\"aligncenter wp-image-139700 size-large\" src=\"http:\/\/www.blogdopilako.com.br\/wp\/wp-content\/uploads\/2023\/01\/Pix-arte-final-2-46-1024x401.png\" alt=\"\" width=\"584\" height=\"229\" srcset=\"https:\/\/www.blogdopilako.com.br\/wp\/wp-content\/uploads\/2023\/01\/Pix-arte-final-2-46-1024x401.png 1024w, https:\/\/www.blogdopilako.com.br\/wp\/wp-content\/uploads\/2023\/01\/Pix-arte-final-2-46-300x117.png 300w, https:\/\/www.blogdopilako.com.br\/wp\/wp-content\/uploads\/2023\/01\/Pix-arte-final-2-46-768x301.png 768w, https:\/\/www.blogdopilako.com.br\/wp\/wp-content\/uploads\/2023\/01\/Pix-arte-final-2-46-1536x601.png 1536w, https:\/\/www.blogdopilako.com.br\/wp\/wp-content\/uploads\/2023\/01\/Pix-arte-final-2-46-2048x802.png 2048w, https:\/\/www.blogdopilako.com.br\/wp\/wp-content\/uploads\/2023\/01\/Pix-arte-final-2-46-500x196.png 500w\" sizes=\"(max-width: 584px) 100vw, 584px\" \/><\/p>\n\n\t\t\t\t<div class=\"mr_social_sharing_wrapper\">\n\t\t\t\t<!-- Social Sharing Toolkit v2.2 --><span class=\"mr_social_sharing_top\"><span style=\"display: inline-block; width: 55px; height: 62px; overflow: hidden;\"><div class=\"fb-like\" data-href=\"https:\/\/www.blogdopilako.com.br\/wp\/2023\/01\/25\/a-historia-da-fundacao-da-girafa-por-dryton-bandeira-3\/\" data-send=\"false\" data-layout=\"box_count\" data-width=\"55\" data-show-faces=\"false\"><\/div><\/span><\/span><span class=\"mr_social_sharing_top\"><fb:share-button type=\"box_count\" href=\"https:\/\/www.blogdopilako.com.br\/wp\/2023\/01\/25\/a-historia-da-fundacao-da-girafa-por-dryton-bandeira-3\/\"><\/fb:share-button><\/span><span class=\"mr_social_sharing\"><a rel=\"nofollow\" class=\"linksalpha_button linksalpha_link\" href=\"\/\/www.linksalpha.com\/social\/mobile\" data-url=\"https:\/\/www.blogdopilako.com.br\/wp\/2023\/01\/25\/a-historia-da-fundacao-da-girafa-por-dryton-bandeira-3\/\" data-text=\"A hist\u00f3ria da funda\u00e7\u00e3o da \u201cGirafa\u201d- por Dryton Bandeira.\" data-desc=\"\u00c1vidos por algo diferenciado e motivador para brincar o carnaval de 1950, um grupo de \u201ccorrioleiros\u201d (amigos), teve a inusitada ideia de \u201croubar\u201d a girafa aleg\u00f3rica usada como s\u00edmbolo do Armaz\u00e9m Nordeste \u2013 A Girafa Tecidos (casa comercial situada na Pra\u00e7a da Bandeira). Discretamente\" data-image=\"http:\/\/www.blogdopilako.com.br\/wp\/wp-content\/uploads\/2023\/01\/images-1-1.jpg\" data-button=\"none\">\n\t\t\t\t\t<img src=\"\/\/www.linksalpha.com\/images\/social_share_button.png\" alt=\"Share\" class=\"linksalpha_image\" \/>\n\t\t\t\t\t<\/a><script type=\"text\/javascript\" src=\"\/\/www.linksalpha.com\/scripts\/loader_iconbox.js?v=2.4\"><\/script><\/span><\/div>","protected":false},"excerpt":{"rendered":"\n\t\t\t\t<div class=\"mr_social_sharing_wrapper\">\n\t\t\t\t<!-- Social Sharing Toolkit v2.2 --><span class=\"mr_social_sharing_top\"><span style=\"display: inline-block; width: 55px; height: 62px; overflow: hidden;\"><div class=\"fb-like\" data-href=\"https:\/\/www.blogdopilako.com.br\/wp\/2023\/01\/25\/a-historia-da-fundacao-da-girafa-por-dryton-bandeira-3\/\" data-send=\"false\" data-layout=\"box_count\" data-width=\"55\" data-show-faces=\"false\"><\/div><\/span><\/span><span class=\"mr_social_sharing_top\"><fb:share-button type=\"box_count\" href=\"https:\/\/www.blogdopilako.com.br\/wp\/2023\/01\/25\/a-historia-da-fundacao-da-girafa-por-dryton-bandeira-3\/\"><\/fb:share-button><\/span><span class=\"mr_social_sharing\"><a rel=\"nofollow\" class=\"linksalpha_button linksalpha_link\" href=\"\/\/www.linksalpha.com\/social\/mobile\" data-url=\"https:\/\/www.blogdopilako.com.br\/wp\/2023\/01\/25\/a-historia-da-fundacao-da-girafa-por-dryton-bandeira-3\/\" data-text=\"A hist\u00f3ria da funda\u00e7\u00e3o da \u201cGirafa\u201d- por Dryton Bandeira.\" data-desc=\"\u00c1vidos por algo diferenciado e motivador para brincar o carnaval de 1950, um grupo de \u201ccorrioleiros\u201d (amigos), teve a inusitada ideia de \u201croubar\u201d a girafa aleg\u00f3rica usada como s\u00edmbolo do Armaz\u00e9m Nordeste \u2013 A Girafa Tecidos (casa comercial situada na Pra\u00e7a da Bandeira). Discretamente\" data-image=\"\" data-button=\"none\">\n\t\t\t\t\t<img src=\"\/\/www.linksalpha.com\/images\/social_share_button.png\" alt=\"Share\" class=\"linksalpha_image\" \/>\n\t\t\t\t\t<\/a><script type=\"text\/javascript\" src=\"\/\/www.linksalpha.com\/scripts\/loader_iconbox.js?v=2.4\"><\/script><\/span><\/div><p>\u00c1vidos por algo diferenciado e motivador para brincar o carnaval de 1950, um grupo de \u201ccorrioleiros\u201d (amigos), teve a inusitada ideia de \u201croubar\u201d a girafa aleg\u00f3rica usada como s\u00edmbolo do Armaz\u00e9m Nordeste \u2013 A Girafa Tecidos (casa comercial situada na &hellip; <a href=\"https:\/\/www.blogdopilako.com.br\/wp\/2023\/01\/25\/a-historia-da-fundacao-da-girafa-por-dryton-bandeira-3\/\">Continue lendo <span class=\"meta-nav\">&rarr;<\/span><\/a><\/p>\n\n\t\t\t\t<div class=\"mr_social_sharing_wrapper\">\n\t\t\t\t<!-- Social Sharing Toolkit v2.2 --><span class=\"mr_social_sharing_top\"><span style=\"display: inline-block; width: 55px; height: 62px; overflow: hidden;\"><div class=\"fb-like\" data-href=\"https:\/\/www.blogdopilako.com.br\/wp\/2023\/01\/25\/a-historia-da-fundacao-da-girafa-por-dryton-bandeira-3\/\" data-send=\"false\" data-layout=\"box_count\" data-width=\"55\" data-show-faces=\"false\"><\/div><\/span><\/span><span class=\"mr_social_sharing_top\"><fb:share-button type=\"box_count\" href=\"https:\/\/www.blogdopilako.com.br\/wp\/2023\/01\/25\/a-historia-da-fundacao-da-girafa-por-dryton-bandeira-3\/\"><\/fb:share-button><\/span><span class=\"mr_social_sharing\"><a rel=\"nofollow\" class=\"linksalpha_button linksalpha_link\" href=\"\/\/www.linksalpha.com\/social\/mobile\" data-url=\"https:\/\/www.blogdopilako.com.br\/wp\/2023\/01\/25\/a-historia-da-fundacao-da-girafa-por-dryton-bandeira-3\/\" data-text=\"A hist\u00f3ria da funda\u00e7\u00e3o da \u201cGirafa\u201d- por Dryton Bandeira.\" data-desc=\"\u00c1vidos por algo diferenciado e motivador para brincar o carnaval de 1950, um grupo de \u201ccorrioleiros\u201d (amigos), teve a inusitada ideia de \u201croubar\u201d a girafa aleg\u00f3rica usada como s\u00edmbolo do Armaz\u00e9m Nordeste \u2013 A Girafa Tecidos (casa comercial situada na Pra\u00e7a da Bandeira). Discretamente\" data-image=\"\" data-button=\"none\">\n\t\t\t\t\t<img src=\"\/\/www.linksalpha.com\/images\/social_share_button.png\" alt=\"Share\" class=\"linksalpha_image\" \/>\n\t\t\t\t\t<\/a><script type=\"text\/javascript\" src=\"\/\/www.linksalpha.com\/scripts\/loader_iconbox.js?v=2.4\"><\/script><\/span><\/div>","protected":false},"author":2,"featured_media":0,"comment_status":"open","ping_status":"open","sticky":false,"template":"","format":"standard","meta":[],"categories":[115],"tags":[],"_links":{"self":[{"href":"https:\/\/www.blogdopilako.com.br\/wp\/wp-json\/wp\/v2\/posts\/139697"}],"collection":[{"href":"https:\/\/www.blogdopilako.com.br\/wp\/wp-json\/wp\/v2\/posts"}],"about":[{"href":"https:\/\/www.blogdopilako.com.br\/wp\/wp-json\/wp\/v2\/types\/post"}],"author":[{"embeddable":true,"href":"https:\/\/www.blogdopilako.com.br\/wp\/wp-json\/wp\/v2\/users\/2"}],"replies":[{"embeddable":true,"href":"https:\/\/www.blogdopilako.com.br\/wp\/wp-json\/wp\/v2\/comments?post=139697"}],"version-history":[{"count":1,"href":"https:\/\/www.blogdopilako.com.br\/wp\/wp-json\/wp\/v2\/posts\/139697\/revisions"}],"predecessor-version":[{"id":139701,"href":"https:\/\/www.blogdopilako.com.br\/wp\/wp-json\/wp\/v2\/posts\/139697\/revisions\/139701"}],"wp:attachment":[{"href":"https:\/\/www.blogdopilako.com.br\/wp\/wp-json\/wp\/v2\/media?parent=139697"}],"wp:term":[{"taxonomy":"category","embeddable":true,"href":"https:\/\/www.blogdopilako.com.br\/wp\/wp-json\/wp\/v2\/categories?post=139697"},{"taxonomy":"post_tag","embeddable":true,"href":"https:\/\/www.blogdopilako.com.br\/wp\/wp-json\/wp\/v2\/tags?post=139697"}],"curies":[{"name":"wp","href":"https:\/\/api.w.org\/{rel}","templated":true}]}}