{"id":139533,"date":"2023-01-10T10:20:29","date_gmt":"2023-01-10T13:20:29","guid":{"rendered":"https:\/\/www.blogdopilako.com.br\/wp\/?p=139533"},"modified":"2023-01-10T10:20:29","modified_gmt":"2023-01-10T13:20:29","slug":"historia-da-fundacao-da-agremiacao-carnavalesca-a-turma-da-calcinha-4","status":"publish","type":"post","link":"https:\/\/www.blogdopilako.com.br\/wp\/2023\/01\/10\/historia-da-fundacao-da-agremiacao-carnavalesca-a-turma-da-calcinha-4\/","title":{"rendered":"Hist\u00f3ria da funda\u00e7\u00e3o da agremia\u00e7\u00e3o carnavalesca \u201cA TURMA DA CALCINHA\u201d"},"content":{"rendered":"\n\t\t\t\t<div class=\"mr_social_sharing_wrapper\">\n\t\t\t\t<!-- Social Sharing Toolkit v2.2 --><span class=\"mr_social_sharing_top\"><span style=\"display: inline-block; width: 55px; height: 62px; overflow: hidden;\"><div class=\"fb-like\" data-href=\"https:\/\/www.blogdopilako.com.br\/wp\/2023\/01\/10\/historia-da-fundacao-da-agremiacao-carnavalesca-a-turma-da-calcinha-4\/\" data-send=\"false\" data-layout=\"box_count\" data-width=\"55\" data-show-faces=\"false\"><\/div><\/span><\/span><span class=\"mr_social_sharing_top\"><fb:share-button type=\"box_count\" href=\"https:\/\/www.blogdopilako.com.br\/wp\/2023\/01\/10\/historia-da-fundacao-da-agremiacao-carnavalesca-a-turma-da-calcinha-4\/\"><\/fb:share-button><\/span><span class=\"mr_social_sharing\"><a rel=\"nofollow\" class=\"linksalpha_button linksalpha_link\" href=\"\/\/www.linksalpha.com\/social\/mobile\" data-url=\"https:\/\/www.blogdopilako.com.br\/wp\/2023\/01\/10\/historia-da-fundacao-da-agremiacao-carnavalesca-a-turma-da-calcinha-4\/\" data-text=\"Hist\u00f3ria da funda\u00e7\u00e3o da agremia\u00e7\u00e3o carnavalesca \u201cA TURMA DA CALCINHA\u201d\" data-desc=\"Criado na d\u00e9cada de 80, precisamente em 1983, num dia s\u00e1bado, uma semana antes do \"S\u00e1bado de Z\u00e9 Pereira\", uma turma de amigos que trabalhava no comercio, ind\u00fastria, col\u00e9gio e bancos, tais como: H. Morais, Alian\u00e7a de Ouro, Mizura, Casas Pernambucanas, Pit\u00fa, Bradesco, Banorte e Banco do\" data-image=\"http:\/\/www.blogdopilako.com.br\/wp\/wp-content\/uploads\/2023\/01\/calcinhas.jpg\" data-button=\"none\">\n\t\t\t\t\t<img src=\"\/\/www.linksalpha.com\/images\/social_share_button.png\" alt=\"Share\" class=\"linksalpha_image\" \/>\n\t\t\t\t\t<\/a><script type=\"text\/javascript\" src=\"\/\/www.linksalpha.com\/scripts\/loader_iconbox.js?v=2.4\"><\/script><\/span><\/div><h3 align=\"center\"><img loading=\"lazy\" class=\"aligncenter wp-image-139535 size-full\" src=\"http:\/\/www.blogdopilako.com.br\/wp\/wp-content\/uploads\/2023\/01\/calcinhas.jpg\" alt=\"\" width=\"570\" height=\"185\" srcset=\"https:\/\/www.blogdopilako.com.br\/wp\/wp-content\/uploads\/2023\/01\/calcinhas.jpg 570w, https:\/\/www.blogdopilako.com.br\/wp\/wp-content\/uploads\/2023\/01\/calcinhas-300x97.jpg 300w, https:\/\/www.blogdopilako.com.br\/wp\/wp-content\/uploads\/2023\/01\/calcinhas-500x162.jpg 500w\" sizes=\"(max-width: 570px) 100vw, 570px\" \/><\/h3>\n<p style=\"text-align: justify;\">Criado na d\u00e9cada de 80, precisamente em 1983, num dia s\u00e1bado, uma semana antes do &#8220;S\u00e1bado de Z\u00e9 Pereira&#8221;, uma turma de amigos que trabalhava no comercio, ind\u00fastria, col\u00e9gio e bancos, tais como: H. Morais, Alian\u00e7a de Ouro, Mizura, Casas Pernambucanas, Pit\u00fa, Bradesco, Banorte e Banco do Brasil, em uma brincadeira debaixo de um &#8220;P\u00e9 de F\u00edcus&#8221;, localizado\u00a0 na Trav. S\u00e3o Vicente,\u00a0 no bairro do Caj\u00e1, inaugurava a Barraca do AMARAL &#8211; saudosa mem\u00f3ria.<\/p>\n<p style=\"text-align: justify;\">Inaugura\u00e7\u00e3o essa \u00a0que \u00a0recebeu a\u00a0 contribui\u00e7\u00e3o de todos. Minha participa\u00e7\u00e3o foi a doa\u00e7\u00e3o do tira gosto, uma caldeirada de 100 guaiamuns de coc\u00f4, outros com bebidas etc.<\/p>\n<p style=\"text-align: justify;\">Pois bem, na noite anterior (sexta) \u00a0alguns integrantes da comemora\u00e7\u00e3o haviam passado a noite no baixo meretr\u00edcio e subtra\u00edndo algumas calcinhas das profissionais do sexo que ali trabalhavam. Depois de umas e outras, alguns componentes, j\u00e1 calibrados, resolveram \u00a0pendura as calcinhas furtadas no p\u00e9 de f\u00edcus.<\/p>\n<p style=\"text-align: justify;\">Aquela cena despertou curiosidade em algumas pessoas que por ali passavam, principalmente quem gostava de toma \u201c\u00e1gua que passarinho n\u00e3o bebe\u201d. Compramos alguns \u00a0sacos de maizena e farinha de trigo e come\u00e7amos o tradicional \u00a0mela-mela. Foi um dia inesquec\u00edvel a inaugura\u00e7\u00e3o\u00a0 da \u201cBarraca do Amaral\u201d.<\/p>\n<p style=\"text-align: justify;\">Conclus\u00e3o:<\/p>\n<p style=\"text-align: justify;\">No s\u00e1bado posterior ao chamado S\u00e1bado de Z\u00e9 Pereira, alguns amigos que estavam na inaugura\u00e7\u00e3o da Barraca do Amaral, j\u00e1 calibrados, resolveram sair pelas ruas do com\u00e9rcio da Vit\u00f3ria tocando zabumba, triangulo e pandeiro, todos com uma <strong>calcinha na cabe\u00e7a<\/strong>\u00a0contando m\u00fasicas carnavalescas. Sendo assim, estava fundado, definitivamente,\u00a0<strong>A TURMA DA CALCINHA<\/strong>, que sobreviveu durante\u00a0<strong>14 anos<\/strong> com recursos pr\u00f3prios. Em 1991 chegou teve a m\u00fasica gravada no LP \u201cVIT\u00d3RIA, CARNAVAL E FREVO\u201d.<\/p>\n<p><img loading=\"lazy\" class=\"aligncenter wp-image-139534 size-full\" src=\"http:\/\/www.blogdopilako.com.br\/wp\/wp-content\/uploads\/2023\/01\/frev1.jpg\" alt=\"\" width=\"560\" height=\"330\" srcset=\"https:\/\/www.blogdopilako.com.br\/wp\/wp-content\/uploads\/2023\/01\/frev1.jpg 560w, https:\/\/www.blogdopilako.com.br\/wp\/wp-content\/uploads\/2023\/01\/frev1-300x177.jpg 300w, https:\/\/www.blogdopilako.com.br\/wp\/wp-content\/uploads\/2023\/01\/frev1-500x295.jpg 500w\" sizes=\"(max-width: 560px) 100vw, 560px\" \/><\/p>\n<p style=\"text-align: justify;\">Atenciosamente,<\/p>\n<p style=\"text-align: justify;\"><b>SEVERINO ROBERTO SILVA.<\/b><\/p>\n<p><img loading=\"lazy\" class=\"aligncenter wp-image-139530 size-large\" src=\"http:\/\/www.blogdopilako.com.br\/wp\/wp-content\/uploads\/2023\/01\/Pix-arte-final-2-19-1024x401.png\" alt=\"\" width=\"584\" height=\"229\" srcset=\"https:\/\/www.blogdopilako.com.br\/wp\/wp-content\/uploads\/2023\/01\/Pix-arte-final-2-19-1024x401.png 1024w, https:\/\/www.blogdopilako.com.br\/wp\/wp-content\/uploads\/2023\/01\/Pix-arte-final-2-19-300x117.png 300w, https:\/\/www.blogdopilako.com.br\/wp\/wp-content\/uploads\/2023\/01\/Pix-arte-final-2-19-768x301.png 768w, https:\/\/www.blogdopilako.com.br\/wp\/wp-content\/uploads\/2023\/01\/Pix-arte-final-2-19-1536x601.png 1536w, https:\/\/www.blogdopilako.com.br\/wp\/wp-content\/uploads\/2023\/01\/Pix-arte-final-2-19-2048x802.png 2048w, https:\/\/www.blogdopilako.com.br\/wp\/wp-content\/uploads\/2023\/01\/Pix-arte-final-2-19-500x196.png 500w\" sizes=\"(max-width: 584px) 100vw, 584px\" \/><\/p>\n\n\t\t\t\t<div class=\"mr_social_sharing_wrapper\">\n\t\t\t\t<!-- Social Sharing Toolkit v2.2 --><span class=\"mr_social_sharing_top\"><span style=\"display: inline-block; width: 55px; height: 62px; overflow: hidden;\"><div class=\"fb-like\" data-href=\"https:\/\/www.blogdopilako.com.br\/wp\/2023\/01\/10\/historia-da-fundacao-da-agremiacao-carnavalesca-a-turma-da-calcinha-4\/\" data-send=\"false\" data-layout=\"box_count\" data-width=\"55\" data-show-faces=\"false\"><\/div><\/span><\/span><span class=\"mr_social_sharing_top\"><fb:share-button type=\"box_count\" href=\"https:\/\/www.blogdopilako.com.br\/wp\/2023\/01\/10\/historia-da-fundacao-da-agremiacao-carnavalesca-a-turma-da-calcinha-4\/\"><\/fb:share-button><\/span><span class=\"mr_social_sharing\"><a rel=\"nofollow\" class=\"linksalpha_button linksalpha_link\" href=\"\/\/www.linksalpha.com\/social\/mobile\" data-url=\"https:\/\/www.blogdopilako.com.br\/wp\/2023\/01\/10\/historia-da-fundacao-da-agremiacao-carnavalesca-a-turma-da-calcinha-4\/\" data-text=\"Hist\u00f3ria da funda\u00e7\u00e3o da agremia\u00e7\u00e3o carnavalesca \u201cA TURMA DA CALCINHA\u201d\" data-desc=\"Criado na d\u00e9cada de 80, precisamente em 1983, num dia s\u00e1bado, uma semana antes do \"S\u00e1bado de Z\u00e9 Pereira\", uma turma de amigos que trabalhava no comercio, ind\u00fastria, col\u00e9gio e bancos, tais como: H. Morais, Alian\u00e7a de Ouro, Mizura, Casas Pernambucanas, Pit\u00fa, Bradesco, Banorte e Banco do\" data-image=\"http:\/\/www.blogdopilako.com.br\/wp\/wp-content\/uploads\/2023\/01\/calcinhas.jpg\" data-button=\"none\">\n\t\t\t\t\t<img src=\"\/\/www.linksalpha.com\/images\/social_share_button.png\" alt=\"Share\" class=\"linksalpha_image\" \/>\n\t\t\t\t\t<\/a><script type=\"text\/javascript\" src=\"\/\/www.linksalpha.com\/scripts\/loader_iconbox.js?v=2.4\"><\/script><\/span><\/div>","protected":false},"excerpt":{"rendered":"\n\t\t\t\t<div class=\"mr_social_sharing_wrapper\">\n\t\t\t\t<!-- Social Sharing Toolkit v2.2 --><span class=\"mr_social_sharing_top\"><span style=\"display: inline-block; width: 55px; height: 62px; overflow: hidden;\"><div class=\"fb-like\" data-href=\"https:\/\/www.blogdopilako.com.br\/wp\/2023\/01\/10\/historia-da-fundacao-da-agremiacao-carnavalesca-a-turma-da-calcinha-4\/\" data-send=\"false\" data-layout=\"box_count\" data-width=\"55\" data-show-faces=\"false\"><\/div><\/span><\/span><span class=\"mr_social_sharing_top\"><fb:share-button type=\"box_count\" href=\"https:\/\/www.blogdopilako.com.br\/wp\/2023\/01\/10\/historia-da-fundacao-da-agremiacao-carnavalesca-a-turma-da-calcinha-4\/\"><\/fb:share-button><\/span><span class=\"mr_social_sharing\"><a rel=\"nofollow\" class=\"linksalpha_button linksalpha_link\" href=\"\/\/www.linksalpha.com\/social\/mobile\" data-url=\"https:\/\/www.blogdopilako.com.br\/wp\/2023\/01\/10\/historia-da-fundacao-da-agremiacao-carnavalesca-a-turma-da-calcinha-4\/\" data-text=\"Hist\u00f3ria da funda\u00e7\u00e3o da agremia\u00e7\u00e3o carnavalesca \u201cA TURMA DA CALCINHA\u201d\" data-desc=\"Criado na d\u00e9cada de 80, precisamente em 1983, num dia s\u00e1bado, uma semana antes do \"S\u00e1bado de Z\u00e9 Pereira\", uma turma de amigos que trabalhava no comercio, ind\u00fastria, col\u00e9gio e bancos, tais como: H. Morais, Alian\u00e7a de Ouro, Mizura, Casas Pernambucanas, Pit\u00fa, Bradesco, Banorte e Banco do\" data-image=\"\" data-button=\"none\">\n\t\t\t\t\t<img src=\"\/\/www.linksalpha.com\/images\/social_share_button.png\" alt=\"Share\" class=\"linksalpha_image\" \/>\n\t\t\t\t\t<\/a><script type=\"text\/javascript\" src=\"\/\/www.linksalpha.com\/scripts\/loader_iconbox.js?v=2.4\"><\/script><\/span><\/div><p>Criado na d\u00e9cada de 80, precisamente em 1983, num dia s\u00e1bado, uma semana antes do &#8220;S\u00e1bado de Z\u00e9 Pereira&#8221;, uma turma de amigos que trabalhava no comercio, ind\u00fastria, col\u00e9gio e bancos, tais como: H. Morais, Alian\u00e7a de Ouro, Mizura, Casas &hellip; <a href=\"https:\/\/www.blogdopilako.com.br\/wp\/2023\/01\/10\/historia-da-fundacao-da-agremiacao-carnavalesca-a-turma-da-calcinha-4\/\">Continue lendo <span class=\"meta-nav\">&rarr;<\/span><\/a><\/p>\n\n\t\t\t\t<div class=\"mr_social_sharing_wrapper\">\n\t\t\t\t<!-- Social Sharing Toolkit v2.2 --><span class=\"mr_social_sharing_top\"><span style=\"display: inline-block; width: 55px; height: 62px; overflow: hidden;\"><div class=\"fb-like\" data-href=\"https:\/\/www.blogdopilako.com.br\/wp\/2023\/01\/10\/historia-da-fundacao-da-agremiacao-carnavalesca-a-turma-da-calcinha-4\/\" data-send=\"false\" data-layout=\"box_count\" data-width=\"55\" data-show-faces=\"false\"><\/div><\/span><\/span><span class=\"mr_social_sharing_top\"><fb:share-button type=\"box_count\" href=\"https:\/\/www.blogdopilako.com.br\/wp\/2023\/01\/10\/historia-da-fundacao-da-agremiacao-carnavalesca-a-turma-da-calcinha-4\/\"><\/fb:share-button><\/span><span class=\"mr_social_sharing\"><a rel=\"nofollow\" class=\"linksalpha_button linksalpha_link\" href=\"\/\/www.linksalpha.com\/social\/mobile\" data-url=\"https:\/\/www.blogdopilako.com.br\/wp\/2023\/01\/10\/historia-da-fundacao-da-agremiacao-carnavalesca-a-turma-da-calcinha-4\/\" data-text=\"Hist\u00f3ria da funda\u00e7\u00e3o da agremia\u00e7\u00e3o carnavalesca \u201cA TURMA DA CALCINHA\u201d\" data-desc=\"Criado na d\u00e9cada de 80, precisamente em 1983, num dia s\u00e1bado, uma semana antes do \"S\u00e1bado de Z\u00e9 Pereira\", uma turma de amigos que trabalhava no comercio, ind\u00fastria, col\u00e9gio e bancos, tais como: H. Morais, Alian\u00e7a de Ouro, Mizura, Casas Pernambucanas, Pit\u00fa, Bradesco, Banorte e Banco do\" data-image=\"\" data-button=\"none\">\n\t\t\t\t\t<img src=\"\/\/www.linksalpha.com\/images\/social_share_button.png\" alt=\"Share\" class=\"linksalpha_image\" \/>\n\t\t\t\t\t<\/a><script type=\"text\/javascript\" src=\"\/\/www.linksalpha.com\/scripts\/loader_iconbox.js?v=2.4\"><\/script><\/span><\/div>","protected":false},"author":2,"featured_media":0,"comment_status":"open","ping_status":"open","sticky":false,"template":"","format":"standard","meta":[],"categories":[115],"tags":[],"_links":{"self":[{"href":"https:\/\/www.blogdopilako.com.br\/wp\/wp-json\/wp\/v2\/posts\/139533"}],"collection":[{"href":"https:\/\/www.blogdopilako.com.br\/wp\/wp-json\/wp\/v2\/posts"}],"about":[{"href":"https:\/\/www.blogdopilako.com.br\/wp\/wp-json\/wp\/v2\/types\/post"}],"author":[{"embeddable":true,"href":"https:\/\/www.blogdopilako.com.br\/wp\/wp-json\/wp\/v2\/users\/2"}],"replies":[{"embeddable":true,"href":"https:\/\/www.blogdopilako.com.br\/wp\/wp-json\/wp\/v2\/comments?post=139533"}],"version-history":[{"count":1,"href":"https:\/\/www.blogdopilako.com.br\/wp\/wp-json\/wp\/v2\/posts\/139533\/revisions"}],"predecessor-version":[{"id":139537,"href":"https:\/\/www.blogdopilako.com.br\/wp\/wp-json\/wp\/v2\/posts\/139533\/revisions\/139537"}],"wp:attachment":[{"href":"https:\/\/www.blogdopilako.com.br\/wp\/wp-json\/wp\/v2\/media?parent=139533"}],"wp:term":[{"taxonomy":"category","embeddable":true,"href":"https:\/\/www.blogdopilako.com.br\/wp\/wp-json\/wp\/v2\/categories?post=139533"},{"taxonomy":"post_tag","embeddable":true,"href":"https:\/\/www.blogdopilako.com.br\/wp\/wp-json\/wp\/v2\/tags?post=139533"}],"curies":[{"name":"wp","href":"https:\/\/api.w.org\/{rel}","templated":true}]}}