{"id":138827,"date":"2022-11-03T09:55:38","date_gmt":"2022-11-03T12:55:38","guid":{"rendered":"https:\/\/www.blogdopilako.com.br\/wp\/?p=138827"},"modified":"2022-11-03T09:55:38","modified_gmt":"2022-11-03T12:55:38","slug":"a-primeira-mulher-a-governar-pernambuco-por-historia_em_retalhos","status":"publish","type":"post","link":"https:\/\/www.blogdopilako.com.br\/wp\/2022\/11\/03\/a-primeira-mulher-a-governar-pernambuco-por-historia_em_retalhos\/","title":{"rendered":"A primeira mulher a governar Pernambuco? &#8211; por historia_em_retalhos."},"content":{"rendered":"\n\t\t\t\t<div class=\"mr_social_sharing_wrapper\">\n\t\t\t\t<!-- Social Sharing Toolkit v2.2 --><span class=\"mr_social_sharing_top\"><span style=\"display: inline-block; width: 55px; height: 62px; overflow: hidden;\"><div class=\"fb-like\" data-href=\"https:\/\/www.blogdopilako.com.br\/wp\/2022\/11\/03\/a-primeira-mulher-a-governar-pernambuco-por-historia_em_retalhos\/\" data-send=\"false\" data-layout=\"box_count\" data-width=\"55\" data-show-faces=\"false\"><\/div><\/span><\/span><span class=\"mr_social_sharing_top\"><fb:share-button type=\"box_count\" href=\"https:\/\/www.blogdopilako.com.br\/wp\/2022\/11\/03\/a-primeira-mulher-a-governar-pernambuco-por-historia_em_retalhos\/\"><\/fb:share-button><\/span><span class=\"mr_social_sharing\"><a rel=\"nofollow\" class=\"linksalpha_button linksalpha_link\" href=\"\/\/www.linksalpha.com\/social\/mobile\" data-url=\"https:\/\/www.blogdopilako.com.br\/wp\/2022\/11\/03\/a-primeira-mulher-a-governar-pernambuco-por-historia_em_retalhos\/\" data-text=\"A primeira mulher a governar Pernambuco? \u2013 por historia_em_retalhos.\" data-desc=\"Ser\u00e1 Raquel Lyra (PSDB) a primeira mulher a governar Pernambuco? Resposta: depende. Se considerarmos a ascens\u00e3o ao cargo pela via democr\u00e1tica, pelo voto direto, sim. \u00c9 um fato in\u00e9dito. Todavia, h\u00e1 uma importante personagem da hist\u00f3ria que assumiu o comando da capitania de Pernambuco, no\" data-image=\"http:\/\/www.blogdopilako.com.br\/wp\/wp-content\/uploads\/2022\/11\/download-2.jpg\" data-button=\"none\">\n\t\t\t\t\t<img src=\"\/\/www.linksalpha.com\/images\/social_share_button.png\" alt=\"Share\" class=\"linksalpha_image\" \/>\n\t\t\t\t\t<\/a><script type=\"text\/javascript\" src=\"\/\/www.linksalpha.com\/scripts\/loader_iconbox.js?v=2.4\"><\/script><\/span><\/div><p><img loading=\"lazy\" class=\"aligncenter wp-image-138829 size-full\" src=\"http:\/\/www.blogdopilako.com.br\/wp\/wp-content\/uploads\/2022\/11\/download-2.jpg\" alt=\"\" width=\"640\" height=\"640\" srcset=\"https:\/\/www.blogdopilako.com.br\/wp\/wp-content\/uploads\/2022\/11\/download-2.jpg 640w, https:\/\/www.blogdopilako.com.br\/wp\/wp-content\/uploads\/2022\/11\/download-2-300x300.jpg 300w, https:\/\/www.blogdopilako.com.br\/wp\/wp-content\/uploads\/2022\/11\/download-2-150x150.jpg 150w\" sizes=\"(max-width: 640px) 100vw, 640px\" \/><\/p>\n<p style=\"text-align: justify;\">Ser\u00e1 Raquel Lyra (PSDB) a primeira mulher a governar Pernambuco?<\/p>\n<p style=\"text-align: justify;\">Resposta: depende.<\/p>\n<p style=\"text-align: justify;\">Se considerarmos a ascens\u00e3o ao cargo pela via democr\u00e1tica, pelo voto direto, sim.<\/p>\n<p style=\"text-align: justify;\">\u00c9 um fato in\u00e9dito.<\/p>\n<p style=\"text-align: justify;\">Todavia, h\u00e1 uma importante personagem da hist\u00f3ria que assumiu o comando da capitania de Pernambuco, no s\u00e9culo 16: Brites de Albuquerque (Beatriz de Albuquerque), esposa do donat\u00e1rio Duarte Coelho.<\/p>\n<p style=\"text-align: justify;\">Ela foi considerada a primeira governante das Am\u00e9ricas e uma das respons\u00e1veis pela prosperidade na capitania pernambucana.<\/p>\n<p style=\"text-align: justify;\">Ao todo, foram cerca de 30 anos \u00e0 frente do governo de Pernambuco.<\/p>\n<p style=\"text-align: justify;\">Desejamos boa sorte \u00e0 futura governadora @raquellyraoficial e que atentemos a este importante registro, em observ\u00e2ncia \u00e0 hist\u00f3ria.<\/p>\n<p style=\"text-align: justify;\"><strong>Siga: @historia_em_retalhos<\/strong><\/p>\n<p><a href=\"https:\/\/www.instagram.com\/p\/CkecP6rOgd6\/?igshid=MDJmNzVkMjY%3D\">https:\/\/www.instagram.com\/p\/CkecP6rOgd6\/?igshid=MDJmNzVkMjY%3D<\/a><\/p>\n<p><img loading=\"lazy\" class=\"aligncenter wp-image-138828 size-large\" src=\"http:\/\/www.blogdopilako.com.br\/wp\/wp-content\/uploads\/2022\/11\/Pix-arte-final-2-3-1024x401.png\" alt=\"\" width=\"584\" height=\"229\" srcset=\"https:\/\/www.blogdopilako.com.br\/wp\/wp-content\/uploads\/2022\/11\/Pix-arte-final-2-3-1024x401.png 1024w, https:\/\/www.blogdopilako.com.br\/wp\/wp-content\/uploads\/2022\/11\/Pix-arte-final-2-3-300x117.png 300w, https:\/\/www.blogdopilako.com.br\/wp\/wp-content\/uploads\/2022\/11\/Pix-arte-final-2-3-768x301.png 768w, https:\/\/www.blogdopilako.com.br\/wp\/wp-content\/uploads\/2022\/11\/Pix-arte-final-2-3-1536x601.png 1536w, https:\/\/www.blogdopilako.com.br\/wp\/wp-content\/uploads\/2022\/11\/Pix-arte-final-2-3-2048x802.png 2048w, https:\/\/www.blogdopilako.com.br\/wp\/wp-content\/uploads\/2022\/11\/Pix-arte-final-2-3-500x196.png 500w\" sizes=\"(max-width: 584px) 100vw, 584px\" \/><\/p>\n\n\t\t\t\t<div class=\"mr_social_sharing_wrapper\">\n\t\t\t\t<!-- Social Sharing Toolkit v2.2 --><span class=\"mr_social_sharing_top\"><span style=\"display: inline-block; width: 55px; height: 62px; overflow: hidden;\"><div class=\"fb-like\" data-href=\"https:\/\/www.blogdopilako.com.br\/wp\/2022\/11\/03\/a-primeira-mulher-a-governar-pernambuco-por-historia_em_retalhos\/\" data-send=\"false\" data-layout=\"box_count\" data-width=\"55\" data-show-faces=\"false\"><\/div><\/span><\/span><span class=\"mr_social_sharing_top\"><fb:share-button type=\"box_count\" href=\"https:\/\/www.blogdopilako.com.br\/wp\/2022\/11\/03\/a-primeira-mulher-a-governar-pernambuco-por-historia_em_retalhos\/\"><\/fb:share-button><\/span><span class=\"mr_social_sharing\"><a rel=\"nofollow\" class=\"linksalpha_button linksalpha_link\" href=\"\/\/www.linksalpha.com\/social\/mobile\" data-url=\"https:\/\/www.blogdopilako.com.br\/wp\/2022\/11\/03\/a-primeira-mulher-a-governar-pernambuco-por-historia_em_retalhos\/\" data-text=\"A primeira mulher a governar Pernambuco? \u2013 por historia_em_retalhos.\" data-desc=\"Ser\u00e1 Raquel Lyra (PSDB) a primeira mulher a governar Pernambuco? Resposta: depende. Se considerarmos a ascens\u00e3o ao cargo pela via democr\u00e1tica, pelo voto direto, sim. \u00c9 um fato in\u00e9dito. Todavia, h\u00e1 uma importante personagem da hist\u00f3ria que assumiu o comando da capitania de Pernambuco, no\" data-image=\"http:\/\/www.blogdopilako.com.br\/wp\/wp-content\/uploads\/2022\/11\/download-2.jpg\" data-button=\"none\">\n\t\t\t\t\t<img src=\"\/\/www.linksalpha.com\/images\/social_share_button.png\" alt=\"Share\" class=\"linksalpha_image\" \/>\n\t\t\t\t\t<\/a><script type=\"text\/javascript\" src=\"\/\/www.linksalpha.com\/scripts\/loader_iconbox.js?v=2.4\"><\/script><\/span><\/div>","protected":false},"excerpt":{"rendered":"\n\t\t\t\t<div class=\"mr_social_sharing_wrapper\">\n\t\t\t\t<!-- Social Sharing Toolkit v2.2 --><span class=\"mr_social_sharing_top\"><span style=\"display: inline-block; width: 55px; height: 62px; overflow: hidden;\"><div class=\"fb-like\" data-href=\"https:\/\/www.blogdopilako.com.br\/wp\/2022\/11\/03\/a-primeira-mulher-a-governar-pernambuco-por-historia_em_retalhos\/\" data-send=\"false\" data-layout=\"box_count\" data-width=\"55\" data-show-faces=\"false\"><\/div><\/span><\/span><span class=\"mr_social_sharing_top\"><fb:share-button type=\"box_count\" href=\"https:\/\/www.blogdopilako.com.br\/wp\/2022\/11\/03\/a-primeira-mulher-a-governar-pernambuco-por-historia_em_retalhos\/\"><\/fb:share-button><\/span><span class=\"mr_social_sharing\"><a rel=\"nofollow\" class=\"linksalpha_button linksalpha_link\" href=\"\/\/www.linksalpha.com\/social\/mobile\" data-url=\"https:\/\/www.blogdopilako.com.br\/wp\/2022\/11\/03\/a-primeira-mulher-a-governar-pernambuco-por-historia_em_retalhos\/\" data-text=\"A primeira mulher a governar Pernambuco? \u2013 por historia_em_retalhos.\" data-desc=\"Ser\u00e1 Raquel Lyra (PSDB) a primeira mulher a governar Pernambuco? Resposta: depende. Se considerarmos a ascens\u00e3o ao cargo pela via democr\u00e1tica, pelo voto direto, sim. \u00c9 um fato in\u00e9dito. Todavia, h\u00e1 uma importante personagem da hist\u00f3ria que assumiu o comando da capitania de Pernambuco, no\" data-image=\"\" data-button=\"none\">\n\t\t\t\t\t<img src=\"\/\/www.linksalpha.com\/images\/social_share_button.png\" alt=\"Share\" class=\"linksalpha_image\" \/>\n\t\t\t\t\t<\/a><script type=\"text\/javascript\" src=\"\/\/www.linksalpha.com\/scripts\/loader_iconbox.js?v=2.4\"><\/script><\/span><\/div><p>Ser\u00e1 Raquel Lyra (PSDB) a primeira mulher a governar Pernambuco? Resposta: depende. Se considerarmos a ascens\u00e3o ao cargo pela via democr\u00e1tica, pelo voto direto, sim. \u00c9 um fato in\u00e9dito. Todavia, h\u00e1 uma importante personagem da hist\u00f3ria que assumiu o comando &hellip; <a href=\"https:\/\/www.blogdopilako.com.br\/wp\/2022\/11\/03\/a-primeira-mulher-a-governar-pernambuco-por-historia_em_retalhos\/\">Continue lendo <span class=\"meta-nav\">&rarr;<\/span><\/a><\/p>\n\n\t\t\t\t<div class=\"mr_social_sharing_wrapper\">\n\t\t\t\t<!-- Social Sharing Toolkit v2.2 --><span class=\"mr_social_sharing_top\"><span style=\"display: inline-block; width: 55px; height: 62px; overflow: hidden;\"><div class=\"fb-like\" data-href=\"https:\/\/www.blogdopilako.com.br\/wp\/2022\/11\/03\/a-primeira-mulher-a-governar-pernambuco-por-historia_em_retalhos\/\" data-send=\"false\" data-layout=\"box_count\" data-width=\"55\" data-show-faces=\"false\"><\/div><\/span><\/span><span class=\"mr_social_sharing_top\"><fb:share-button type=\"box_count\" href=\"https:\/\/www.blogdopilako.com.br\/wp\/2022\/11\/03\/a-primeira-mulher-a-governar-pernambuco-por-historia_em_retalhos\/\"><\/fb:share-button><\/span><span class=\"mr_social_sharing\"><a rel=\"nofollow\" class=\"linksalpha_button linksalpha_link\" href=\"\/\/www.linksalpha.com\/social\/mobile\" data-url=\"https:\/\/www.blogdopilako.com.br\/wp\/2022\/11\/03\/a-primeira-mulher-a-governar-pernambuco-por-historia_em_retalhos\/\" data-text=\"A primeira mulher a governar Pernambuco? \u2013 por historia_em_retalhos.\" data-desc=\"Ser\u00e1 Raquel Lyra (PSDB) a primeira mulher a governar Pernambuco? Resposta: depende. Se considerarmos a ascens\u00e3o ao cargo pela via democr\u00e1tica, pelo voto direto, sim. \u00c9 um fato in\u00e9dito. Todavia, h\u00e1 uma importante personagem da hist\u00f3ria que assumiu o comando da capitania de Pernambuco, no\" data-image=\"\" data-button=\"none\">\n\t\t\t\t\t<img src=\"\/\/www.linksalpha.com\/images\/social_share_button.png\" alt=\"Share\" class=\"linksalpha_image\" \/>\n\t\t\t\t\t<\/a><script type=\"text\/javascript\" src=\"\/\/www.linksalpha.com\/scripts\/loader_iconbox.js?v=2.4\"><\/script><\/span><\/div>","protected":false},"author":2,"featured_media":0,"comment_status":"open","ping_status":"open","sticky":false,"template":"","format":"standard","meta":[],"categories":[21],"tags":[],"_links":{"self":[{"href":"https:\/\/www.blogdopilako.com.br\/wp\/wp-json\/wp\/v2\/posts\/138827"}],"collection":[{"href":"https:\/\/www.blogdopilako.com.br\/wp\/wp-json\/wp\/v2\/posts"}],"about":[{"href":"https:\/\/www.blogdopilako.com.br\/wp\/wp-json\/wp\/v2\/types\/post"}],"author":[{"embeddable":true,"href":"https:\/\/www.blogdopilako.com.br\/wp\/wp-json\/wp\/v2\/users\/2"}],"replies":[{"embeddable":true,"href":"https:\/\/www.blogdopilako.com.br\/wp\/wp-json\/wp\/v2\/comments?post=138827"}],"version-history":[{"count":1,"href":"https:\/\/www.blogdopilako.com.br\/wp\/wp-json\/wp\/v2\/posts\/138827\/revisions"}],"predecessor-version":[{"id":138830,"href":"https:\/\/www.blogdopilako.com.br\/wp\/wp-json\/wp\/v2\/posts\/138827\/revisions\/138830"}],"wp:attachment":[{"href":"https:\/\/www.blogdopilako.com.br\/wp\/wp-json\/wp\/v2\/media?parent=138827"}],"wp:term":[{"taxonomy":"category","embeddable":true,"href":"https:\/\/www.blogdopilako.com.br\/wp\/wp-json\/wp\/v2\/categories?post=138827"},{"taxonomy":"post_tag","embeddable":true,"href":"https:\/\/www.blogdopilako.com.br\/wp\/wp-json\/wp\/v2\/tags?post=138827"}],"curies":[{"name":"wp","href":"https:\/\/api.w.org\/{rel}","templated":true}]}}