{"id":138755,"date":"2022-10-25T11:13:28","date_gmt":"2022-10-25T14:13:28","guid":{"rendered":"https:\/\/www.blogdopilako.com.br\/wp\/?p=138755"},"modified":"2022-10-25T11:13:28","modified_gmt":"2022-10-25T14:13:28","slug":"instituto-historico-socios-elegem-nova-diretoria","status":"publish","type":"post","link":"https:\/\/www.blogdopilako.com.br\/wp\/2022\/10\/25\/instituto-historico-socios-elegem-nova-diretoria\/","title":{"rendered":"Instituto Hist\u00f3rico: s\u00f3cios elegem nova diretoria&#8230;."},"content":{"rendered":"\n\t\t\t\t<div class=\"mr_social_sharing_wrapper\">\n\t\t\t\t<!-- Social Sharing Toolkit v2.2 --><span class=\"mr_social_sharing_top\"><span style=\"display: inline-block; width: 55px; height: 62px; overflow: hidden;\"><div class=\"fb-like\" data-href=\"https:\/\/www.blogdopilako.com.br\/wp\/2022\/10\/25\/instituto-historico-socios-elegem-nova-diretoria\/\" data-send=\"false\" data-layout=\"box_count\" data-width=\"55\" data-show-faces=\"false\"><\/div><\/span><\/span><span class=\"mr_social_sharing_top\"><fb:share-button type=\"box_count\" href=\"https:\/\/www.blogdopilako.com.br\/wp\/2022\/10\/25\/instituto-historico-socios-elegem-nova-diretoria\/\"><\/fb:share-button><\/span><span class=\"mr_social_sharing\"><a rel=\"nofollow\" class=\"linksalpha_button linksalpha_link\" href=\"\/\/www.linksalpha.com\/social\/mobile\" data-url=\"https:\/\/www.blogdopilako.com.br\/wp\/2022\/10\/25\/instituto-historico-socios-elegem-nova-diretoria\/\" data-text=\"Instituto Hist\u00f3rico: s\u00f3cios elegem nova diretoria\u2026.\" data-desc=\"Ap\u00f3s o cumprimento de todos os requisitos estatut\u00e1rios, na tarde de ontem, segunda-feira, 24 de outubro de 2022, a \u201cCasa do Imperador\u201d abriu suas portas para efetivar a elei\u00e7\u00e3o para a nova diretoria do nosso Instituto Hist\u00f3rico e Geogr\u00e1fico da Vit\u00f3ria. Com apenas uma chapa concorrendo,\" data-image=\"http:\/\/www.blogdopilako.com.br\/wp\/wp-content\/uploads\/2022\/10\/14679d85-b5e8-4f27-995c-06e35f3d3ffc.jpg\" data-button=\"none\">\n\t\t\t\t\t<img src=\"\/\/www.linksalpha.com\/images\/social_share_button.png\" alt=\"Share\" class=\"linksalpha_image\" \/>\n\t\t\t\t\t<\/a><script type=\"text\/javascript\" src=\"\/\/www.linksalpha.com\/scripts\/loader_iconbox.js?v=2.4\"><\/script><\/span><\/div><p><img loading=\"lazy\" class=\"aligncenter wp-image-138757 size-full\" src=\"http:\/\/www.blogdopilako.com.br\/wp\/wp-content\/uploads\/2022\/10\/14679d85-b5e8-4f27-995c-06e35f3d3ffc.jpg\" alt=\"\" width=\"1600\" height=\"1200\" srcset=\"https:\/\/www.blogdopilako.com.br\/wp\/wp-content\/uploads\/2022\/10\/14679d85-b5e8-4f27-995c-06e35f3d3ffc.jpg 1600w, https:\/\/www.blogdopilako.com.br\/wp\/wp-content\/uploads\/2022\/10\/14679d85-b5e8-4f27-995c-06e35f3d3ffc-300x225.jpg 300w, https:\/\/www.blogdopilako.com.br\/wp\/wp-content\/uploads\/2022\/10\/14679d85-b5e8-4f27-995c-06e35f3d3ffc-1024x768.jpg 1024w, https:\/\/www.blogdopilako.com.br\/wp\/wp-content\/uploads\/2022\/10\/14679d85-b5e8-4f27-995c-06e35f3d3ffc-768x576.jpg 768w, https:\/\/www.blogdopilako.com.br\/wp\/wp-content\/uploads\/2022\/10\/14679d85-b5e8-4f27-995c-06e35f3d3ffc-1536x1152.jpg 1536w, https:\/\/www.blogdopilako.com.br\/wp\/wp-content\/uploads\/2022\/10\/14679d85-b5e8-4f27-995c-06e35f3d3ffc-400x300.jpg 400w\" sizes=\"(max-width: 1600px) 100vw, 1600px\" \/><\/p>\n<p style=\"text-align: justify;\">Ap\u00f3s o cumprimento de todos os requisitos estatut\u00e1rios, na tarde de ontem, segunda-feira, 24 de outubro de 2022, a \u201cCasa do Imperador\u201d abriu suas portas para efetivar a elei\u00e7\u00e3o para a nova diretoria do nosso Instituto Hist\u00f3rico e Geogr\u00e1fico da Vit\u00f3ria.<\/p>\n<p style=\"text-align: justify;\">Com apenas uma chapa concorrendo, assim ficou formada a nova diretoria:<\/p>\n<p style=\"text-align: justify;\"><strong>Presidente: Pedro Humberto Ferrer de Morais.<\/strong><\/p>\n<p style=\"text-align: justify;\"><strong>Vice-presidente: Cristiano de Melo Vasconcelos Barros.<\/strong><\/p>\n<p style=\"text-align: justify;\"><strong>Primeira secret\u00e1ria: Priscylla Ingrend Aires da Silva Moura.<\/strong><\/p>\n<p style=\"text-align: justify;\"><strong>Segundo secret\u00e1rio: Enedino Soares de Oliveira.<\/strong><\/p>\n<p style=\"text-align: justify;\"><strong>Primeiro tesoureiro: Carlos dos Santos Freire.<\/strong><\/p>\n<p style=\"text-align: justify;\"><strong>Segundo tesoureiro: Serafim Lemos do Nascimento.<\/strong><\/p>\n<p style=\"text-align: justify;\"><strong>Orador: Claudemir Alves Coelho.<\/strong><\/p>\n<p style=\"text-align: justify;\"><strong>Vice oradora: Maria Luciene de Freitas e Silva.<\/strong><\/p>\n<p style=\"text-align: justify;\"><strong>Diretor de patrim\u00f4nio: Ant\u00f4nio Fernando do Nascimento.<\/strong><\/p>\n<p><img loading=\"lazy\" class=\"aligncenter wp-image-138749 size-large\" src=\"http:\/\/www.blogdopilako.com.br\/wp\/wp-content\/uploads\/2022\/10\/Pix-arte-final-2-35-1024x401.png\" alt=\"\" width=\"584\" height=\"229\" srcset=\"https:\/\/www.blogdopilako.com.br\/wp\/wp-content\/uploads\/2022\/10\/Pix-arte-final-2-35-1024x401.png 1024w, https:\/\/www.blogdopilako.com.br\/wp\/wp-content\/uploads\/2022\/10\/Pix-arte-final-2-35-300x117.png 300w, https:\/\/www.blogdopilako.com.br\/wp\/wp-content\/uploads\/2022\/10\/Pix-arte-final-2-35-768x301.png 768w, https:\/\/www.blogdopilako.com.br\/wp\/wp-content\/uploads\/2022\/10\/Pix-arte-final-2-35-1536x601.png 1536w, https:\/\/www.blogdopilako.com.br\/wp\/wp-content\/uploads\/2022\/10\/Pix-arte-final-2-35-2048x802.png 2048w, https:\/\/www.blogdopilako.com.br\/wp\/wp-content\/uploads\/2022\/10\/Pix-arte-final-2-35-500x196.png 500w\" sizes=\"(max-width: 584px) 100vw, 584px\" \/><\/p>\n\n\t\t\t\t<div class=\"mr_social_sharing_wrapper\">\n\t\t\t\t<!-- Social Sharing Toolkit v2.2 --><span class=\"mr_social_sharing_top\"><span style=\"display: inline-block; width: 55px; height: 62px; overflow: hidden;\"><div class=\"fb-like\" data-href=\"https:\/\/www.blogdopilako.com.br\/wp\/2022\/10\/25\/instituto-historico-socios-elegem-nova-diretoria\/\" data-send=\"false\" data-layout=\"box_count\" data-width=\"55\" data-show-faces=\"false\"><\/div><\/span><\/span><span class=\"mr_social_sharing_top\"><fb:share-button type=\"box_count\" href=\"https:\/\/www.blogdopilako.com.br\/wp\/2022\/10\/25\/instituto-historico-socios-elegem-nova-diretoria\/\"><\/fb:share-button><\/span><span class=\"mr_social_sharing\"><a rel=\"nofollow\" class=\"linksalpha_button linksalpha_link\" href=\"\/\/www.linksalpha.com\/social\/mobile\" data-url=\"https:\/\/www.blogdopilako.com.br\/wp\/2022\/10\/25\/instituto-historico-socios-elegem-nova-diretoria\/\" data-text=\"Instituto Hist\u00f3rico: s\u00f3cios elegem nova diretoria\u2026.\" data-desc=\"Ap\u00f3s o cumprimento de todos os requisitos estatut\u00e1rios, na tarde de ontem, segunda-feira, 24 de outubro de 2022, a \u201cCasa do Imperador\u201d abriu suas portas para efetivar a elei\u00e7\u00e3o para a nova diretoria do nosso Instituto Hist\u00f3rico e Geogr\u00e1fico da Vit\u00f3ria. Com apenas uma chapa concorrendo,\" data-image=\"http:\/\/www.blogdopilako.com.br\/wp\/wp-content\/uploads\/2022\/10\/14679d85-b5e8-4f27-995c-06e35f3d3ffc.jpg\" data-button=\"none\">\n\t\t\t\t\t<img src=\"\/\/www.linksalpha.com\/images\/social_share_button.png\" alt=\"Share\" class=\"linksalpha_image\" \/>\n\t\t\t\t\t<\/a><script type=\"text\/javascript\" src=\"\/\/www.linksalpha.com\/scripts\/loader_iconbox.js?v=2.4\"><\/script><\/span><\/div>","protected":false},"excerpt":{"rendered":"\n\t\t\t\t<div class=\"mr_social_sharing_wrapper\">\n\t\t\t\t<!-- Social Sharing Toolkit v2.2 --><span class=\"mr_social_sharing_top\"><span style=\"display: inline-block; width: 55px; height: 62px; overflow: hidden;\"><div class=\"fb-like\" data-href=\"https:\/\/www.blogdopilako.com.br\/wp\/2022\/10\/25\/instituto-historico-socios-elegem-nova-diretoria\/\" data-send=\"false\" data-layout=\"box_count\" data-width=\"55\" data-show-faces=\"false\"><\/div><\/span><\/span><span class=\"mr_social_sharing_top\"><fb:share-button type=\"box_count\" href=\"https:\/\/www.blogdopilako.com.br\/wp\/2022\/10\/25\/instituto-historico-socios-elegem-nova-diretoria\/\"><\/fb:share-button><\/span><span class=\"mr_social_sharing\"><a rel=\"nofollow\" class=\"linksalpha_button linksalpha_link\" href=\"\/\/www.linksalpha.com\/social\/mobile\" data-url=\"https:\/\/www.blogdopilako.com.br\/wp\/2022\/10\/25\/instituto-historico-socios-elegem-nova-diretoria\/\" data-text=\"Instituto Hist\u00f3rico: s\u00f3cios elegem nova diretoria\u2026.\" data-desc=\"Ap\u00f3s o cumprimento de todos os requisitos estatut\u00e1rios, na tarde de ontem, segunda-feira, 24 de outubro de 2022, a \u201cCasa do Imperador\u201d abriu suas portas para efetivar a elei\u00e7\u00e3o para a nova diretoria do nosso Instituto Hist\u00f3rico e Geogr\u00e1fico da Vit\u00f3ria. Com apenas uma chapa concorrendo,\" data-image=\"\" data-button=\"none\">\n\t\t\t\t\t<img src=\"\/\/www.linksalpha.com\/images\/social_share_button.png\" alt=\"Share\" class=\"linksalpha_image\" \/>\n\t\t\t\t\t<\/a><script type=\"text\/javascript\" src=\"\/\/www.linksalpha.com\/scripts\/loader_iconbox.js?v=2.4\"><\/script><\/span><\/div><p>Ap\u00f3s o cumprimento de todos os requisitos estatut\u00e1rios, na tarde de ontem, segunda-feira, 24 de outubro de 2022, a \u201cCasa do Imperador\u201d abriu suas portas para efetivar a elei\u00e7\u00e3o para a nova diretoria do nosso Instituto Hist\u00f3rico e Geogr\u00e1fico da &hellip; <a href=\"https:\/\/www.blogdopilako.com.br\/wp\/2022\/10\/25\/instituto-historico-socios-elegem-nova-diretoria\/\">Continue lendo <span class=\"meta-nav\">&rarr;<\/span><\/a><\/p>\n\n\t\t\t\t<div class=\"mr_social_sharing_wrapper\">\n\t\t\t\t<!-- Social Sharing Toolkit v2.2 --><span class=\"mr_social_sharing_top\"><span style=\"display: inline-block; width: 55px; height: 62px; overflow: hidden;\"><div class=\"fb-like\" data-href=\"https:\/\/www.blogdopilako.com.br\/wp\/2022\/10\/25\/instituto-historico-socios-elegem-nova-diretoria\/\" data-send=\"false\" data-layout=\"box_count\" data-width=\"55\" data-show-faces=\"false\"><\/div><\/span><\/span><span class=\"mr_social_sharing_top\"><fb:share-button type=\"box_count\" href=\"https:\/\/www.blogdopilako.com.br\/wp\/2022\/10\/25\/instituto-historico-socios-elegem-nova-diretoria\/\"><\/fb:share-button><\/span><span class=\"mr_social_sharing\"><a rel=\"nofollow\" class=\"linksalpha_button linksalpha_link\" href=\"\/\/www.linksalpha.com\/social\/mobile\" data-url=\"https:\/\/www.blogdopilako.com.br\/wp\/2022\/10\/25\/instituto-historico-socios-elegem-nova-diretoria\/\" data-text=\"Instituto Hist\u00f3rico: s\u00f3cios elegem nova diretoria\u2026.\" data-desc=\"Ap\u00f3s o cumprimento de todos os requisitos estatut\u00e1rios, na tarde de ontem, segunda-feira, 24 de outubro de 2022, a \u201cCasa do Imperador\u201d abriu suas portas para efetivar a elei\u00e7\u00e3o para a nova diretoria do nosso Instituto Hist\u00f3rico e Geogr\u00e1fico da Vit\u00f3ria. Com apenas uma chapa concorrendo,\" data-image=\"\" data-button=\"none\">\n\t\t\t\t\t<img src=\"\/\/www.linksalpha.com\/images\/social_share_button.png\" alt=\"Share\" class=\"linksalpha_image\" \/>\n\t\t\t\t\t<\/a><script type=\"text\/javascript\" src=\"\/\/www.linksalpha.com\/scripts\/loader_iconbox.js?v=2.4\"><\/script><\/span><\/div>","protected":false},"author":2,"featured_media":0,"comment_status":"open","ping_status":"open","sticky":false,"template":"","format":"standard","meta":[],"categories":[21],"tags":[],"_links":{"self":[{"href":"https:\/\/www.blogdopilako.com.br\/wp\/wp-json\/wp\/v2\/posts\/138755"}],"collection":[{"href":"https:\/\/www.blogdopilako.com.br\/wp\/wp-json\/wp\/v2\/posts"}],"about":[{"href":"https:\/\/www.blogdopilako.com.br\/wp\/wp-json\/wp\/v2\/types\/post"}],"author":[{"embeddable":true,"href":"https:\/\/www.blogdopilako.com.br\/wp\/wp-json\/wp\/v2\/users\/2"}],"replies":[{"embeddable":true,"href":"https:\/\/www.blogdopilako.com.br\/wp\/wp-json\/wp\/v2\/comments?post=138755"}],"version-history":[{"count":1,"href":"https:\/\/www.blogdopilako.com.br\/wp\/wp-json\/wp\/v2\/posts\/138755\/revisions"}],"predecessor-version":[{"id":138758,"href":"https:\/\/www.blogdopilako.com.br\/wp\/wp-json\/wp\/v2\/posts\/138755\/revisions\/138758"}],"wp:attachment":[{"href":"https:\/\/www.blogdopilako.com.br\/wp\/wp-json\/wp\/v2\/media?parent=138755"}],"wp:term":[{"taxonomy":"category","embeddable":true,"href":"https:\/\/www.blogdopilako.com.br\/wp\/wp-json\/wp\/v2\/categories?post=138755"},{"taxonomy":"post_tag","embeddable":true,"href":"https:\/\/www.blogdopilako.com.br\/wp\/wp-json\/wp\/v2\/tags?post=138755"}],"curies":[{"name":"wp","href":"https:\/\/api.w.org\/{rel}","templated":true}]}}