{"id":137333,"date":"2022-06-27T11:09:42","date_gmt":"2022-06-27T14:09:42","guid":{"rendered":"https:\/\/www.blogdopilako.com.br\/wp\/?p=137333"},"modified":"2022-06-27T18:04:59","modified_gmt":"2022-06-27T21:04:59","slug":"corrida-com-historia-hecatombe-do-rosario-142-anos","status":"publish","type":"post","link":"https:\/\/www.blogdopilako.com.br\/wp\/2022\/06\/27\/corrida-com-historia-hecatombe-do-rosario-142-anos\/","title":{"rendered":"Corrida Com Hist\u00f3ria &#8211; Hecatombe do Ros\u00e1rio &#8211; 142 anos."},"content":{"rendered":"\n\t\t\t\t<div class=\"mr_social_sharing_wrapper\">\n\t\t\t\t<!-- Social Sharing Toolkit v2.2 --><span class=\"mr_social_sharing_top\"><span style=\"display: inline-block; width: 55px; height: 62px; overflow: hidden;\"><div class=\"fb-like\" data-href=\"https:\/\/www.blogdopilako.com.br\/wp\/2022\/06\/27\/corrida-com-historia-hecatombe-do-rosario-142-anos\/\" data-send=\"false\" data-layout=\"box_count\" data-width=\"55\" data-show-faces=\"false\"><\/div><\/span><\/span><span class=\"mr_social_sharing_top\"><fb:share-button type=\"box_count\" href=\"https:\/\/www.blogdopilako.com.br\/wp\/2022\/06\/27\/corrida-com-historia-hecatombe-do-rosario-142-anos\/\"><\/fb:share-button><\/span><span class=\"mr_social_sharing\"><a rel=\"nofollow\" class=\"linksalpha_button linksalpha_link\" href=\"\/\/www.linksalpha.com\/social\/mobile\" data-url=\"https:\/\/www.blogdopilako.com.br\/wp\/2022\/06\/27\/corrida-com-historia-hecatombe-do-rosario-142-anos\/\" data-text=\"Corrida Com Hist\u00f3ria \u2013 Hecatombe do Ros\u00e1rio \u2013 142 anos.\" data-desc=\"Dentro do nosso Projeto \u201cCorrida Com Hist\u00f3ria\u201d que, entre outros objetivos, \u00a0\u00a0nos propomos a compartilhar informa\u00e7\u00f5es hist\u00f3ricas sobre o nosso torr\u00e3o, hoje, 27 de junho de 2022, alardeamos a passagem dos 142 anos do tr\u00e1gico acontecimento que ficou catalogado na hist\u00f3ria politica\" data-image=\"http:\/\/www.blogdopilako.com.br\/wp\/wp-content\/uploads\/2022\/06\/ccf475f1-61df-4911-b1a2-8b0c90377ede-1024x702-1.jpg\" data-button=\"none\">\n\t\t\t\t\t<img src=\"\/\/www.linksalpha.com\/images\/social_share_button.png\" alt=\"Share\" class=\"linksalpha_image\" \/>\n\t\t\t\t\t<\/a><script type=\"text\/javascript\" src=\"\/\/www.linksalpha.com\/scripts\/loader_iconbox.js?v=2.4\"><\/script><\/span><\/div><p><img loading=\"lazy\" class=\"aligncenter wp-image-137334 size-full\" src=\"http:\/\/www.blogdopilako.com.br\/wp\/wp-content\/uploads\/2022\/06\/ccf475f1-61df-4911-b1a2-8b0c90377ede-1024x702-1.jpg\" alt=\"\" width=\"1024\" height=\"702\" srcset=\"https:\/\/www.blogdopilako.com.br\/wp\/wp-content\/uploads\/2022\/06\/ccf475f1-61df-4911-b1a2-8b0c90377ede-1024x702-1.jpg 1024w, https:\/\/www.blogdopilako.com.br\/wp\/wp-content\/uploads\/2022\/06\/ccf475f1-61df-4911-b1a2-8b0c90377ede-1024x702-1-300x206.jpg 300w, https:\/\/www.blogdopilako.com.br\/wp\/wp-content\/uploads\/2022\/06\/ccf475f1-61df-4911-b1a2-8b0c90377ede-1024x702-1-768x527.jpg 768w, https:\/\/www.blogdopilako.com.br\/wp\/wp-content\/uploads\/2022\/06\/ccf475f1-61df-4911-b1a2-8b0c90377ede-1024x702-1-438x300.jpg 438w\" sizes=\"(max-width: 1024px) 100vw, 1024px\" \/><\/p>\n<p style=\"text-align: justify;\">Dentro do nosso Projeto \u201cCorrida Com Hist\u00f3ria\u201d que, entre outros objetivos, \u00a0\u00a0nos propomos a<\/p>\n<p style=\"text-align: justify;\">compartilhar informa\u00e7\u00f5es hist\u00f3ricas sobre o nosso torr\u00e3o, hoje, 27 de junho de 2022, alardeamos a passagem dos 142 anos do tr\u00e1gico acontecimento que ficou catalogado na hist\u00f3ria politica nacional como a \u201cHecatombe do Ros\u00e1rio\u201d.<\/p>\n<p><img loading=\"lazy\" class=\"size-medium wp-image-137335 alignright\" src=\"http:\/\/www.blogdopilako.com.br\/wp\/wp-content\/uploads\/2022\/06\/25a518d2-806e-474a-8c84-5783e0a5ca39-225x300.jpg\" alt=\"\" width=\"225\" height=\"300\" srcset=\"https:\/\/www.blogdopilako.com.br\/wp\/wp-content\/uploads\/2022\/06\/25a518d2-806e-474a-8c84-5783e0a5ca39-225x300.jpg 225w, https:\/\/www.blogdopilako.com.br\/wp\/wp-content\/uploads\/2022\/06\/25a518d2-806e-474a-8c84-5783e0a5ca39-769x1024.jpg 769w, https:\/\/www.blogdopilako.com.br\/wp\/wp-content\/uploads\/2022\/06\/25a518d2-806e-474a-8c84-5783e0a5ca39-768x1022.jpg 768w, https:\/\/www.blogdopilako.com.br\/wp\/wp-content\/uploads\/2022\/06\/25a518d2-806e-474a-8c84-5783e0a5ca39-1154x1536.jpg 1154w, https:\/\/www.blogdopilako.com.br\/wp\/wp-content\/uploads\/2022\/06\/25a518d2-806e-474a-8c84-5783e0a5ca39.jpg 1202w\" sizes=\"(max-width: 225px) 100vw, 225px\" \/><\/p>\n<p style=\"text-align: justify;\">Por ocasi\u00e3o\u00a0 da consolidada rivalidade nacional e alguns \u201cfatos novos\u201d entre as duas agremia\u00e7\u00f5es partid\u00e1rias \u2013 Conservador \u00a0e Liberal \u00a0-, \u00a0na terra de Santo Ant\u00e3o, \u00a0\u00a0o processo eleitoral fez a \u00a0\u201ctemperatura\u201d pol\u00edtica subir por aqui. Naquele tempo, a vota\u00e7\u00e3o ocorria dentro das igrejas \u2013 viv\u00edamos, ainda, no Brasil Imp\u00e9rio.<\/p>\n<p style=\"text-align: justify;\">Funcionando como \u201cMatriz\u201d, por conta da constru\u00e7\u00e3o da terceira igreja dedicada a Santo Ant\u00e3o (o pr\u00e9dio atual), a Igreja do Ros\u00e1rio, um dia antes da elei\u00e7\u00e3o, \u00a0testemunhou umas das cenas mais tristes da nossa hist\u00f3ria. Um embate pol\u00edtico que deixou um saldo de 16 mortes e in\u00fameros feridos. Dentre os quais, quadros de alta patentes, socialmente e politicamente falando.<\/p>\n<p style=\"text-align: justify;\">O tempo passou e a nossa cidade, no campo politico, \u00a0continua tendo disputas eleitorais acaloradas. Quais e quantas li\u00e7\u00f5es deveremos aprender, \u00a0com epis\u00f3dio como esse? Vale a pena refletir&#8230;..<\/p>\n<p><strong>Veja o V\u00eddeo Aqui.<\/strong><\/p>\n<p><a href=\"https:\/\/youtube.com\/shorts\/z55va64wBug?feature=share\">https:\/\/youtube.com\/shorts\/z55va64wBug?feature=share<\/a><\/p>\n<p><img loading=\"lazy\" class=\"aligncenter wp-image-137338 size-large\" src=\"http:\/\/www.blogdopilako.com.br\/wp\/wp-content\/uploads\/2022\/06\/Pix-arte-final-2-36-1024x401.png\" alt=\"\" width=\"584\" height=\"229\" srcset=\"https:\/\/www.blogdopilako.com.br\/wp\/wp-content\/uploads\/2022\/06\/Pix-arte-final-2-36-1024x401.png 1024w, https:\/\/www.blogdopilako.com.br\/wp\/wp-content\/uploads\/2022\/06\/Pix-arte-final-2-36-300x117.png 300w, https:\/\/www.blogdopilako.com.br\/wp\/wp-content\/uploads\/2022\/06\/Pix-arte-final-2-36-768x301.png 768w, https:\/\/www.blogdopilako.com.br\/wp\/wp-content\/uploads\/2022\/06\/Pix-arte-final-2-36-1536x601.png 1536w, https:\/\/www.blogdopilako.com.br\/wp\/wp-content\/uploads\/2022\/06\/Pix-arte-final-2-36-2048x802.png 2048w, https:\/\/www.blogdopilako.com.br\/wp\/wp-content\/uploads\/2022\/06\/Pix-arte-final-2-36-500x196.png 500w\" sizes=\"(max-width: 584px) 100vw, 584px\" \/><\/p>\n<p>&nbsp;<\/p>\n\n\t\t\t\t<div class=\"mr_social_sharing_wrapper\">\n\t\t\t\t<!-- Social Sharing Toolkit v2.2 --><span class=\"mr_social_sharing_top\"><span style=\"display: inline-block; width: 55px; height: 62px; overflow: hidden;\"><div class=\"fb-like\" data-href=\"https:\/\/www.blogdopilako.com.br\/wp\/2022\/06\/27\/corrida-com-historia-hecatombe-do-rosario-142-anos\/\" data-send=\"false\" data-layout=\"box_count\" data-width=\"55\" data-show-faces=\"false\"><\/div><\/span><\/span><span class=\"mr_social_sharing_top\"><fb:share-button type=\"box_count\" href=\"https:\/\/www.blogdopilako.com.br\/wp\/2022\/06\/27\/corrida-com-historia-hecatombe-do-rosario-142-anos\/\"><\/fb:share-button><\/span><span class=\"mr_social_sharing\"><a rel=\"nofollow\" class=\"linksalpha_button linksalpha_link\" href=\"\/\/www.linksalpha.com\/social\/mobile\" data-url=\"https:\/\/www.blogdopilako.com.br\/wp\/2022\/06\/27\/corrida-com-historia-hecatombe-do-rosario-142-anos\/\" data-text=\"Corrida Com Hist\u00f3ria \u2013 Hecatombe do Ros\u00e1rio \u2013 142 anos.\" data-desc=\"Dentro do nosso Projeto \u201cCorrida Com Hist\u00f3ria\u201d que, entre outros objetivos, \u00a0\u00a0nos propomos a compartilhar informa\u00e7\u00f5es hist\u00f3ricas sobre o nosso torr\u00e3o, hoje, 27 de junho de 2022, alardeamos a passagem dos 142 anos do tr\u00e1gico acontecimento que ficou catalogado na hist\u00f3ria politica\" data-image=\"http:\/\/www.blogdopilako.com.br\/wp\/wp-content\/uploads\/2022\/06\/ccf475f1-61df-4911-b1a2-8b0c90377ede-1024x702-1.jpg\" data-button=\"none\">\n\t\t\t\t\t<img src=\"\/\/www.linksalpha.com\/images\/social_share_button.png\" alt=\"Share\" class=\"linksalpha_image\" \/>\n\t\t\t\t\t<\/a><script type=\"text\/javascript\" src=\"\/\/www.linksalpha.com\/scripts\/loader_iconbox.js?v=2.4\"><\/script><\/span><\/div>","protected":false},"excerpt":{"rendered":"\n\t\t\t\t<div class=\"mr_social_sharing_wrapper\">\n\t\t\t\t<!-- Social Sharing Toolkit v2.2 --><span class=\"mr_social_sharing_top\"><span style=\"display: inline-block; width: 55px; height: 62px; overflow: hidden;\"><div class=\"fb-like\" data-href=\"https:\/\/www.blogdopilako.com.br\/wp\/2022\/06\/27\/corrida-com-historia-hecatombe-do-rosario-142-anos\/\" data-send=\"false\" data-layout=\"box_count\" data-width=\"55\" data-show-faces=\"false\"><\/div><\/span><\/span><span class=\"mr_social_sharing_top\"><fb:share-button type=\"box_count\" href=\"https:\/\/www.blogdopilako.com.br\/wp\/2022\/06\/27\/corrida-com-historia-hecatombe-do-rosario-142-anos\/\"><\/fb:share-button><\/span><span class=\"mr_social_sharing\"><a rel=\"nofollow\" class=\"linksalpha_button linksalpha_link\" href=\"\/\/www.linksalpha.com\/social\/mobile\" data-url=\"https:\/\/www.blogdopilako.com.br\/wp\/2022\/06\/27\/corrida-com-historia-hecatombe-do-rosario-142-anos\/\" data-text=\"Corrida Com Hist\u00f3ria \u2013 Hecatombe do Ros\u00e1rio \u2013 142 anos.\" data-desc=\"Dentro do nosso Projeto \u201cCorrida Com Hist\u00f3ria\u201d que, entre outros objetivos, \u00a0\u00a0nos propomos a compartilhar informa\u00e7\u00f5es hist\u00f3ricas sobre o nosso torr\u00e3o, hoje, 27 de junho de 2022, alardeamos a passagem dos 142 anos do tr\u00e1gico acontecimento que ficou catalogado na hist\u00f3ria politica\" data-image=\"\" data-button=\"none\">\n\t\t\t\t\t<img src=\"\/\/www.linksalpha.com\/images\/social_share_button.png\" alt=\"Share\" class=\"linksalpha_image\" \/>\n\t\t\t\t\t<\/a><script type=\"text\/javascript\" src=\"\/\/www.linksalpha.com\/scripts\/loader_iconbox.js?v=2.4\"><\/script><\/span><\/div><p>Dentro do nosso Projeto \u201cCorrida Com Hist\u00f3ria\u201d que, entre outros objetivos, \u00a0\u00a0nos propomos a compartilhar informa\u00e7\u00f5es hist\u00f3ricas sobre o nosso torr\u00e3o, hoje, 27 de junho de 2022, alardeamos a passagem dos 142 anos do tr\u00e1gico acontecimento que ficou catalogado na &hellip; <a href=\"https:\/\/www.blogdopilako.com.br\/wp\/2022\/06\/27\/corrida-com-historia-hecatombe-do-rosario-142-anos\/\">Continue lendo <span class=\"meta-nav\">&rarr;<\/span><\/a><\/p>\n\n\t\t\t\t<div class=\"mr_social_sharing_wrapper\">\n\t\t\t\t<!-- Social Sharing Toolkit v2.2 --><span class=\"mr_social_sharing_top\"><span style=\"display: inline-block; width: 55px; height: 62px; overflow: hidden;\"><div class=\"fb-like\" data-href=\"https:\/\/www.blogdopilako.com.br\/wp\/2022\/06\/27\/corrida-com-historia-hecatombe-do-rosario-142-anos\/\" data-send=\"false\" data-layout=\"box_count\" data-width=\"55\" data-show-faces=\"false\"><\/div><\/span><\/span><span class=\"mr_social_sharing_top\"><fb:share-button type=\"box_count\" href=\"https:\/\/www.blogdopilako.com.br\/wp\/2022\/06\/27\/corrida-com-historia-hecatombe-do-rosario-142-anos\/\"><\/fb:share-button><\/span><span class=\"mr_social_sharing\"><a rel=\"nofollow\" class=\"linksalpha_button linksalpha_link\" href=\"\/\/www.linksalpha.com\/social\/mobile\" data-url=\"https:\/\/www.blogdopilako.com.br\/wp\/2022\/06\/27\/corrida-com-historia-hecatombe-do-rosario-142-anos\/\" data-text=\"Corrida Com Hist\u00f3ria \u2013 Hecatombe do Ros\u00e1rio \u2013 142 anos.\" data-desc=\"Dentro do nosso Projeto \u201cCorrida Com Hist\u00f3ria\u201d que, entre outros objetivos, \u00a0\u00a0nos propomos a compartilhar informa\u00e7\u00f5es hist\u00f3ricas sobre o nosso torr\u00e3o, hoje, 27 de junho de 2022, alardeamos a passagem dos 142 anos do tr\u00e1gico acontecimento que ficou catalogado na hist\u00f3ria politica\" data-image=\"\" data-button=\"none\">\n\t\t\t\t\t<img src=\"\/\/www.linksalpha.com\/images\/social_share_button.png\" alt=\"Share\" class=\"linksalpha_image\" \/>\n\t\t\t\t\t<\/a><script type=\"text\/javascript\" src=\"\/\/www.linksalpha.com\/scripts\/loader_iconbox.js?v=2.4\"><\/script><\/span><\/div>","protected":false},"author":2,"featured_media":0,"comment_status":"open","ping_status":"open","sticky":false,"template":"","format":"standard","meta":[],"categories":[151],"tags":[],"_links":{"self":[{"href":"https:\/\/www.blogdopilako.com.br\/wp\/wp-json\/wp\/v2\/posts\/137333"}],"collection":[{"href":"https:\/\/www.blogdopilako.com.br\/wp\/wp-json\/wp\/v2\/posts"}],"about":[{"href":"https:\/\/www.blogdopilako.com.br\/wp\/wp-json\/wp\/v2\/types\/post"}],"author":[{"embeddable":true,"href":"https:\/\/www.blogdopilako.com.br\/wp\/wp-json\/wp\/v2\/users\/2"}],"replies":[{"embeddable":true,"href":"https:\/\/www.blogdopilako.com.br\/wp\/wp-json\/wp\/v2\/comments?post=137333"}],"version-history":[{"count":3,"href":"https:\/\/www.blogdopilako.com.br\/wp\/wp-json\/wp\/v2\/posts\/137333\/revisions"}],"predecessor-version":[{"id":137340,"href":"https:\/\/www.blogdopilako.com.br\/wp\/wp-json\/wp\/v2\/posts\/137333\/revisions\/137340"}],"wp:attachment":[{"href":"https:\/\/www.blogdopilako.com.br\/wp\/wp-json\/wp\/v2\/media?parent=137333"}],"wp:term":[{"taxonomy":"category","embeddable":true,"href":"https:\/\/www.blogdopilako.com.br\/wp\/wp-json\/wp\/v2\/categories?post=137333"},{"taxonomy":"post_tag","embeddable":true,"href":"https:\/\/www.blogdopilako.com.br\/wp\/wp-json\/wp\/v2\/tags?post=137333"}],"curies":[{"name":"wp","href":"https:\/\/api.w.org\/{rel}","templated":true}]}}