{"id":137195,"date":"2022-06-14T09:22:13","date_gmt":"2022-06-14T12:22:13","guid":{"rendered":"https:\/\/www.blogdopilako.com.br\/wp\/?p=137195"},"modified":"2022-06-14T09:22:13","modified_gmt":"2022-06-14T12:22:13","slug":"falecimento-de-professora-damariz-ha-um-ano-por-sosigenes-bittencourt","status":"publish","type":"post","link":"https:\/\/www.blogdopilako.com.br\/wp\/2022\/06\/14\/falecimento-de-professora-damariz-ha-um-ano-por-sosigenes-bittencourt\/","title":{"rendered":"FALECIMENTO DE PROFESSORA DAMARIZ (H\u00e1 um ano) &#8211; por Sos\u00edgenes Bittencourt"},"content":{"rendered":"\n\t\t\t\t<div class=\"mr_social_sharing_wrapper\">\n\t\t\t\t<!-- Social Sharing Toolkit v2.2 --><span class=\"mr_social_sharing_top\"><span style=\"display: inline-block; width: 55px; height: 62px; overflow: hidden;\"><div class=\"fb-like\" data-href=\"https:\/\/www.blogdopilako.com.br\/wp\/2022\/06\/14\/falecimento-de-professora-damariz-ha-um-ano-por-sosigenes-bittencourt\/\" data-send=\"false\" data-layout=\"box_count\" data-width=\"55\" data-show-faces=\"false\"><\/div><\/span><\/span><span class=\"mr_social_sharing_top\"><fb:share-button type=\"box_count\" href=\"https:\/\/www.blogdopilako.com.br\/wp\/2022\/06\/14\/falecimento-de-professora-damariz-ha-um-ano-por-sosigenes-bittencourt\/\"><\/fb:share-button><\/span><span class=\"mr_social_sharing\"><a rel=\"nofollow\" class=\"linksalpha_button linksalpha_link\" href=\"\/\/www.linksalpha.com\/social\/mobile\" data-url=\"https:\/\/www.blogdopilako.com.br\/wp\/2022\/06\/14\/falecimento-de-professora-damariz-ha-um-ano-por-sosigenes-bittencourt\/\" data-text=\"FALECIMENTO DE PROFESSORA DAMARIZ (H\u00e1 um ano) \u2013 por Sos\u00edgenes Bittencourt\" data-desc=\"Convivi com minha m\u00e3e durante 65 anos, sem jamais haver morado noutro lugar. Onde convivemos sempre foi o nosso lar. O seu falecimento n\u00e3o cabe numa cr\u00f4nica, n\u00e3o se resumiria num comp\u00eandio. Por isto, guardei uma ora\u00e7\u00e3o, a vida inteira, para espelhar o que sinto neste instante: Eu sei que a\" data-image=\"http:\/\/www.blogdopilako.com.br\/wp\/wp-content\/uploads\/2022\/06\/286654308_5122549761200773_1498913521600024547_n.jpg\" data-button=\"none\">\n\t\t\t\t\t<img src=\"\/\/www.linksalpha.com\/images\/social_share_button.png\" alt=\"Share\" class=\"linksalpha_image\" \/>\n\t\t\t\t\t<\/a><script type=\"text\/javascript\" src=\"\/\/www.linksalpha.com\/scripts\/loader_iconbox.js?v=2.4\"><\/script><\/span><\/div><div dir=\"auto\"><img loading=\"lazy\" class=\"aligncenter wp-image-137196 size-full\" src=\"http:\/\/www.blogdopilako.com.br\/wp\/wp-content\/uploads\/2022\/06\/286654308_5122549761200773_1498913521600024547_n.jpg\" alt=\"\" width=\"540\" height=\"710\" srcset=\"https:\/\/www.blogdopilako.com.br\/wp\/wp-content\/uploads\/2022\/06\/286654308_5122549761200773_1498913521600024547_n.jpg 540w, https:\/\/www.blogdopilako.com.br\/wp\/wp-content\/uploads\/2022\/06\/286654308_5122549761200773_1498913521600024547_n-228x300.jpg 228w\" sizes=\"(max-width: 540px) 100vw, 540px\" \/><\/div>\n<div dir=\"auto\" style=\"text-align: justify;\">Convivi com minha m\u00e3e durante 65 anos, sem jamais haver morado noutro lugar. Onde convivemos sempre foi o nosso lar. O seu falecimento n\u00e3o cabe numa cr\u00f4nica, n\u00e3o se resumiria num comp\u00eandio. Por isto, guardei uma ora\u00e7\u00e3o, a vida inteira, para espelhar o que sinto neste instante: Eu sei que a morte \u00e9 bem maior do que a vida, mas \u00e9 preciso entender que o amor \u00e9 bem maior do que a morte.<\/div>\n<div dir=\"auto\" style=\"text-align: justify;\">A vida \u00e9 feita de tempo e daquilo que fazemos com o tempo que temos. Ademais, morreremos. Contudo, uma vez vivos no mundo, n\u00e3o tem mais jeito, o jeito que tem \u00e9 viver.<\/div>\n<div dir=\"auto\"><\/div>\n<div dir=\"auto\" style=\"text-align: justify;\">Agora, minha m\u00e3e, amiga e mestra, Damariz Pereira Bittencourt, \u00e9s detentora de um segredo s\u00f3 a ti revelado. Um dia, fostes como n\u00f3s somos; um dia, seremos como tu \u00e9s. E segue-se um mist\u00e9rio profundo, nunca mais retornaremos a este mundo<\/div>\n<div dir=\"auto\" style=\"text-align: justify;\">At\u00e9 breve! Requiescat in pace!<\/div>\n<div dir=\"auto\" style=\"text-align: justify;\"><\/div>\n<div dir=\"auto\" style=\"text-align: justify;\"><strong>Sos\u00edgenes Bittencourt<\/strong><\/div>\n<div dir=\"auto\"><\/div>\n<div dir=\"auto\"><img loading=\"lazy\" class=\"aligncenter wp-image-137197 size-full\" src=\"http:\/\/www.blogdopilako.com.br\/wp\/wp-content\/uploads\/2022\/06\/Pix-arte-final-2-16-768x301-1.png\" alt=\"\" width=\"768\" height=\"301\" srcset=\"https:\/\/www.blogdopilako.com.br\/wp\/wp-content\/uploads\/2022\/06\/Pix-arte-final-2-16-768x301-1.png 768w, https:\/\/www.blogdopilako.com.br\/wp\/wp-content\/uploads\/2022\/06\/Pix-arte-final-2-16-768x301-1-300x118.png 300w, https:\/\/www.blogdopilako.com.br\/wp\/wp-content\/uploads\/2022\/06\/Pix-arte-final-2-16-768x301-1-500x196.png 500w\" sizes=\"(max-width: 768px) 100vw, 768px\" \/><\/div>\n\n\t\t\t\t<div class=\"mr_social_sharing_wrapper\">\n\t\t\t\t<!-- Social Sharing Toolkit v2.2 --><span class=\"mr_social_sharing_top\"><span style=\"display: inline-block; width: 55px; height: 62px; overflow: hidden;\"><div class=\"fb-like\" data-href=\"https:\/\/www.blogdopilako.com.br\/wp\/2022\/06\/14\/falecimento-de-professora-damariz-ha-um-ano-por-sosigenes-bittencourt\/\" data-send=\"false\" data-layout=\"box_count\" data-width=\"55\" data-show-faces=\"false\"><\/div><\/span><\/span><span class=\"mr_social_sharing_top\"><fb:share-button type=\"box_count\" href=\"https:\/\/www.blogdopilako.com.br\/wp\/2022\/06\/14\/falecimento-de-professora-damariz-ha-um-ano-por-sosigenes-bittencourt\/\"><\/fb:share-button><\/span><span class=\"mr_social_sharing\"><a rel=\"nofollow\" class=\"linksalpha_button linksalpha_link\" href=\"\/\/www.linksalpha.com\/social\/mobile\" data-url=\"https:\/\/www.blogdopilako.com.br\/wp\/2022\/06\/14\/falecimento-de-professora-damariz-ha-um-ano-por-sosigenes-bittencourt\/\" data-text=\"FALECIMENTO DE PROFESSORA DAMARIZ (H\u00e1 um ano) \u2013 por Sos\u00edgenes Bittencourt\" data-desc=\"Convivi com minha m\u00e3e durante 65 anos, sem jamais haver morado noutro lugar. Onde convivemos sempre foi o nosso lar. O seu falecimento n\u00e3o cabe numa cr\u00f4nica, n\u00e3o se resumiria num comp\u00eandio. Por isto, guardei uma ora\u00e7\u00e3o, a vida inteira, para espelhar o que sinto neste instante: Eu sei que a\" data-image=\"http:\/\/www.blogdopilako.com.br\/wp\/wp-content\/uploads\/2022\/06\/286654308_5122549761200773_1498913521600024547_n.jpg\" data-button=\"none\">\n\t\t\t\t\t<img src=\"\/\/www.linksalpha.com\/images\/social_share_button.png\" alt=\"Share\" class=\"linksalpha_image\" \/>\n\t\t\t\t\t<\/a><script type=\"text\/javascript\" src=\"\/\/www.linksalpha.com\/scripts\/loader_iconbox.js?v=2.4\"><\/script><\/span><\/div>","protected":false},"excerpt":{"rendered":"\n\t\t\t\t<div class=\"mr_social_sharing_wrapper\">\n\t\t\t\t<!-- Social Sharing Toolkit v2.2 --><span class=\"mr_social_sharing_top\"><span style=\"display: inline-block; width: 55px; height: 62px; overflow: hidden;\"><div class=\"fb-like\" data-href=\"https:\/\/www.blogdopilako.com.br\/wp\/2022\/06\/14\/falecimento-de-professora-damariz-ha-um-ano-por-sosigenes-bittencourt\/\" data-send=\"false\" data-layout=\"box_count\" data-width=\"55\" data-show-faces=\"false\"><\/div><\/span><\/span><span class=\"mr_social_sharing_top\"><fb:share-button type=\"box_count\" href=\"https:\/\/www.blogdopilako.com.br\/wp\/2022\/06\/14\/falecimento-de-professora-damariz-ha-um-ano-por-sosigenes-bittencourt\/\"><\/fb:share-button><\/span><span class=\"mr_social_sharing\"><a rel=\"nofollow\" class=\"linksalpha_button linksalpha_link\" href=\"\/\/www.linksalpha.com\/social\/mobile\" data-url=\"https:\/\/www.blogdopilako.com.br\/wp\/2022\/06\/14\/falecimento-de-professora-damariz-ha-um-ano-por-sosigenes-bittencourt\/\" data-text=\"FALECIMENTO DE PROFESSORA DAMARIZ (H\u00e1 um ano) \u2013 por Sos\u00edgenes Bittencourt\" data-desc=\"Convivi com minha m\u00e3e durante 65 anos, sem jamais haver morado noutro lugar. Onde convivemos sempre foi o nosso lar. O seu falecimento n\u00e3o cabe numa cr\u00f4nica, n\u00e3o se resumiria num comp\u00eandio. Por isto, guardei uma ora\u00e7\u00e3o, a vida inteira, para espelhar o que sinto neste instante: Eu sei que a\" data-image=\"\" data-button=\"none\">\n\t\t\t\t\t<img src=\"\/\/www.linksalpha.com\/images\/social_share_button.png\" alt=\"Share\" class=\"linksalpha_image\" \/>\n\t\t\t\t\t<\/a><script type=\"text\/javascript\" src=\"\/\/www.linksalpha.com\/scripts\/loader_iconbox.js?v=2.4\"><\/script><\/span><\/div><p>Convivi com minha m\u00e3e durante 65 anos, sem jamais haver morado noutro lugar. Onde convivemos sempre foi o nosso lar. O seu falecimento n\u00e3o cabe numa cr\u00f4nica, n\u00e3o se resumiria num comp\u00eandio. Por isto, guardei uma ora\u00e7\u00e3o, a vida inteira, &hellip; <a href=\"https:\/\/www.blogdopilako.com.br\/wp\/2022\/06\/14\/falecimento-de-professora-damariz-ha-um-ano-por-sosigenes-bittencourt\/\">Continue lendo <span class=\"meta-nav\">&rarr;<\/span><\/a><\/p>\n\n\t\t\t\t<div class=\"mr_social_sharing_wrapper\">\n\t\t\t\t<!-- Social Sharing Toolkit v2.2 --><span class=\"mr_social_sharing_top\"><span style=\"display: inline-block; width: 55px; height: 62px; overflow: hidden;\"><div class=\"fb-like\" data-href=\"https:\/\/www.blogdopilako.com.br\/wp\/2022\/06\/14\/falecimento-de-professora-damariz-ha-um-ano-por-sosigenes-bittencourt\/\" data-send=\"false\" data-layout=\"box_count\" data-width=\"55\" data-show-faces=\"false\"><\/div><\/span><\/span><span class=\"mr_social_sharing_top\"><fb:share-button type=\"box_count\" href=\"https:\/\/www.blogdopilako.com.br\/wp\/2022\/06\/14\/falecimento-de-professora-damariz-ha-um-ano-por-sosigenes-bittencourt\/\"><\/fb:share-button><\/span><span class=\"mr_social_sharing\"><a rel=\"nofollow\" class=\"linksalpha_button linksalpha_link\" href=\"\/\/www.linksalpha.com\/social\/mobile\" data-url=\"https:\/\/www.blogdopilako.com.br\/wp\/2022\/06\/14\/falecimento-de-professora-damariz-ha-um-ano-por-sosigenes-bittencourt\/\" data-text=\"FALECIMENTO DE PROFESSORA DAMARIZ (H\u00e1 um ano) \u2013 por Sos\u00edgenes Bittencourt\" data-desc=\"Convivi com minha m\u00e3e durante 65 anos, sem jamais haver morado noutro lugar. Onde convivemos sempre foi o nosso lar. O seu falecimento n\u00e3o cabe numa cr\u00f4nica, n\u00e3o se resumiria num comp\u00eandio. Por isto, guardei uma ora\u00e7\u00e3o, a vida inteira, para espelhar o que sinto neste instante: Eu sei que a\" data-image=\"\" data-button=\"none\">\n\t\t\t\t\t<img src=\"\/\/www.linksalpha.com\/images\/social_share_button.png\" alt=\"Share\" class=\"linksalpha_image\" \/>\n\t\t\t\t\t<\/a><script type=\"text\/javascript\" src=\"\/\/www.linksalpha.com\/scripts\/loader_iconbox.js?v=2.4\"><\/script><\/span><\/div>","protected":false},"author":2,"featured_media":0,"comment_status":"open","ping_status":"open","sticky":false,"template":"","format":"standard","meta":[],"categories":[20],"tags":[],"_links":{"self":[{"href":"https:\/\/www.blogdopilako.com.br\/wp\/wp-json\/wp\/v2\/posts\/137195"}],"collection":[{"href":"https:\/\/www.blogdopilako.com.br\/wp\/wp-json\/wp\/v2\/posts"}],"about":[{"href":"https:\/\/www.blogdopilako.com.br\/wp\/wp-json\/wp\/v2\/types\/post"}],"author":[{"embeddable":true,"href":"https:\/\/www.blogdopilako.com.br\/wp\/wp-json\/wp\/v2\/users\/2"}],"replies":[{"embeddable":true,"href":"https:\/\/www.blogdopilako.com.br\/wp\/wp-json\/wp\/v2\/comments?post=137195"}],"version-history":[{"count":1,"href":"https:\/\/www.blogdopilako.com.br\/wp\/wp-json\/wp\/v2\/posts\/137195\/revisions"}],"predecessor-version":[{"id":137198,"href":"https:\/\/www.blogdopilako.com.br\/wp\/wp-json\/wp\/v2\/posts\/137195\/revisions\/137198"}],"wp:attachment":[{"href":"https:\/\/www.blogdopilako.com.br\/wp\/wp-json\/wp\/v2\/media?parent=137195"}],"wp:term":[{"taxonomy":"category","embeddable":true,"href":"https:\/\/www.blogdopilako.com.br\/wp\/wp-json\/wp\/v2\/categories?post=137195"},{"taxonomy":"post_tag","embeddable":true,"href":"https:\/\/www.blogdopilako.com.br\/wp\/wp-json\/wp\/v2\/tags?post=137195"}],"curies":[{"name":"wp","href":"https:\/\/api.w.org\/{rel}","templated":true}]}}