{"id":136891,"date":"2022-05-18T09:00:22","date_gmt":"2022-05-18T12:00:22","guid":{"rendered":"http:\/\/www.blogdopilako.com.br\/wp\/?p=136891"},"modified":"2022-05-27T09:43:00","modified_gmt":"2022-05-27T12:43:00","slug":"momento-instituto-historico-familia-azoubel","status":"publish","type":"post","link":"https:\/\/www.blogdopilako.com.br\/wp\/2022\/05\/18\/momento-instituto-historico-familia-azoubel\/","title":{"rendered":"Momento Instituto Hist\u00f3rico: Fam\u00edlia Azoubel"},"content":{"rendered":"\n\t\t\t\t<div class=\"mr_social_sharing_wrapper\">\n\t\t\t\t<!-- Social Sharing Toolkit v2.2 --><span class=\"mr_social_sharing_top\"><span style=\"display: inline-block; width: 55px; height: 62px; overflow: hidden;\"><div class=\"fb-like\" data-href=\"https:\/\/www.blogdopilako.com.br\/wp\/2022\/05\/18\/momento-instituto-historico-familia-azoubel\/\" data-send=\"false\" data-layout=\"box_count\" data-width=\"55\" data-show-faces=\"false\"><\/div><\/span><\/span><span class=\"mr_social_sharing_top\"><fb:share-button type=\"box_count\" href=\"https:\/\/www.blogdopilako.com.br\/wp\/2022\/05\/18\/momento-instituto-historico-familia-azoubel\/\"><\/fb:share-button><\/span><span class=\"mr_social_sharing\"><a rel=\"nofollow\" class=\"linksalpha_button linksalpha_link\" href=\"\/\/www.linksalpha.com\/social\/mobile\" data-url=\"https:\/\/www.blogdopilako.com.br\/wp\/2022\/05\/18\/momento-instituto-historico-familia-azoubel\/\" data-text=\"Momento Instituto Hist\u00f3rico: Fam\u00edlia Azoubel\" data-desc=\"https:\/\/youtu.be\/0lsQROHC_WQ Beto Azoubel voltou ao IHGVSA representando sua fami\u0301lia para receber a homenagem po\u0301stuma de seu bisavo\u0302 David Azoubel, que muito contribuiu para a construc\u0327a\u0303o da histo\u0301ria vitoriense. Beto conta neste vi\u0301deo o qua\u0303o surpreso e regozijado ficou ao encontrar, em\" data-image=\"http:\/\/www.blogdopilako.com.br\/wp\/wp-content\/uploads\/2022\/05\/Pix-arte-final-2-34-1024x401.png\" data-button=\"none\">\n\t\t\t\t\t<img src=\"\/\/www.linksalpha.com\/images\/social_share_button.png\" alt=\"Share\" class=\"linksalpha_image\" \/>\n\t\t\t\t\t<\/a><script type=\"text\/javascript\" src=\"\/\/www.linksalpha.com\/scripts\/loader_iconbox.js?v=2.4\"><\/script><\/span><\/div><p><iframe loading=\"lazy\" title=\"Blog do Pilako: INSTITUTO HIST\u00d3RICO E GEOGR\u00c1FICO DA VIT\u00d3RIA - FAM\u00cdLIA AZOUBEL - MAIO\/2022\" width=\"584\" height=\"329\" src=\"https:\/\/www.youtube.com\/embed\/0lsQROHC_WQ?feature=oembed\" frameborder=\"0\" allow=\"accelerometer; autoplay; clipboard-write; encrypted-media; gyroscope; picture-in-picture\" allowfullscreen><\/iframe><\/p>\n<p style=\"text-align: justify;\">Beto Azoubel voltou ao IHGVSA representando sua fami\u0301lia para receber a homenagem po\u0301stuma de seu bisavo\u0302 David Azoubel, que muito contribuiu para a construc\u0327a\u0303o da histo\u0301ria vitoriense. Beto conta neste vi\u0301deo o qua\u0303o surpreso e regozijado ficou ao encontrar, em uma visita ao Instituto pelo Ministe\u0301rio da Cultura, pec\u0327as produzidas pela antiga fa\u0301brica da fami\u0301lia Azoubel. Venha nos visitar e descubra mais sobre suas rai\u0301zes e quem sabe voce\u0302 tambe\u0301m na\u0303o tenha a feliz surpresa em descobrir pec\u0327as pertencentes a sua fami\u0301lia e que hoje faz parte do acervo histo\u0301rico deste, que e\u0301 um dos mais antigos Institutos de Pernambuco.<\/p>\n<p><strong>Instituto Hist\u00f3rico \u2013 assessoria.\u00a0<\/strong><\/p>\n<p><img loading=\"lazy\" class=\"aligncenter wp-image-136892 size-large\" src=\"http:\/\/www.blogdopilako.com.br\/wp\/wp-content\/uploads\/2022\/05\/Pix-arte-final-2-34-1024x401.png\" alt=\"\" width=\"584\" height=\"229\" srcset=\"https:\/\/www.blogdopilako.com.br\/wp\/wp-content\/uploads\/2022\/05\/Pix-arte-final-2-34-1024x401.png 1024w, https:\/\/www.blogdopilako.com.br\/wp\/wp-content\/uploads\/2022\/05\/Pix-arte-final-2-34-300x117.png 300w, https:\/\/www.blogdopilako.com.br\/wp\/wp-content\/uploads\/2022\/05\/Pix-arte-final-2-34-768x301.png 768w, https:\/\/www.blogdopilako.com.br\/wp\/wp-content\/uploads\/2022\/05\/Pix-arte-final-2-34-1536x601.png 1536w, https:\/\/www.blogdopilako.com.br\/wp\/wp-content\/uploads\/2022\/05\/Pix-arte-final-2-34-2048x802.png 2048w, https:\/\/www.blogdopilako.com.br\/wp\/wp-content\/uploads\/2022\/05\/Pix-arte-final-2-34-500x196.png 500w\" sizes=\"(max-width: 584px) 100vw, 584px\" \/><\/p>\n\n\t\t\t\t<div class=\"mr_social_sharing_wrapper\">\n\t\t\t\t<!-- Social Sharing Toolkit v2.2 --><span class=\"mr_social_sharing_top\"><span style=\"display: inline-block; width: 55px; height: 62px; overflow: hidden;\"><div class=\"fb-like\" data-href=\"https:\/\/www.blogdopilako.com.br\/wp\/2022\/05\/18\/momento-instituto-historico-familia-azoubel\/\" data-send=\"false\" data-layout=\"box_count\" data-width=\"55\" data-show-faces=\"false\"><\/div><\/span><\/span><span class=\"mr_social_sharing_top\"><fb:share-button type=\"box_count\" href=\"https:\/\/www.blogdopilako.com.br\/wp\/2022\/05\/18\/momento-instituto-historico-familia-azoubel\/\"><\/fb:share-button><\/span><span class=\"mr_social_sharing\"><a rel=\"nofollow\" class=\"linksalpha_button linksalpha_link\" href=\"\/\/www.linksalpha.com\/social\/mobile\" data-url=\"https:\/\/www.blogdopilako.com.br\/wp\/2022\/05\/18\/momento-instituto-historico-familia-azoubel\/\" data-text=\"Momento Instituto Hist\u00f3rico: Fam\u00edlia Azoubel\" data-desc=\"https:\/\/youtu.be\/0lsQROHC_WQ Beto Azoubel voltou ao IHGVSA representando sua fami\u0301lia para receber a homenagem po\u0301stuma de seu bisavo\u0302 David Azoubel, que muito contribuiu para a construc\u0327a\u0303o da histo\u0301ria vitoriense. Beto conta neste vi\u0301deo o qua\u0303o surpreso e regozijado ficou ao encontrar, em\" data-image=\"http:\/\/www.blogdopilako.com.br\/wp\/wp-content\/uploads\/2022\/05\/Pix-arte-final-2-34-1024x401.png\" data-button=\"none\">\n\t\t\t\t\t<img src=\"\/\/www.linksalpha.com\/images\/social_share_button.png\" alt=\"Share\" class=\"linksalpha_image\" \/>\n\t\t\t\t\t<\/a><script type=\"text\/javascript\" src=\"\/\/www.linksalpha.com\/scripts\/loader_iconbox.js?v=2.4\"><\/script><\/span><\/div>","protected":false},"excerpt":{"rendered":"\n\t\t\t\t<div class=\"mr_social_sharing_wrapper\">\n\t\t\t\t<!-- Social Sharing Toolkit v2.2 --><span class=\"mr_social_sharing_top\"><span style=\"display: inline-block; width: 55px; height: 62px; overflow: hidden;\"><div class=\"fb-like\" data-href=\"https:\/\/www.blogdopilako.com.br\/wp\/2022\/05\/18\/momento-instituto-historico-familia-azoubel\/\" data-send=\"false\" data-layout=\"box_count\" data-width=\"55\" data-show-faces=\"false\"><\/div><\/span><\/span><span class=\"mr_social_sharing_top\"><fb:share-button type=\"box_count\" href=\"https:\/\/www.blogdopilako.com.br\/wp\/2022\/05\/18\/momento-instituto-historico-familia-azoubel\/\"><\/fb:share-button><\/span><span class=\"mr_social_sharing\"><a rel=\"nofollow\" class=\"linksalpha_button linksalpha_link\" href=\"\/\/www.linksalpha.com\/social\/mobile\" data-url=\"https:\/\/www.blogdopilako.com.br\/wp\/2022\/05\/18\/momento-instituto-historico-familia-azoubel\/\" data-text=\"Momento Instituto Hist\u00f3rico: Fam\u00edlia Azoubel\" data-desc=\"https:\/\/youtu.be\/0lsQROHC_WQ Beto Azoubel voltou ao IHGVSA representando sua fami\u0301lia para receber a homenagem po\u0301stuma de seu bisavo\u0302 David Azoubel, que muito contribuiu para a construc\u0327a\u0303o da histo\u0301ria vitoriense. Beto conta neste vi\u0301deo o qua\u0303o surpreso e regozijado ficou ao encontrar, em\" data-image=\"\" data-button=\"none\">\n\t\t\t\t\t<img src=\"\/\/www.linksalpha.com\/images\/social_share_button.png\" alt=\"Share\" class=\"linksalpha_image\" \/>\n\t\t\t\t\t<\/a><script type=\"text\/javascript\" src=\"\/\/www.linksalpha.com\/scripts\/loader_iconbox.js?v=2.4\"><\/script><\/span><\/div><p>Beto Azoubel voltou ao IHGVSA representando sua fami\u0301lia para receber a homenagem po\u0301stuma de seu bisavo\u0302 David Azoubel, que muito contribuiu para a construc\u0327a\u0303o da histo\u0301ria vitoriense. Beto conta neste vi\u0301deo o qua\u0303o surpreso e regozijado ficou ao encontrar, em &hellip; <a href=\"https:\/\/www.blogdopilako.com.br\/wp\/2022\/05\/18\/momento-instituto-historico-familia-azoubel\/\">Continue lendo <span class=\"meta-nav\">&rarr;<\/span><\/a><\/p>\n\n\t\t\t\t<div class=\"mr_social_sharing_wrapper\">\n\t\t\t\t<!-- Social Sharing Toolkit v2.2 --><span class=\"mr_social_sharing_top\"><span style=\"display: inline-block; width: 55px; height: 62px; overflow: hidden;\"><div class=\"fb-like\" data-href=\"https:\/\/www.blogdopilako.com.br\/wp\/2022\/05\/18\/momento-instituto-historico-familia-azoubel\/\" data-send=\"false\" data-layout=\"box_count\" data-width=\"55\" data-show-faces=\"false\"><\/div><\/span><\/span><span class=\"mr_social_sharing_top\"><fb:share-button type=\"box_count\" href=\"https:\/\/www.blogdopilako.com.br\/wp\/2022\/05\/18\/momento-instituto-historico-familia-azoubel\/\"><\/fb:share-button><\/span><span class=\"mr_social_sharing\"><a rel=\"nofollow\" class=\"linksalpha_button linksalpha_link\" href=\"\/\/www.linksalpha.com\/social\/mobile\" data-url=\"https:\/\/www.blogdopilako.com.br\/wp\/2022\/05\/18\/momento-instituto-historico-familia-azoubel\/\" data-text=\"Momento Instituto Hist\u00f3rico: Fam\u00edlia Azoubel\" data-desc=\"https:\/\/youtu.be\/0lsQROHC_WQ Beto Azoubel voltou ao IHGVSA representando sua fami\u0301lia para receber a homenagem po\u0301stuma de seu bisavo\u0302 David Azoubel, que muito contribuiu para a construc\u0327a\u0303o da histo\u0301ria vitoriense. Beto conta neste vi\u0301deo o qua\u0303o surpreso e regozijado ficou ao encontrar, em\" data-image=\"\" data-button=\"none\">\n\t\t\t\t\t<img src=\"\/\/www.linksalpha.com\/images\/social_share_button.png\" alt=\"Share\" class=\"linksalpha_image\" \/>\n\t\t\t\t\t<\/a><script type=\"text\/javascript\" src=\"\/\/www.linksalpha.com\/scripts\/loader_iconbox.js?v=2.4\"><\/script><\/span><\/div>","protected":false},"author":2,"featured_media":0,"comment_status":"open","ping_status":"open","sticky":false,"template":"","format":"standard","meta":[],"categories":[21],"tags":[],"_links":{"self":[{"href":"https:\/\/www.blogdopilako.com.br\/wp\/wp-json\/wp\/v2\/posts\/136891"}],"collection":[{"href":"https:\/\/www.blogdopilako.com.br\/wp\/wp-json\/wp\/v2\/posts"}],"about":[{"href":"https:\/\/www.blogdopilako.com.br\/wp\/wp-json\/wp\/v2\/types\/post"}],"author":[{"embeddable":true,"href":"https:\/\/www.blogdopilako.com.br\/wp\/wp-json\/wp\/v2\/users\/2"}],"replies":[{"embeddable":true,"href":"https:\/\/www.blogdopilako.com.br\/wp\/wp-json\/wp\/v2\/comments?post=136891"}],"version-history":[{"count":2,"href":"https:\/\/www.blogdopilako.com.br\/wp\/wp-json\/wp\/v2\/posts\/136891\/revisions"}],"predecessor-version":[{"id":137011,"href":"https:\/\/www.blogdopilako.com.br\/wp\/wp-json\/wp\/v2\/posts\/136891\/revisions\/137011"}],"wp:attachment":[{"href":"https:\/\/www.blogdopilako.com.br\/wp\/wp-json\/wp\/v2\/media?parent=136891"}],"wp:term":[{"taxonomy":"category","embeddable":true,"href":"https:\/\/www.blogdopilako.com.br\/wp\/wp-json\/wp\/v2\/categories?post=136891"},{"taxonomy":"post_tag","embeddable":true,"href":"https:\/\/www.blogdopilako.com.br\/wp\/wp-json\/wp\/v2\/tags?post=136891"}],"curies":[{"name":"wp","href":"https:\/\/api.w.org\/{rel}","templated":true}]}}