{"id":136846,"date":"2022-05-13T10:15:29","date_gmt":"2022-05-13T13:15:29","guid":{"rendered":"http:\/\/www.blogdopilako.com.br\/wp\/?p=136846"},"modified":"2022-05-13T10:15:29","modified_gmt":"2022-05-13T13:15:29","slug":"musee-de-lhomme-de-paris-por-marcus-prado","status":"publish","type":"post","link":"https:\/\/www.blogdopilako.com.br\/wp\/2022\/05\/13\/musee-de-lhomme-de-paris-por-marcus-prado\/","title":{"rendered":"Mus\u00e9e de l\u2019Homme, de Paris &#8211; por Marcus Prado."},"content":{"rendered":"\n\t\t\t\t<div class=\"mr_social_sharing_wrapper\">\n\t\t\t\t<!-- Social Sharing Toolkit v2.2 --><span class=\"mr_social_sharing_top\"><span style=\"display: inline-block; width: 55px; height: 62px; overflow: hidden;\"><div class=\"fb-like\" data-href=\"https:\/\/www.blogdopilako.com.br\/wp\/2022\/05\/13\/musee-de-lhomme-de-paris-por-marcus-prado\/\" data-send=\"false\" data-layout=\"box_count\" data-width=\"55\" data-show-faces=\"false\"><\/div><\/span><\/span><span class=\"mr_social_sharing_top\"><fb:share-button type=\"box_count\" href=\"https:\/\/www.blogdopilako.com.br\/wp\/2022\/05\/13\/musee-de-lhomme-de-paris-por-marcus-prado\/\"><\/fb:share-button><\/span><span class=\"mr_social_sharing\"><a rel=\"nofollow\" class=\"linksalpha_button linksalpha_link\" href=\"\/\/www.linksalpha.com\/social\/mobile\" data-url=\"https:\/\/www.blogdopilako.com.br\/wp\/2022\/05\/13\/musee-de-lhomme-de-paris-por-marcus-prado\/\" data-text=\"Mus\u00e9e de l\u2019Homme, de Paris \u2013 por Marcus Prado.\" data-desc=\"Mus\u00e9e de l\u2019Homme, de Paris, dele me tornei visitante atento aos detalhes, o dia inteiro, mais de uma vez. O museu franc\u00eas, criado pelo paleont\u00f3logo, etn\u00f3logo e soci\u00f3logo Paul Rivet, de quem Gilberto Freyre era amigo e colaborador. O museu inspirador do Museu do Homem do Nordeste\/Fundaj e\" data-image=\"http:\/\/www.blogdopilako.com.br\/wp\/wp-content\/uploads\/2022\/05\/99ac1d83-a33a-4901-ae37-641cf8f997dc.jpg\" data-button=\"none\">\n\t\t\t\t\t<img src=\"\/\/www.linksalpha.com\/images\/social_share_button.png\" alt=\"Share\" class=\"linksalpha_image\" \/>\n\t\t\t\t\t<\/a><script type=\"text\/javascript\" src=\"\/\/www.linksalpha.com\/scripts\/loader_iconbox.js?v=2.4\"><\/script><\/span><\/div><p><img loading=\"lazy\" class=\"aligncenter wp-image-136847 size-full\" src=\"http:\/\/www.blogdopilako.com.br\/wp\/wp-content\/uploads\/2022\/05\/99ac1d83-a33a-4901-ae37-641cf8f997dc.jpg\" alt=\"\" width=\"1280\" height=\"609\" srcset=\"https:\/\/www.blogdopilako.com.br\/wp\/wp-content\/uploads\/2022\/05\/99ac1d83-a33a-4901-ae37-641cf8f997dc.jpg 1280w, https:\/\/www.blogdopilako.com.br\/wp\/wp-content\/uploads\/2022\/05\/99ac1d83-a33a-4901-ae37-641cf8f997dc-300x143.jpg 300w, https:\/\/www.blogdopilako.com.br\/wp\/wp-content\/uploads\/2022\/05\/99ac1d83-a33a-4901-ae37-641cf8f997dc-1024x487.jpg 1024w, https:\/\/www.blogdopilako.com.br\/wp\/wp-content\/uploads\/2022\/05\/99ac1d83-a33a-4901-ae37-641cf8f997dc-768x365.jpg 768w, https:\/\/www.blogdopilako.com.br\/wp\/wp-content\/uploads\/2022\/05\/99ac1d83-a33a-4901-ae37-641cf8f997dc-500x238.jpg 500w\" sizes=\"(max-width: 1280px) 100vw, 1280px\" \/><\/p>\n<p>Mus\u00e9e de l\u2019Homme, de Paris, dele me tornei visitante atento aos detalhes, o dia inteiro, mais de uma vez. O museu franc\u00eas, criado pelo paleont\u00f3logo, etn\u00f3logo e soci\u00f3logo Paul Rivet, de quem Gilberto Freyre era amigo e colaborador. O museu inspirador do Museu do Homem do Nordeste\/Fundaj e anos depois, do Museu de Antropologia de Vit\u00f3ria.<\/p>\n<p><strong>Marcus Prado &#8211; jornalista.\u00a0<\/strong><\/p>\n<p><img loading=\"lazy\" class=\"aligncenter wp-image-136848 size-large\" src=\"http:\/\/www.blogdopilako.com.br\/wp\/wp-content\/uploads\/2022\/05\/Pix-arte-final-2-26-1024x401.png\" alt=\"\" width=\"584\" height=\"229\" srcset=\"https:\/\/www.blogdopilako.com.br\/wp\/wp-content\/uploads\/2022\/05\/Pix-arte-final-2-26-1024x401.png 1024w, https:\/\/www.blogdopilako.com.br\/wp\/wp-content\/uploads\/2022\/05\/Pix-arte-final-2-26-300x117.png 300w, https:\/\/www.blogdopilako.com.br\/wp\/wp-content\/uploads\/2022\/05\/Pix-arte-final-2-26-768x301.png 768w, https:\/\/www.blogdopilako.com.br\/wp\/wp-content\/uploads\/2022\/05\/Pix-arte-final-2-26-1536x601.png 1536w, https:\/\/www.blogdopilako.com.br\/wp\/wp-content\/uploads\/2022\/05\/Pix-arte-final-2-26-2048x802.png 2048w, https:\/\/www.blogdopilako.com.br\/wp\/wp-content\/uploads\/2022\/05\/Pix-arte-final-2-26-500x196.png 500w\" sizes=\"(max-width: 584px) 100vw, 584px\" \/><\/p>\n\n\t\t\t\t<div class=\"mr_social_sharing_wrapper\">\n\t\t\t\t<!-- Social Sharing Toolkit v2.2 --><span class=\"mr_social_sharing_top\"><span style=\"display: inline-block; width: 55px; height: 62px; overflow: hidden;\"><div class=\"fb-like\" data-href=\"https:\/\/www.blogdopilako.com.br\/wp\/2022\/05\/13\/musee-de-lhomme-de-paris-por-marcus-prado\/\" data-send=\"false\" data-layout=\"box_count\" data-width=\"55\" data-show-faces=\"false\"><\/div><\/span><\/span><span class=\"mr_social_sharing_top\"><fb:share-button type=\"box_count\" href=\"https:\/\/www.blogdopilako.com.br\/wp\/2022\/05\/13\/musee-de-lhomme-de-paris-por-marcus-prado\/\"><\/fb:share-button><\/span><span class=\"mr_social_sharing\"><a rel=\"nofollow\" class=\"linksalpha_button linksalpha_link\" href=\"\/\/www.linksalpha.com\/social\/mobile\" data-url=\"https:\/\/www.blogdopilako.com.br\/wp\/2022\/05\/13\/musee-de-lhomme-de-paris-por-marcus-prado\/\" data-text=\"Mus\u00e9e de l\u2019Homme, de Paris \u2013 por Marcus Prado.\" data-desc=\"Mus\u00e9e de l\u2019Homme, de Paris, dele me tornei visitante atento aos detalhes, o dia inteiro, mais de uma vez. O museu franc\u00eas, criado pelo paleont\u00f3logo, etn\u00f3logo e soci\u00f3logo Paul Rivet, de quem Gilberto Freyre era amigo e colaborador. O museu inspirador do Museu do Homem do Nordeste\/Fundaj e\" data-image=\"http:\/\/www.blogdopilako.com.br\/wp\/wp-content\/uploads\/2022\/05\/99ac1d83-a33a-4901-ae37-641cf8f997dc.jpg\" data-button=\"none\">\n\t\t\t\t\t<img src=\"\/\/www.linksalpha.com\/images\/social_share_button.png\" alt=\"Share\" class=\"linksalpha_image\" \/>\n\t\t\t\t\t<\/a><script type=\"text\/javascript\" src=\"\/\/www.linksalpha.com\/scripts\/loader_iconbox.js?v=2.4\"><\/script><\/span><\/div>","protected":false},"excerpt":{"rendered":"\n\t\t\t\t<div class=\"mr_social_sharing_wrapper\">\n\t\t\t\t<!-- Social Sharing Toolkit v2.2 --><span class=\"mr_social_sharing_top\"><span style=\"display: inline-block; width: 55px; height: 62px; overflow: hidden;\"><div class=\"fb-like\" data-href=\"https:\/\/www.blogdopilako.com.br\/wp\/2022\/05\/13\/musee-de-lhomme-de-paris-por-marcus-prado\/\" data-send=\"false\" data-layout=\"box_count\" data-width=\"55\" data-show-faces=\"false\"><\/div><\/span><\/span><span class=\"mr_social_sharing_top\"><fb:share-button type=\"box_count\" href=\"https:\/\/www.blogdopilako.com.br\/wp\/2022\/05\/13\/musee-de-lhomme-de-paris-por-marcus-prado\/\"><\/fb:share-button><\/span><span class=\"mr_social_sharing\"><a rel=\"nofollow\" class=\"linksalpha_button linksalpha_link\" href=\"\/\/www.linksalpha.com\/social\/mobile\" data-url=\"https:\/\/www.blogdopilako.com.br\/wp\/2022\/05\/13\/musee-de-lhomme-de-paris-por-marcus-prado\/\" data-text=\"Mus\u00e9e de l\u2019Homme, de Paris \u2013 por Marcus Prado.\" data-desc=\"Mus\u00e9e de l\u2019Homme, de Paris, dele me tornei visitante atento aos detalhes, o dia inteiro, mais de uma vez. O museu franc\u00eas, criado pelo paleont\u00f3logo, etn\u00f3logo e soci\u00f3logo Paul Rivet, de quem Gilberto Freyre era amigo e colaborador. O museu inspirador do Museu do Homem do Nordeste\/Fundaj e\" data-image=\"\" data-button=\"none\">\n\t\t\t\t\t<img src=\"\/\/www.linksalpha.com\/images\/social_share_button.png\" alt=\"Share\" class=\"linksalpha_image\" \/>\n\t\t\t\t\t<\/a><script type=\"text\/javascript\" src=\"\/\/www.linksalpha.com\/scripts\/loader_iconbox.js?v=2.4\"><\/script><\/span><\/div><p>Mus\u00e9e de l\u2019Homme, de Paris, dele me tornei visitante atento aos detalhes, o dia inteiro, mais de uma vez. O museu franc\u00eas, criado pelo paleont\u00f3logo, etn\u00f3logo e soci\u00f3logo Paul Rivet, de quem Gilberto Freyre era amigo e colaborador. O museu &hellip; <a href=\"https:\/\/www.blogdopilako.com.br\/wp\/2022\/05\/13\/musee-de-lhomme-de-paris-por-marcus-prado\/\">Continue lendo <span class=\"meta-nav\">&rarr;<\/span><\/a><\/p>\n\n\t\t\t\t<div class=\"mr_social_sharing_wrapper\">\n\t\t\t\t<!-- Social Sharing Toolkit v2.2 --><span class=\"mr_social_sharing_top\"><span style=\"display: inline-block; width: 55px; height: 62px; overflow: hidden;\"><div class=\"fb-like\" data-href=\"https:\/\/www.blogdopilako.com.br\/wp\/2022\/05\/13\/musee-de-lhomme-de-paris-por-marcus-prado\/\" data-send=\"false\" data-layout=\"box_count\" data-width=\"55\" data-show-faces=\"false\"><\/div><\/span><\/span><span class=\"mr_social_sharing_top\"><fb:share-button type=\"box_count\" href=\"https:\/\/www.blogdopilako.com.br\/wp\/2022\/05\/13\/musee-de-lhomme-de-paris-por-marcus-prado\/\"><\/fb:share-button><\/span><span class=\"mr_social_sharing\"><a rel=\"nofollow\" class=\"linksalpha_button linksalpha_link\" href=\"\/\/www.linksalpha.com\/social\/mobile\" data-url=\"https:\/\/www.blogdopilako.com.br\/wp\/2022\/05\/13\/musee-de-lhomme-de-paris-por-marcus-prado\/\" data-text=\"Mus\u00e9e de l\u2019Homme, de Paris \u2013 por Marcus Prado.\" data-desc=\"Mus\u00e9e de l\u2019Homme, de Paris, dele me tornei visitante atento aos detalhes, o dia inteiro, mais de uma vez. O museu franc\u00eas, criado pelo paleont\u00f3logo, etn\u00f3logo e soci\u00f3logo Paul Rivet, de quem Gilberto Freyre era amigo e colaborador. O museu inspirador do Museu do Homem do Nordeste\/Fundaj e\" data-image=\"\" data-button=\"none\">\n\t\t\t\t\t<img src=\"\/\/www.linksalpha.com\/images\/social_share_button.png\" alt=\"Share\" class=\"linksalpha_image\" \/>\n\t\t\t\t\t<\/a><script type=\"text\/javascript\" src=\"\/\/www.linksalpha.com\/scripts\/loader_iconbox.js?v=2.4\"><\/script><\/span><\/div>","protected":false},"author":2,"featured_media":0,"comment_status":"open","ping_status":"open","sticky":false,"template":"","format":"standard","meta":[],"categories":[21],"tags":[],"_links":{"self":[{"href":"https:\/\/www.blogdopilako.com.br\/wp\/wp-json\/wp\/v2\/posts\/136846"}],"collection":[{"href":"https:\/\/www.blogdopilako.com.br\/wp\/wp-json\/wp\/v2\/posts"}],"about":[{"href":"https:\/\/www.blogdopilako.com.br\/wp\/wp-json\/wp\/v2\/types\/post"}],"author":[{"embeddable":true,"href":"https:\/\/www.blogdopilako.com.br\/wp\/wp-json\/wp\/v2\/users\/2"}],"replies":[{"embeddable":true,"href":"https:\/\/www.blogdopilako.com.br\/wp\/wp-json\/wp\/v2\/comments?post=136846"}],"version-history":[{"count":1,"href":"https:\/\/www.blogdopilako.com.br\/wp\/wp-json\/wp\/v2\/posts\/136846\/revisions"}],"predecessor-version":[{"id":136849,"href":"https:\/\/www.blogdopilako.com.br\/wp\/wp-json\/wp\/v2\/posts\/136846\/revisions\/136849"}],"wp:attachment":[{"href":"https:\/\/www.blogdopilako.com.br\/wp\/wp-json\/wp\/v2\/media?parent=136846"}],"wp:term":[{"taxonomy":"category","embeddable":true,"href":"https:\/\/www.blogdopilako.com.br\/wp\/wp-json\/wp\/v2\/categories?post=136846"},{"taxonomy":"post_tag","embeddable":true,"href":"https:\/\/www.blogdopilako.com.br\/wp\/wp-json\/wp\/v2\/tags?post=136846"}],"curies":[{"name":"wp","href":"https:\/\/api.w.org\/{rel}","templated":true}]}}