{"id":135817,"date":"2022-02-01T10:18:57","date_gmt":"2022-02-01T13:18:57","guid":{"rendered":"http:\/\/www.blogdopilako.com.br\/wp\/?p=135817"},"modified":"2022-02-01T10:18:57","modified_gmt":"2022-02-01T13:18:57","slug":"luiz-carlos-as-lagrimas-vem-aos-olhos","status":"publish","type":"post","link":"https:\/\/www.blogdopilako.com.br\/wp\/2022\/02\/01\/luiz-carlos-as-lagrimas-vem-aos-olhos\/","title":{"rendered":"Luiz Carlos: &#8220;as l\u00e1grimas v\u00eam aos olhos&#8221;&#8230;."},"content":{"rendered":"\n\t\t\t\t<div class=\"mr_social_sharing_wrapper\">\n\t\t\t\t<!-- Social Sharing Toolkit v2.2 --><span class=\"mr_social_sharing_top\"><span style=\"display: inline-block; width: 55px; height: 62px; overflow: hidden;\"><div class=\"fb-like\" data-href=\"https:\/\/www.blogdopilako.com.br\/wp\/2022\/02\/01\/luiz-carlos-as-lagrimas-vem-aos-olhos\/\" data-send=\"false\" data-layout=\"box_count\" data-width=\"55\" data-show-faces=\"false\"><\/div><\/span><\/span><span class=\"mr_social_sharing_top\"><fb:share-button type=\"box_count\" href=\"https:\/\/www.blogdopilako.com.br\/wp\/2022\/02\/01\/luiz-carlos-as-lagrimas-vem-aos-olhos\/\"><\/fb:share-button><\/span><span class=\"mr_social_sharing\"><a rel=\"nofollow\" class=\"linksalpha_button linksalpha_link\" href=\"\/\/www.linksalpha.com\/social\/mobile\" data-url=\"https:\/\/www.blogdopilako.com.br\/wp\/2022\/02\/01\/luiz-carlos-as-lagrimas-vem-aos-olhos\/\" data-text=\"Luiz Carlos: \u201cas l\u00e1grimas v\u00eam aos olhos\u201d\u2026.\" data-desc=\"Me chamo Luiz Carlos de Oliveira, conhecido na \u00e9poca por Luiz Carlos. Sinto muitas saudades do tempo que vivi neste instituto, quando me recordo as l\u00e1grimas v\u00eam aos olhos pois considero \u00e0 todos que conviveram comigo como meus pais e irm\u00e3os.Foi a \u00e9poca mais feliz da minha hist\u00f3ria. Ao ler\" data-image=\"http:\/\/www.blogdopilako.com.br\/wp\/wp-content\/uploads\/2022\/02\/download.jpg\" data-button=\"none\">\n\t\t\t\t\t<img src=\"\/\/www.linksalpha.com\/images\/social_share_button.png\" alt=\"Share\" class=\"linksalpha_image\" \/>\n\t\t\t\t\t<\/a><script type=\"text\/javascript\" src=\"\/\/www.linksalpha.com\/scripts\/loader_iconbox.js?v=2.4\"><\/script><\/span><\/div><p><img loading=\"lazy\" class=\"wp-image-135818 size-full alignright\" src=\"http:\/\/www.blogdopilako.com.br\/wp\/wp-content\/uploads\/2022\/02\/download.jpg\" alt=\"\" width=\"279\" height=\"180\" \/><\/p>\n<p style=\"text-align: justify;\">Me chamo Luiz Carlos de Oliveira, conhecido na \u00e9poca por Luiz Carlos. Sinto muitas saudades do tempo que vivi neste instituto, quando me recordo as l\u00e1grimas v\u00eam aos olhos pois considero \u00e0 todos que conviveram comigo como meus pais e irm\u00e3os.Foi a \u00e9poca mais feliz da minha hist\u00f3ria. Ao ler todos os coment\u00e1rios aqui deixados fui relembrando de cada um dos que conviveram comigo nos anos de 72 \u00e0 78, experi\u00eancia inesquec\u00edvel.\u2026<\/p>\n<p style=\"text-align: justify;\">Fiz parte da banda e tocava saxofone tenor. Meus amigos Edmilson que tocava trombone, Jos\u00e9 Saturnino (Saturno), Ivo do trompete e muitos outros pelos quais tenho enorme considera\u00e7\u00e3o. Fiz parte da padaria, colchoaria (fazia colch\u00f5es de capim) e tamb\u00e9m da enfermaria com o enfermeiro Pedro. Quem quiser entrar em contato,\u00a0 este \u00e9 meu zap 81- 98599-1167. Estou muito feliz ao ter lido esta mat\u00e9ria que me fez reviver tempos t\u00e3o bons da minha inf\u00e2ncia.<\/p>\n<p style=\"text-align: justify;\"><strong>Luiz Carlos de Oliveira.\u00a0<\/strong><\/p>\n<p>&nbsp;<\/p>\n\n\t\t\t\t<div class=\"mr_social_sharing_wrapper\">\n\t\t\t\t<!-- Social Sharing Toolkit v2.2 --><span class=\"mr_social_sharing_top\"><span style=\"display: inline-block; width: 55px; height: 62px; overflow: hidden;\"><div class=\"fb-like\" data-href=\"https:\/\/www.blogdopilako.com.br\/wp\/2022\/02\/01\/luiz-carlos-as-lagrimas-vem-aos-olhos\/\" data-send=\"false\" data-layout=\"box_count\" data-width=\"55\" data-show-faces=\"false\"><\/div><\/span><\/span><span class=\"mr_social_sharing_top\"><fb:share-button type=\"box_count\" href=\"https:\/\/www.blogdopilako.com.br\/wp\/2022\/02\/01\/luiz-carlos-as-lagrimas-vem-aos-olhos\/\"><\/fb:share-button><\/span><span class=\"mr_social_sharing\"><a rel=\"nofollow\" class=\"linksalpha_button linksalpha_link\" href=\"\/\/www.linksalpha.com\/social\/mobile\" data-url=\"https:\/\/www.blogdopilako.com.br\/wp\/2022\/02\/01\/luiz-carlos-as-lagrimas-vem-aos-olhos\/\" data-text=\"Luiz Carlos: \u201cas l\u00e1grimas v\u00eam aos olhos\u201d\u2026.\" data-desc=\"Me chamo Luiz Carlos de Oliveira, conhecido na \u00e9poca por Luiz Carlos. Sinto muitas saudades do tempo que vivi neste instituto, quando me recordo as l\u00e1grimas v\u00eam aos olhos pois considero \u00e0 todos que conviveram comigo como meus pais e irm\u00e3os.Foi a \u00e9poca mais feliz da minha hist\u00f3ria. Ao ler\" data-image=\"http:\/\/www.blogdopilako.com.br\/wp\/wp-content\/uploads\/2022\/02\/download.jpg\" data-button=\"none\">\n\t\t\t\t\t<img src=\"\/\/www.linksalpha.com\/images\/social_share_button.png\" alt=\"Share\" class=\"linksalpha_image\" \/>\n\t\t\t\t\t<\/a><script type=\"text\/javascript\" src=\"\/\/www.linksalpha.com\/scripts\/loader_iconbox.js?v=2.4\"><\/script><\/span><\/div>","protected":false},"excerpt":{"rendered":"\n\t\t\t\t<div class=\"mr_social_sharing_wrapper\">\n\t\t\t\t<!-- Social Sharing Toolkit v2.2 --><span class=\"mr_social_sharing_top\"><span style=\"display: inline-block; width: 55px; height: 62px; overflow: hidden;\"><div class=\"fb-like\" data-href=\"https:\/\/www.blogdopilako.com.br\/wp\/2022\/02\/01\/luiz-carlos-as-lagrimas-vem-aos-olhos\/\" data-send=\"false\" data-layout=\"box_count\" data-width=\"55\" data-show-faces=\"false\"><\/div><\/span><\/span><span class=\"mr_social_sharing_top\"><fb:share-button type=\"box_count\" href=\"https:\/\/www.blogdopilako.com.br\/wp\/2022\/02\/01\/luiz-carlos-as-lagrimas-vem-aos-olhos\/\"><\/fb:share-button><\/span><span class=\"mr_social_sharing\"><a rel=\"nofollow\" class=\"linksalpha_button linksalpha_link\" href=\"\/\/www.linksalpha.com\/social\/mobile\" data-url=\"https:\/\/www.blogdopilako.com.br\/wp\/2022\/02\/01\/luiz-carlos-as-lagrimas-vem-aos-olhos\/\" data-text=\"Luiz Carlos: \u201cas l\u00e1grimas v\u00eam aos olhos\u201d\u2026.\" data-desc=\"Me chamo Luiz Carlos de Oliveira, conhecido na \u00e9poca por Luiz Carlos. Sinto muitas saudades do tempo que vivi neste instituto, quando me recordo as l\u00e1grimas v\u00eam aos olhos pois considero \u00e0 todos que conviveram comigo como meus pais e irm\u00e3os.Foi a \u00e9poca mais feliz da minha hist\u00f3ria. Ao ler\" data-image=\"\" data-button=\"none\">\n\t\t\t\t\t<img src=\"\/\/www.linksalpha.com\/images\/social_share_button.png\" alt=\"Share\" class=\"linksalpha_image\" \/>\n\t\t\t\t\t<\/a><script type=\"text\/javascript\" src=\"\/\/www.linksalpha.com\/scripts\/loader_iconbox.js?v=2.4\"><\/script><\/span><\/div><p>Me chamo Luiz Carlos de Oliveira, conhecido na \u00e9poca por Luiz Carlos. Sinto muitas saudades do tempo que vivi neste instituto, quando me recordo as l\u00e1grimas v\u00eam aos olhos pois considero \u00e0 todos que conviveram comigo como meus pais e &hellip; <a href=\"https:\/\/www.blogdopilako.com.br\/wp\/2022\/02\/01\/luiz-carlos-as-lagrimas-vem-aos-olhos\/\">Continue lendo <span class=\"meta-nav\">&rarr;<\/span><\/a><\/p>\n\n\t\t\t\t<div class=\"mr_social_sharing_wrapper\">\n\t\t\t\t<!-- Social Sharing Toolkit v2.2 --><span class=\"mr_social_sharing_top\"><span style=\"display: inline-block; width: 55px; height: 62px; overflow: hidden;\"><div class=\"fb-like\" data-href=\"https:\/\/www.blogdopilako.com.br\/wp\/2022\/02\/01\/luiz-carlos-as-lagrimas-vem-aos-olhos\/\" data-send=\"false\" data-layout=\"box_count\" data-width=\"55\" data-show-faces=\"false\"><\/div><\/span><\/span><span class=\"mr_social_sharing_top\"><fb:share-button type=\"box_count\" href=\"https:\/\/www.blogdopilako.com.br\/wp\/2022\/02\/01\/luiz-carlos-as-lagrimas-vem-aos-olhos\/\"><\/fb:share-button><\/span><span class=\"mr_social_sharing\"><a rel=\"nofollow\" class=\"linksalpha_button linksalpha_link\" href=\"\/\/www.linksalpha.com\/social\/mobile\" data-url=\"https:\/\/www.blogdopilako.com.br\/wp\/2022\/02\/01\/luiz-carlos-as-lagrimas-vem-aos-olhos\/\" data-text=\"Luiz Carlos: \u201cas l\u00e1grimas v\u00eam aos olhos\u201d\u2026.\" data-desc=\"Me chamo Luiz Carlos de Oliveira, conhecido na \u00e9poca por Luiz Carlos. Sinto muitas saudades do tempo que vivi neste instituto, quando me recordo as l\u00e1grimas v\u00eam aos olhos pois considero \u00e0 todos que conviveram comigo como meus pais e irm\u00e3os.Foi a \u00e9poca mais feliz da minha hist\u00f3ria. Ao ler\" data-image=\"\" data-button=\"none\">\n\t\t\t\t\t<img src=\"\/\/www.linksalpha.com\/images\/social_share_button.png\" alt=\"Share\" class=\"linksalpha_image\" \/>\n\t\t\t\t\t<\/a><script type=\"text\/javascript\" src=\"\/\/www.linksalpha.com\/scripts\/loader_iconbox.js?v=2.4\"><\/script><\/span><\/div>","protected":false},"author":2,"featured_media":0,"comment_status":"open","ping_status":"open","sticky":false,"template":"","format":"standard","meta":[],"categories":[21],"tags":[],"_links":{"self":[{"href":"https:\/\/www.blogdopilako.com.br\/wp\/wp-json\/wp\/v2\/posts\/135817"}],"collection":[{"href":"https:\/\/www.blogdopilako.com.br\/wp\/wp-json\/wp\/v2\/posts"}],"about":[{"href":"https:\/\/www.blogdopilako.com.br\/wp\/wp-json\/wp\/v2\/types\/post"}],"author":[{"embeddable":true,"href":"https:\/\/www.blogdopilako.com.br\/wp\/wp-json\/wp\/v2\/users\/2"}],"replies":[{"embeddable":true,"href":"https:\/\/www.blogdopilako.com.br\/wp\/wp-json\/wp\/v2\/comments?post=135817"}],"version-history":[{"count":1,"href":"https:\/\/www.blogdopilako.com.br\/wp\/wp-json\/wp\/v2\/posts\/135817\/revisions"}],"predecessor-version":[{"id":135819,"href":"https:\/\/www.blogdopilako.com.br\/wp\/wp-json\/wp\/v2\/posts\/135817\/revisions\/135819"}],"wp:attachment":[{"href":"https:\/\/www.blogdopilako.com.br\/wp\/wp-json\/wp\/v2\/media?parent=135817"}],"wp:term":[{"taxonomy":"category","embeddable":true,"href":"https:\/\/www.blogdopilako.com.br\/wp\/wp-json\/wp\/v2\/categories?post=135817"},{"taxonomy":"post_tag","embeddable":true,"href":"https:\/\/www.blogdopilako.com.br\/wp\/wp-json\/wp\/v2\/tags?post=135817"}],"curies":[{"name":"wp","href":"https:\/\/api.w.org\/{rel}","templated":true}]}}