{"id":135036,"date":"2021-11-24T11:34:10","date_gmt":"2021-11-24T14:34:10","guid":{"rendered":"http:\/\/www.blogdopilako.com.br\/wp\/?p=135036"},"modified":"2021-11-24T12:18:31","modified_gmt":"2021-11-24T15:18:31","slug":"135036","status":"publish","type":"post","link":"https:\/\/www.blogdopilako.com.br\/wp\/2021\/11\/24\/135036\/","title":{"rendered":"Sob o ponto de vista conceitual, as demoli\u00e7\u00f5es na pra\u00e7a foi a melhor obra da gest\u00e3o do prefeito Paulo Roberto at\u00e9 agora."},"content":{"rendered":"\n\t\t\t\t<div class=\"mr_social_sharing_wrapper\">\n\t\t\t\t<!-- Social Sharing Toolkit v2.2 --><span class=\"mr_social_sharing_top\"><span style=\"display: inline-block; width: 55px; height: 62px; overflow: hidden;\"><div class=\"fb-like\" data-href=\"https:\/\/www.blogdopilako.com.br\/wp\/2021\/11\/24\/135036\/\" data-send=\"false\" data-layout=\"box_count\" data-width=\"55\" data-show-faces=\"false\"><\/div><\/span><\/span><span class=\"mr_social_sharing_top\"><fb:share-button type=\"box_count\" href=\"https:\/\/www.blogdopilako.com.br\/wp\/2021\/11\/24\/135036\/\"><\/fb:share-button><\/span><span class=\"mr_social_sharing\"><a rel=\"nofollow\" class=\"linksalpha_button linksalpha_link\" href=\"\/\/www.linksalpha.com\/social\/mobile\" data-url=\"https:\/\/www.blogdopilako.com.br\/wp\/2021\/11\/24\/135036\/\" data-text=\"Sob o ponto de vista conceitual, as demoli\u00e7\u00f5es na pra\u00e7a foi a melhor obra da gest\u00e3o do prefeito Paulo Roberto at\u00e9 agora.\" data-desc=\"Por uma feliz coincid\u00eancia dos astros, ou mesmo por obra de Nossa Senhora do Livramento em parceria com o Glorioso Santo Ant\u00e3o, desenho essas linhas justamente nesse dia: 24 de novembro de 2021. \u00c9 que h\u00e1 exatos 79 anos assumia, em definitivo, na qualidade de prefeito da nossa Vit\u00f3ria de Santo\" data-image=\"http:\/\/www.blogdopilako.com.br\/wp\/wp-content\/uploads\/2021\/11\/08c6b741-085b-4630-b89c-112b65409e1a-193x300-1.jpg\" data-button=\"none\">\n\t\t\t\t\t<img src=\"\/\/www.linksalpha.com\/images\/social_share_button.png\" alt=\"Share\" class=\"linksalpha_image\" \/>\n\t\t\t\t\t<\/a><script type=\"text\/javascript\" src=\"\/\/www.linksalpha.com\/scripts\/loader_iconbox.js?v=2.4\"><\/script><\/span><\/div><p><img loading=\"lazy\" class=\"size-full wp-image-135041 alignright\" src=\"http:\/\/www.blogdopilako.com.br\/wp\/wp-content\/uploads\/2021\/11\/08c6b741-085b-4630-b89c-112b65409e1a-193x300-1.jpg\" alt=\"\" width=\"193\" height=\"300\" \/><\/p>\n<p style=\"text-align: justify;\">Por uma feliz coincid\u00eancia dos astros, ou mesmo por obra de Nossa Senhora do Livramento em parceria com o Glorioso Santo Ant\u00e3o, desenho essas linhas justamente nesse dia: <strong>24 de novembro de 2021<\/strong>. \u00c9 que h\u00e1 exatos 79 anos assumia, em definitivo, na qualidade de prefeito da nossa Vit\u00f3ria de Santo Ant\u00e3o, o professor Jos\u00e9 Arag\u00e3o.<\/p>\n<p style=\"text-align: justify;\">Com o t\u00edtulo <strong>\u201cBalan\u00e7o de fim de ano\u201d, publicado em 31 de dezembro de 1943<\/strong>, o mestre Arag\u00e3o estampava num jornal da cidade uma esp\u00e9cie <strong>\u201cpresta\u00e7\u00e3o de contas\u201d das a\u00e7\u00f5es do primeiro ano da administra\u00e7\u00e3o.<\/strong><\/p>\n<p style=\"text-align: justify;\">Na melhor da sua arte, escrever para se comunicar e registrar, o mesmo, entre outras coisas, justificou algumas demoli\u00e7\u00f5es no centro da cidade, dizendo: \u201c<strong><em>&#8230;&#8230;.a impress\u00e3o de que a cidade era decadente e arcaica, incapaz de acompanhar o surto de progresso e renova\u00e7\u00e3o que se nota em quase todas as cidades pernambucanas. Resolvemos encarar decididamente\u00a0 o problema e providenciamos a demoli\u00e7\u00e3o do trecho condenado, o que j\u00e1 est\u00e1 feito&#8230;&#8230;\u201d.<\/em><\/strong><\/p>\n<p style=\"text-align: justify;\">O tempo passou \u2013 s\u00e3o quase 80 anos \u2013 e muitos prefeitos administraram a cidade. Alguns, inclusive, deram continuidade ao projeto do mestre Arag\u00e3o, no sentido do melhoramento do aspecto urban\u00edstico do centro da cidade. \u00c0 constru\u00e7\u00e3o da Avenida Mariana Am\u00e1lia, pelo ent\u00e3o prefeito Coronel Jos\u00e9 Joaquim da Silva, s\u00f3 pode ser efetivada gra\u00e7as \u00e0s demoli\u00e7\u00f5es realizadas \u00a0\u00a0pelo Mestre Arag\u00e3o. Mais adiante, o ent\u00e3o prefeito Jos\u00e9 Augusto Ferrer tamb\u00e9m\u00a0 &#8220;derruba&#8221; constru\u00e7\u00e3o irregular em pra\u00e7a.<\/p>\n<p style=\"text-align: justify;\">Na vida presente e atual da nossa \u201cAldeia\u201d \u2013 <strong>Vit\u00f3ria de Santo Ant\u00e3o<\/strong> \u2013 o prefeito Paulo Roberto,\u00a0 dias atr\u00e1s, anunciou uma reforma \u201cvapt-vupt\u201d na Pra\u00e7a Padre Felix Barreto, localizada no bairro do Livramento. Ap\u00f3s pol\u00eamicas geradas pelas redes sociais, em fun\u00e7\u00e3o da destrui\u00e7\u00e3o das \u00e1rvores e tamb\u00e9m por falta de um projeto real\u00e7ando o planejamento das interven\u00e7\u00f5es, ao final do processo, <strong>acredito que a demoli\u00e7\u00e3o das constru\u00e7\u00f5es irregulares existentes no referido equipamento p\u00fablico, ocorridas ontem (23), tenha sido, do ponto de vista conceitual, a melhor a\u00e7\u00e3o do seu governo at\u00e9 o presente momento \u2013 11 meses de gest\u00e3o.<\/strong><\/p>\n<p><img loading=\"lazy\" class=\"aligncenter wp-image-135040 size-full\" src=\"http:\/\/www.blogdopilako.com.br\/wp\/wp-content\/uploads\/2021\/11\/0cb968d1-a074-49fd-bbb7-4ebfeb7ebbed.jpg\" alt=\"\" width=\"1600\" height=\"1200\" srcset=\"https:\/\/www.blogdopilako.com.br\/wp\/wp-content\/uploads\/2021\/11\/0cb968d1-a074-49fd-bbb7-4ebfeb7ebbed.jpg 1600w, https:\/\/www.blogdopilako.com.br\/wp\/wp-content\/uploads\/2021\/11\/0cb968d1-a074-49fd-bbb7-4ebfeb7ebbed-300x225.jpg 300w, https:\/\/www.blogdopilako.com.br\/wp\/wp-content\/uploads\/2021\/11\/0cb968d1-a074-49fd-bbb7-4ebfeb7ebbed-1024x768.jpg 1024w, https:\/\/www.blogdopilako.com.br\/wp\/wp-content\/uploads\/2021\/11\/0cb968d1-a074-49fd-bbb7-4ebfeb7ebbed-768x576.jpg 768w, https:\/\/www.blogdopilako.com.br\/wp\/wp-content\/uploads\/2021\/11\/0cb968d1-a074-49fd-bbb7-4ebfeb7ebbed-1536x1152.jpg 1536w, https:\/\/www.blogdopilako.com.br\/wp\/wp-content\/uploads\/2021\/11\/0cb968d1-a074-49fd-bbb7-4ebfeb7ebbed-400x300.jpg 400w\" sizes=\"(max-width: 1600px) 100vw, 1600px\" \/><\/p>\n<p style=\"text-align: justify;\">N\u00e3o sei exatamente qual foi o prefeito que permitiu aquelas constru\u00e7\u00f5es. Salvo engano, \u00a0foi na primeira gest\u00e3o do ent\u00e3o prefeito Jos\u00e9 Aglailson \u00a0que o mesmo, a t\u00edtulo de melhoramento da pra\u00e7a, levantou um muro em parte dela \u201coficializando\u201d, por assim dizer,\u00a0 as respectivas\u00a0 invas\u00f5es. Todo prefeito gosta de ser bonzinho com o chap\u00e9u alheio&#8230;<strong>.Isso \u00e9 fato e em Vit\u00f3ria de Santo Ant\u00e3o se configurou\u00a0 em moeda eleitoral para os nossos \u00faltimos gestores..<\/strong>&#8230;<\/p>\n<p style=\"text-align: justify;\">N\u00e3o sei\u00a0 a maneira e nem \u00e0 forma como a a\u00e7\u00e3o\u00a0 (demoli\u00e7\u00e3o) \u00a0foi costurada e acertada\u00a0 entre o\u00a0 atual gestor\u00a0 e os \u00a0respectivos propriet\u00e1rios dos \u201cquiosques irregulares\u201d. Quero crer, por falta de manifesta\u00e7\u00f5es publicas dos \u00a0poss\u00edveis \u201cprejudicados\u201d, \u00a0que a mesma tenha sido &#8220;vantajosa&#8221; para todos. <strong>No local, aqueles populares que \u201csabem de tudo\u201d, at\u00e9 me repassaram algumas informa\u00e7\u00f5es \u201coficiosas\u201d. Deixa quieto!!!<\/strong><\/p>\n<p style=\"text-align: justify;\"><strong>Em ato cont\u00ednuo o que realmente est\u00e1 valendo \u00e9 que o aspecto do lugar, com as demoli\u00e7\u00f5es, dever\u00e1 voltar a ter \u201ccara de pra\u00e7a\u201d.<\/strong> N\u00e3o obstante a boa a\u00e7\u00e3o concreta da atual gest\u00e3o, comandada pelo prefeito Paulo Roberto, fica-nos a sensa\u00e7\u00e3o \u00a0de que o governo se comunica mal, pois mesmo promovendo uma boa a\u00e7\u00e3o n\u00e3o conseguiu, nesse caso pontual,\u00a0 estabelecer\u00a0 e\u00a0 produzir\u00a0 linguagem clara, objetiva e convincente na dire\u00e7\u00e3o do\u00a0 conjunto da popula\u00e7\u00e3o.<\/p>\n<p style=\"text-align: justify;\"><img loading=\"lazy\" class=\"aligncenter wp-image-135039 size-large\" src=\"http:\/\/www.blogdopilako.com.br\/wp\/wp-content\/uploads\/2021\/11\/Pix-arte-final-2-34-1024x401.png\" alt=\"\" width=\"584\" height=\"229\" srcset=\"https:\/\/www.blogdopilako.com.br\/wp\/wp-content\/uploads\/2021\/11\/Pix-arte-final-2-34-1024x401.png 1024w, https:\/\/www.blogdopilako.com.br\/wp\/wp-content\/uploads\/2021\/11\/Pix-arte-final-2-34-300x117.png 300w, https:\/\/www.blogdopilako.com.br\/wp\/wp-content\/uploads\/2021\/11\/Pix-arte-final-2-34-768x301.png 768w, https:\/\/www.blogdopilako.com.br\/wp\/wp-content\/uploads\/2021\/11\/Pix-arte-final-2-34-1536x601.png 1536w, https:\/\/www.blogdopilako.com.br\/wp\/wp-content\/uploads\/2021\/11\/Pix-arte-final-2-34-2048x802.png 2048w, https:\/\/www.blogdopilako.com.br\/wp\/wp-content\/uploads\/2021\/11\/Pix-arte-final-2-34-500x196.png 500w\" sizes=\"(max-width: 584px) 100vw, 584px\" \/><\/p>\n\n\t\t\t\t<div class=\"mr_social_sharing_wrapper\">\n\t\t\t\t<!-- Social Sharing Toolkit v2.2 --><span class=\"mr_social_sharing_top\"><span style=\"display: inline-block; width: 55px; height: 62px; overflow: hidden;\"><div class=\"fb-like\" data-href=\"https:\/\/www.blogdopilako.com.br\/wp\/2021\/11\/24\/135036\/\" data-send=\"false\" data-layout=\"box_count\" data-width=\"55\" data-show-faces=\"false\"><\/div><\/span><\/span><span class=\"mr_social_sharing_top\"><fb:share-button type=\"box_count\" href=\"https:\/\/www.blogdopilako.com.br\/wp\/2021\/11\/24\/135036\/\"><\/fb:share-button><\/span><span class=\"mr_social_sharing\"><a rel=\"nofollow\" class=\"linksalpha_button linksalpha_link\" href=\"\/\/www.linksalpha.com\/social\/mobile\" data-url=\"https:\/\/www.blogdopilako.com.br\/wp\/2021\/11\/24\/135036\/\" data-text=\"Sob o ponto de vista conceitual, as demoli\u00e7\u00f5es na pra\u00e7a foi a melhor obra da gest\u00e3o do prefeito Paulo Roberto at\u00e9 agora.\" data-desc=\"Por uma feliz coincid\u00eancia dos astros, ou mesmo por obra de Nossa Senhora do Livramento em parceria com o Glorioso Santo Ant\u00e3o, desenho essas linhas justamente nesse dia: 24 de novembro de 2021. \u00c9 que h\u00e1 exatos 79 anos assumia, em definitivo, na qualidade de prefeito da nossa Vit\u00f3ria de Santo\" data-image=\"http:\/\/www.blogdopilako.com.br\/wp\/wp-content\/uploads\/2021\/11\/08c6b741-085b-4630-b89c-112b65409e1a-193x300-1.jpg\" data-button=\"none\">\n\t\t\t\t\t<img src=\"\/\/www.linksalpha.com\/images\/social_share_button.png\" alt=\"Share\" class=\"linksalpha_image\" \/>\n\t\t\t\t\t<\/a><script type=\"text\/javascript\" src=\"\/\/www.linksalpha.com\/scripts\/loader_iconbox.js?v=2.4\"><\/script><\/span><\/div>","protected":false},"excerpt":{"rendered":"\n\t\t\t\t<div class=\"mr_social_sharing_wrapper\">\n\t\t\t\t<!-- Social Sharing Toolkit v2.2 --><span class=\"mr_social_sharing_top\"><span style=\"display: inline-block; width: 55px; height: 62px; overflow: hidden;\"><div class=\"fb-like\" data-href=\"https:\/\/www.blogdopilako.com.br\/wp\/2021\/11\/24\/135036\/\" data-send=\"false\" data-layout=\"box_count\" data-width=\"55\" data-show-faces=\"false\"><\/div><\/span><\/span><span class=\"mr_social_sharing_top\"><fb:share-button type=\"box_count\" href=\"https:\/\/www.blogdopilako.com.br\/wp\/2021\/11\/24\/135036\/\"><\/fb:share-button><\/span><span class=\"mr_social_sharing\"><a rel=\"nofollow\" class=\"linksalpha_button linksalpha_link\" href=\"\/\/www.linksalpha.com\/social\/mobile\" data-url=\"https:\/\/www.blogdopilako.com.br\/wp\/2021\/11\/24\/135036\/\" data-text=\"Sob o ponto de vista conceitual, as demoli\u00e7\u00f5es na pra\u00e7a foi a melhor obra da gest\u00e3o do prefeito Paulo Roberto at\u00e9 agora.\" data-desc=\"Por uma feliz coincid\u00eancia dos astros, ou mesmo por obra de Nossa Senhora do Livramento em parceria com o Glorioso Santo Ant\u00e3o, desenho essas linhas justamente nesse dia: 24 de novembro de 2021. \u00c9 que h\u00e1 exatos 79 anos assumia, em definitivo, na qualidade de prefeito da nossa Vit\u00f3ria de Santo\" data-image=\"\" data-button=\"none\">\n\t\t\t\t\t<img src=\"\/\/www.linksalpha.com\/images\/social_share_button.png\" alt=\"Share\" class=\"linksalpha_image\" \/>\n\t\t\t\t\t<\/a><script type=\"text\/javascript\" src=\"\/\/www.linksalpha.com\/scripts\/loader_iconbox.js?v=2.4\"><\/script><\/span><\/div><p>Por uma feliz coincid\u00eancia dos astros, ou mesmo por obra de Nossa Senhora do Livramento em parceria com o Glorioso Santo Ant\u00e3o, desenho essas linhas justamente nesse dia: 24 de novembro de 2021. \u00c9 que h\u00e1 exatos 79 anos assumia, &hellip; <a href=\"https:\/\/www.blogdopilako.com.br\/wp\/2021\/11\/24\/135036\/\">Continue lendo <span class=\"meta-nav\">&rarr;<\/span><\/a><\/p>\n\n\t\t\t\t<div class=\"mr_social_sharing_wrapper\">\n\t\t\t\t<!-- Social Sharing Toolkit v2.2 --><span class=\"mr_social_sharing_top\"><span style=\"display: inline-block; width: 55px; height: 62px; overflow: hidden;\"><div class=\"fb-like\" data-href=\"https:\/\/www.blogdopilako.com.br\/wp\/2021\/11\/24\/135036\/\" data-send=\"false\" data-layout=\"box_count\" data-width=\"55\" data-show-faces=\"false\"><\/div><\/span><\/span><span class=\"mr_social_sharing_top\"><fb:share-button type=\"box_count\" href=\"https:\/\/www.blogdopilako.com.br\/wp\/2021\/11\/24\/135036\/\"><\/fb:share-button><\/span><span class=\"mr_social_sharing\"><a rel=\"nofollow\" class=\"linksalpha_button linksalpha_link\" href=\"\/\/www.linksalpha.com\/social\/mobile\" data-url=\"https:\/\/www.blogdopilako.com.br\/wp\/2021\/11\/24\/135036\/\" data-text=\"Sob o ponto de vista conceitual, as demoli\u00e7\u00f5es na pra\u00e7a foi a melhor obra da gest\u00e3o do prefeito Paulo Roberto at\u00e9 agora.\" data-desc=\"Por uma feliz coincid\u00eancia dos astros, ou mesmo por obra de Nossa Senhora do Livramento em parceria com o Glorioso Santo Ant\u00e3o, desenho essas linhas justamente nesse dia: 24 de novembro de 2021. \u00c9 que h\u00e1 exatos 79 anos assumia, em definitivo, na qualidade de prefeito da nossa Vit\u00f3ria de Santo\" data-image=\"\" data-button=\"none\">\n\t\t\t\t\t<img src=\"\/\/www.linksalpha.com\/images\/social_share_button.png\" alt=\"Share\" class=\"linksalpha_image\" \/>\n\t\t\t\t\t<\/a><script type=\"text\/javascript\" src=\"\/\/www.linksalpha.com\/scripts\/loader_iconbox.js?v=2.4\"><\/script><\/span><\/div>","protected":false},"author":2,"featured_media":0,"comment_status":"open","ping_status":"open","sticky":false,"template":"","format":"standard","meta":[],"categories":[21],"tags":[],"_links":{"self":[{"href":"https:\/\/www.blogdopilako.com.br\/wp\/wp-json\/wp\/v2\/posts\/135036"}],"collection":[{"href":"https:\/\/www.blogdopilako.com.br\/wp\/wp-json\/wp\/v2\/posts"}],"about":[{"href":"https:\/\/www.blogdopilako.com.br\/wp\/wp-json\/wp\/v2\/types\/post"}],"author":[{"embeddable":true,"href":"https:\/\/www.blogdopilako.com.br\/wp\/wp-json\/wp\/v2\/users\/2"}],"replies":[{"embeddable":true,"href":"https:\/\/www.blogdopilako.com.br\/wp\/wp-json\/wp\/v2\/comments?post=135036"}],"version-history":[{"count":5,"href":"https:\/\/www.blogdopilako.com.br\/wp\/wp-json\/wp\/v2\/posts\/135036\/revisions"}],"predecessor-version":[{"id":135045,"href":"https:\/\/www.blogdopilako.com.br\/wp\/wp-json\/wp\/v2\/posts\/135036\/revisions\/135045"}],"wp:attachment":[{"href":"https:\/\/www.blogdopilako.com.br\/wp\/wp-json\/wp\/v2\/media?parent=135036"}],"wp:term":[{"taxonomy":"category","embeddable":true,"href":"https:\/\/www.blogdopilako.com.br\/wp\/wp-json\/wp\/v2\/categories?post=135036"},{"taxonomy":"post_tag","embeddable":true,"href":"https:\/\/www.blogdopilako.com.br\/wp\/wp-json\/wp\/v2\/tags?post=135036"}],"curies":[{"name":"wp","href":"https:\/\/api.w.org\/{rel}","templated":true}]}}