{"id":134848,"date":"2021-11-03T17:11:07","date_gmt":"2021-11-03T20:11:07","guid":{"rendered":"http:\/\/www.blogdopilako.com.br\/wp\/?p=134848"},"modified":"2021-11-03T17:11:35","modified_gmt":"2021-11-03T20:11:35","slug":"a-verba-e-bem-vinda-o-predio-deve-derrubado-e-o-espaco-devolvido-a-comunidade","status":"publish","type":"post","link":"https:\/\/www.blogdopilako.com.br\/wp\/2021\/11\/03\/a-verba-e-bem-vinda-o-predio-deve-derrubado-e-o-espaco-devolvido-a-comunidade\/","title":{"rendered":"A verba \u00e9 bem vinda, o pr\u00e9dio deve ser derrubado e o espa\u00e7o devolvido \u00e0 comunidade."},"content":{"rendered":"\n\t\t\t\t<div class=\"mr_social_sharing_wrapper\">\n\t\t\t\t<!-- Social Sharing Toolkit v2.2 --><span class=\"mr_social_sharing_top\"><span style=\"display: inline-block; width: 55px; height: 62px; overflow: hidden;\"><div class=\"fb-like\" data-href=\"https:\/\/www.blogdopilako.com.br\/wp\/2021\/11\/03\/a-verba-e-bem-vinda-o-predio-deve-derrubado-e-o-espaco-devolvido-a-comunidade\/\" data-send=\"false\" data-layout=\"box_count\" data-width=\"55\" data-show-faces=\"false\"><\/div><\/span><\/span><span class=\"mr_social_sharing_top\"><fb:share-button type=\"box_count\" href=\"https:\/\/www.blogdopilako.com.br\/wp\/2021\/11\/03\/a-verba-e-bem-vinda-o-predio-deve-derrubado-e-o-espaco-devolvido-a-comunidade\/\"><\/fb:share-button><\/span><span class=\"mr_social_sharing\"><a rel=\"nofollow\" class=\"linksalpha_button linksalpha_link\" href=\"\/\/www.linksalpha.com\/social\/mobile\" data-url=\"https:\/\/www.blogdopilako.com.br\/wp\/2021\/11\/03\/a-verba-e-bem-vinda-o-predio-deve-derrubado-e-o-espaco-devolvido-a-comunidade\/\" data-text=\"A verba \u00e9 bem vinda, o pr\u00e9dio deve ser derrubado e o espa\u00e7o devolvido \u00e0 comunidade.\" data-desc=\"Parido de um acasalamento sui generis, por assim dizer, o Brasil,\u00a0 que j\u00e1 ostenta\u00a0 meio mil\u00eanio de vida, apesar dos muitos avan\u00e7os, ainda carrega no seu DNA uma na\u00e7\u00e3o\u00a0 marcada pela desigualdade social, patriarcal e violenta. Nesse contexto, toda promo\u00e7\u00e3o de pol\u00edtica \u00a0p\u00fablica que siga\" data-image=\"http:\/\/www.blogdopilako.com.br\/wp\/wp-content\/uploads\/2021\/11\/a4703360-e2ce-48f5-8c46-31b326d13f08.jpg\" data-button=\"none\">\n\t\t\t\t\t<img src=\"\/\/www.linksalpha.com\/images\/social_share_button.png\" alt=\"Share\" class=\"linksalpha_image\" \/>\n\t\t\t\t\t<\/a><script type=\"text\/javascript\" src=\"\/\/www.linksalpha.com\/scripts\/loader_iconbox.js?v=2.4\"><\/script><\/span><\/div><p><img loading=\"lazy\" class=\"aligncenter wp-image-134849 size-full\" src=\"http:\/\/www.blogdopilako.com.br\/wp\/wp-content\/uploads\/2021\/11\/a4703360-e2ce-48f5-8c46-31b326d13f08.jpg\" alt=\"\" width=\"1136\" height=\"640\" srcset=\"https:\/\/www.blogdopilako.com.br\/wp\/wp-content\/uploads\/2021\/11\/a4703360-e2ce-48f5-8c46-31b326d13f08.jpg 1136w, https:\/\/www.blogdopilako.com.br\/wp\/wp-content\/uploads\/2021\/11\/a4703360-e2ce-48f5-8c46-31b326d13f08-300x169.jpg 300w, https:\/\/www.blogdopilako.com.br\/wp\/wp-content\/uploads\/2021\/11\/a4703360-e2ce-48f5-8c46-31b326d13f08-1024x577.jpg 1024w, https:\/\/www.blogdopilako.com.br\/wp\/wp-content\/uploads\/2021\/11\/a4703360-e2ce-48f5-8c46-31b326d13f08-768x433.jpg 768w, https:\/\/www.blogdopilako.com.br\/wp\/wp-content\/uploads\/2021\/11\/a4703360-e2ce-48f5-8c46-31b326d13f08-500x282.jpg 500w\" sizes=\"(max-width: 1136px) 100vw, 1136px\" \/><\/p>\n<p style=\"text-align: justify;\">Parido de um acasalamento sui generis, por assim dizer, o Brasil,\u00a0 que j\u00e1 ostenta\u00a0 meio mil\u00eanio de vida, apesar dos muitos avan\u00e7os, ainda carrega no seu DNA uma na\u00e7\u00e3o\u00a0 marcada pela desigualdade social, patriarcal e violenta. Nesse contexto, toda promo\u00e7\u00e3o de pol\u00edtica \u00a0p\u00fablica que siga na dire\u00e7\u00e3o de atenuar as diferen\u00e7as e assegurar cidadania, sobretudo visando \u00e0s mulheres,\u00a0 s\u00e3o bem vindas.<\/p>\n<p style=\"text-align: justify;\">Como uma esp\u00e9cie de porta voz das mulheres, principalmente as que se encontra em vulnerabilidade, na elei\u00e7\u00e3o estadual de 2018, a ent\u00e3o delegada de pol\u00edcia, \u00a0<strong>Gleide \u00c2ngelo,<\/strong> \u00a0foi agraciada com uma vota\u00e7\u00e3o nunca antes vista para um assento na ALEPE. Aberta as urnas, a mesma comemorou os mais de 400 mil votos. S\u00f3 no nosso col\u00e9gio eleitoral seu nome foi ratificado 2.560 vezes.<\/p>\n<p style=\"text-align: justify;\">Visando angariar simpatia,\u00a0 no sentido da pr\u00f3xima disputa (2022),\u00a0 uma vez que ela investe nas cidades da Regi\u00e3o Metropolitana e no seu entorno, recentemente a deputada circulou em nossa cidade. Em ato cont\u00ednuo, ela tamb\u00e9m gravou v\u00eddeo no solo da Republica das Tabocas, anunciando\u00a0 a destina\u00e7\u00e3o de emenda parlamentar para reformar o pr\u00e9dio que um dia\u00a0 j\u00e1 serviu de delegacia municipal.<\/p>\n<p><img loading=\"lazy\" class=\"aligncenter wp-image-134850 size-full\" src=\"http:\/\/www.blogdopilako.com.br\/wp\/wp-content\/uploads\/2021\/11\/c6d5a72e-f55d-488b-a6c6-5c88978b62ba.jpg\" alt=\"\" width=\"1600\" height=\"1200\" srcset=\"https:\/\/www.blogdopilako.com.br\/wp\/wp-content\/uploads\/2021\/11\/c6d5a72e-f55d-488b-a6c6-5c88978b62ba.jpg 1600w, https:\/\/www.blogdopilako.com.br\/wp\/wp-content\/uploads\/2021\/11\/c6d5a72e-f55d-488b-a6c6-5c88978b62ba-300x225.jpg 300w, https:\/\/www.blogdopilako.com.br\/wp\/wp-content\/uploads\/2021\/11\/c6d5a72e-f55d-488b-a6c6-5c88978b62ba-1024x768.jpg 1024w, https:\/\/www.blogdopilako.com.br\/wp\/wp-content\/uploads\/2021\/11\/c6d5a72e-f55d-488b-a6c6-5c88978b62ba-768x576.jpg 768w, https:\/\/www.blogdopilako.com.br\/wp\/wp-content\/uploads\/2021\/11\/c6d5a72e-f55d-488b-a6c6-5c88978b62ba-1536x1152.jpg 1536w, https:\/\/www.blogdopilako.com.br\/wp\/wp-content\/uploads\/2021\/11\/c6d5a72e-f55d-488b-a6c6-5c88978b62ba-400x300.jpg 400w\" sizes=\"(max-width: 1600px) 100vw, 1600px\" \/><\/p>\n<p style=\"text-align: justify;\">O referido pr\u00e9dio, h\u00e1 anos desativado e abandonado, \u00e9 o\u00a0 que fica localizado justamente\u00a0 nas proximidades da AABB. \u00a0Antes de qualquer coisa,\u00a0 devemos agradecer ao empenho da deputada Gleide \u00c2ngelo em investir parte das suas emendas parlamentares em nossa cidade.<\/p>\n<p style=\"text-align: justify;\">Muito bem, na qualidade de comunidade antonense, se fizermos um r\u00e1pido exerc\u00edcio de mem\u00f3ria,\u00a0 logo iremos lembrar que a constru\u00e7\u00e3o do referido pr\u00e9dio \u2013 <strong>delegacia municipal<\/strong> \u2013 se configurou em mais uma aberra\u00e7\u00e3o urban\u00edstica ocorrida na \u00a0nossa \u201caldeia\u201d \u2013 <strong>Vit\u00f3ria de Santo Ant\u00e3o.<\/strong><\/p>\n<p><img loading=\"lazy\" class=\"aligncenter wp-image-134852 size-full\" src=\"http:\/\/www.blogdopilako.com.br\/wp\/wp-content\/uploads\/2021\/11\/24837e75-266f-435d-b80e-565ea736b85a.jpg\" alt=\"\" width=\"1600\" height=\"1200\" srcset=\"https:\/\/www.blogdopilako.com.br\/wp\/wp-content\/uploads\/2021\/11\/24837e75-266f-435d-b80e-565ea736b85a.jpg 1600w, https:\/\/www.blogdopilako.com.br\/wp\/wp-content\/uploads\/2021\/11\/24837e75-266f-435d-b80e-565ea736b85a-300x225.jpg 300w, https:\/\/www.blogdopilako.com.br\/wp\/wp-content\/uploads\/2021\/11\/24837e75-266f-435d-b80e-565ea736b85a-1024x768.jpg 1024w, https:\/\/www.blogdopilako.com.br\/wp\/wp-content\/uploads\/2021\/11\/24837e75-266f-435d-b80e-565ea736b85a-768x576.jpg 768w, https:\/\/www.blogdopilako.com.br\/wp\/wp-content\/uploads\/2021\/11\/24837e75-266f-435d-b80e-565ea736b85a-1536x1152.jpg 1536w, https:\/\/www.blogdopilako.com.br\/wp\/wp-content\/uploads\/2021\/11\/24837e75-266f-435d-b80e-565ea736b85a-400x300.jpg 400w\" sizes=\"(max-width: 1600px) 100vw, 1600px\" \/><\/p>\n<p style=\"text-align: justify;\">Se j\u00e1 n\u00e3o bastasse o nosso \u00a0atual F\u00f3rum \u2013 <strong>que no final da d\u00e9cada de 1970 fora edificado em cima de uma pra\u00e7a ( Pra\u00e7a Professor Juca)<\/strong> \u00a0&#8211; o referido pr\u00e9dio da delegacia, sem nenhuma cerim\u00f4nia dos pol\u00edticos locais e com suas conveni\u00eancias,\u00a0 tamb\u00e9m foi constru\u00eddo em cima de um espa\u00e7o p\u00fablico da comunidade, ou seja: <strong>Pra\u00e7a Rut\u00edlio Pinheiro de Melo &#8211; essa,\u00a0 j\u00e1 edificada, arborizada e inaugurada.\u00a0<\/strong><\/p>\n<p style=\"text-align: justify;\">Desde sempre, \u00a0na qualidade de vitoriense antenado com coisa do nosso lugar, quando me refiro \u00a0ao pr\u00e9dio em tela <strong>(antiga delegacia)<\/strong> sempre pugno pela sua derrubara total. N\u00e3o podemos, em pleno s\u00e9culo 21, assistir o pr\u00f3prio poder p\u00fablico\u00a0 muncipal, que constitucionalmente tem obriga\u00e7\u00e3o de proteger \u00b4e preservar os espa\u00e7os da sociedade,\u00a0 ser o autor de invas\u00e3o a um\u00a0 espa\u00e7o de lazer coletivo. Sob todos os pontos de vista, essa \u00e9 mais uma aberra\u00e7\u00e3o e viol\u00eancia urban\u00edstica catalogada na nossa cidade, promovida pelos pol\u00edticos de plant\u00e3o.<\/p>\n<p><img loading=\"lazy\" class=\"size-medium wp-image-134851 alignright\" src=\"http:\/\/www.blogdopilako.com.br\/wp\/wp-content\/uploads\/2021\/11\/6a31404b-a5a7-4207-a25c-15f68e8cfecd-300x169.jpg\" alt=\"\" width=\"300\" height=\"169\" srcset=\"https:\/\/www.blogdopilako.com.br\/wp\/wp-content\/uploads\/2021\/11\/6a31404b-a5a7-4207-a25c-15f68e8cfecd-300x169.jpg 300w, https:\/\/www.blogdopilako.com.br\/wp\/wp-content\/uploads\/2021\/11\/6a31404b-a5a7-4207-a25c-15f68e8cfecd-1024x577.jpg 1024w, https:\/\/www.blogdopilako.com.br\/wp\/wp-content\/uploads\/2021\/11\/6a31404b-a5a7-4207-a25c-15f68e8cfecd-768x433.jpg 768w, https:\/\/www.blogdopilako.com.br\/wp\/wp-content\/uploads\/2021\/11\/6a31404b-a5a7-4207-a25c-15f68e8cfecd-500x282.jpg 500w, https:\/\/www.blogdopilako.com.br\/wp\/wp-content\/uploads\/2021\/11\/6a31404b-a5a7-4207-a25c-15f68e8cfecd.jpg 1136w\" sizes=\"(max-width: 300px) 100vw, 300px\" \/><\/p>\n<p style=\"text-align: justify;\"><strong>Em ato cont\u00ednuo, segue meu apelo aos vereadores e ao prefeito da cidade, Paulo Roberto, que concentre esfor\u00e7os para promover essa repara\u00e7\u00e3o pol\u00edtica\/administrativa insana,\u00a0 ocorrida no passado recente da nossa cidade,\u00a0 devolvendo esse\u00a0 espa\u00e7o,\u00a0 devidamente requalificado,\u00a0 \u00e0 comunidade, sem \u00a0nenhum preju\u00edzo \u00e0 efetiva\u00e7\u00e3o da \u201cDelegacia da Mulher\u201d e ao \u201cCentro de Atendimento a Mulher\u201d, ao qual a deputada Gleide \u00c2ngelo destinou recursos e que poder\u00e1 ser muito bem materializado em qualquer outro lugar, \u00a0em im\u00f3vel ajustado e adequado.<\/strong><\/p>\n<p><img loading=\"lazy\" class=\"aligncenter wp-image-134853 size-full\" src=\"http:\/\/www.blogdopilako.com.br\/wp\/wp-content\/uploads\/2021\/11\/d1d910ba-e6bb-48d2-9711-d2b16720f1f9.jpg\" alt=\"\" width=\"1600\" height=\"1200\" srcset=\"https:\/\/www.blogdopilako.com.br\/wp\/wp-content\/uploads\/2021\/11\/d1d910ba-e6bb-48d2-9711-d2b16720f1f9.jpg 1600w, https:\/\/www.blogdopilako.com.br\/wp\/wp-content\/uploads\/2021\/11\/d1d910ba-e6bb-48d2-9711-d2b16720f1f9-300x225.jpg 300w, https:\/\/www.blogdopilako.com.br\/wp\/wp-content\/uploads\/2021\/11\/d1d910ba-e6bb-48d2-9711-d2b16720f1f9-1024x768.jpg 1024w, https:\/\/www.blogdopilako.com.br\/wp\/wp-content\/uploads\/2021\/11\/d1d910ba-e6bb-48d2-9711-d2b16720f1f9-768x576.jpg 768w, https:\/\/www.blogdopilako.com.br\/wp\/wp-content\/uploads\/2021\/11\/d1d910ba-e6bb-48d2-9711-d2b16720f1f9-1536x1152.jpg 1536w, https:\/\/www.blogdopilako.com.br\/wp\/wp-content\/uploads\/2021\/11\/d1d910ba-e6bb-48d2-9711-d2b16720f1f9-400x300.jpg 400w\" sizes=\"(max-width: 1600px) 100vw, 1600px\" \/><\/p>\n<p style=\"text-align: justify;\"><strong>Portanto, fica aqui minha singela contribui\u00e7\u00e3o \u00e0s boas causas antonenses&#8230;.<\/strong><\/p>\n<p><img loading=\"lazy\" class=\"aligncenter wp-image-134854 size-large\" src=\"http:\/\/www.blogdopilako.com.br\/wp\/wp-content\/uploads\/2021\/11\/Pix-arte-final-2-1-1024x401.png\" alt=\"\" width=\"584\" height=\"229\" srcset=\"https:\/\/www.blogdopilako.com.br\/wp\/wp-content\/uploads\/2021\/11\/Pix-arte-final-2-1-1024x401.png 1024w, https:\/\/www.blogdopilako.com.br\/wp\/wp-content\/uploads\/2021\/11\/Pix-arte-final-2-1-300x117.png 300w, https:\/\/www.blogdopilako.com.br\/wp\/wp-content\/uploads\/2021\/11\/Pix-arte-final-2-1-768x301.png 768w, https:\/\/www.blogdopilako.com.br\/wp\/wp-content\/uploads\/2021\/11\/Pix-arte-final-2-1-1536x601.png 1536w, https:\/\/www.blogdopilako.com.br\/wp\/wp-content\/uploads\/2021\/11\/Pix-arte-final-2-1-2048x802.png 2048w, https:\/\/www.blogdopilako.com.br\/wp\/wp-content\/uploads\/2021\/11\/Pix-arte-final-2-1-500x196.png 500w\" sizes=\"(max-width: 584px) 100vw, 584px\" \/><\/p>\n<p style=\"text-align: justify;\">\n\n\t\t\t\t<div class=\"mr_social_sharing_wrapper\">\n\t\t\t\t<!-- Social Sharing Toolkit v2.2 --><span class=\"mr_social_sharing_top\"><span style=\"display: inline-block; width: 55px; height: 62px; overflow: hidden;\"><div class=\"fb-like\" data-href=\"https:\/\/www.blogdopilako.com.br\/wp\/2021\/11\/03\/a-verba-e-bem-vinda-o-predio-deve-derrubado-e-o-espaco-devolvido-a-comunidade\/\" data-send=\"false\" data-layout=\"box_count\" data-width=\"55\" data-show-faces=\"false\"><\/div><\/span><\/span><span class=\"mr_social_sharing_top\"><fb:share-button type=\"box_count\" href=\"https:\/\/www.blogdopilako.com.br\/wp\/2021\/11\/03\/a-verba-e-bem-vinda-o-predio-deve-derrubado-e-o-espaco-devolvido-a-comunidade\/\"><\/fb:share-button><\/span><span class=\"mr_social_sharing\"><a rel=\"nofollow\" class=\"linksalpha_button linksalpha_link\" href=\"\/\/www.linksalpha.com\/social\/mobile\" data-url=\"https:\/\/www.blogdopilako.com.br\/wp\/2021\/11\/03\/a-verba-e-bem-vinda-o-predio-deve-derrubado-e-o-espaco-devolvido-a-comunidade\/\" data-text=\"A verba \u00e9 bem vinda, o pr\u00e9dio deve ser derrubado e o espa\u00e7o devolvido \u00e0 comunidade.\" data-desc=\"Parido de um acasalamento sui generis, por assim dizer, o Brasil,\u00a0 que j\u00e1 ostenta\u00a0 meio mil\u00eanio de vida, apesar dos muitos avan\u00e7os, ainda carrega no seu DNA uma na\u00e7\u00e3o\u00a0 marcada pela desigualdade social, patriarcal e violenta. Nesse contexto, toda promo\u00e7\u00e3o de pol\u00edtica \u00a0p\u00fablica que siga\" data-image=\"http:\/\/www.blogdopilako.com.br\/wp\/wp-content\/uploads\/2021\/11\/a4703360-e2ce-48f5-8c46-31b326d13f08.jpg\" data-button=\"none\">\n\t\t\t\t\t<img src=\"\/\/www.linksalpha.com\/images\/social_share_button.png\" alt=\"Share\" class=\"linksalpha_image\" \/>\n\t\t\t\t\t<\/a><script type=\"text\/javascript\" src=\"\/\/www.linksalpha.com\/scripts\/loader_iconbox.js?v=2.4\"><\/script><\/span><\/div>","protected":false},"excerpt":{"rendered":"\n\t\t\t\t<div class=\"mr_social_sharing_wrapper\">\n\t\t\t\t<!-- Social Sharing Toolkit v2.2 --><span class=\"mr_social_sharing_top\"><span style=\"display: inline-block; width: 55px; height: 62px; overflow: hidden;\"><div class=\"fb-like\" data-href=\"https:\/\/www.blogdopilako.com.br\/wp\/2021\/11\/03\/a-verba-e-bem-vinda-o-predio-deve-derrubado-e-o-espaco-devolvido-a-comunidade\/\" data-send=\"false\" data-layout=\"box_count\" data-width=\"55\" data-show-faces=\"false\"><\/div><\/span><\/span><span class=\"mr_social_sharing_top\"><fb:share-button type=\"box_count\" href=\"https:\/\/www.blogdopilako.com.br\/wp\/2021\/11\/03\/a-verba-e-bem-vinda-o-predio-deve-derrubado-e-o-espaco-devolvido-a-comunidade\/\"><\/fb:share-button><\/span><span class=\"mr_social_sharing\"><a rel=\"nofollow\" class=\"linksalpha_button linksalpha_link\" href=\"\/\/www.linksalpha.com\/social\/mobile\" data-url=\"https:\/\/www.blogdopilako.com.br\/wp\/2021\/11\/03\/a-verba-e-bem-vinda-o-predio-deve-derrubado-e-o-espaco-devolvido-a-comunidade\/\" data-text=\"A verba \u00e9 bem vinda, o pr\u00e9dio deve ser derrubado e o espa\u00e7o devolvido \u00e0 comunidade.\" data-desc=\"Parido de um acasalamento sui generis, por assim dizer, o Brasil,\u00a0 que j\u00e1 ostenta\u00a0 meio mil\u00eanio de vida, apesar dos muitos avan\u00e7os, ainda carrega no seu DNA uma na\u00e7\u00e3o\u00a0 marcada pela desigualdade social, patriarcal e violenta. Nesse contexto, toda promo\u00e7\u00e3o de pol\u00edtica \u00a0p\u00fablica que siga\" data-image=\"\" data-button=\"none\">\n\t\t\t\t\t<img src=\"\/\/www.linksalpha.com\/images\/social_share_button.png\" alt=\"Share\" class=\"linksalpha_image\" \/>\n\t\t\t\t\t<\/a><script type=\"text\/javascript\" src=\"\/\/www.linksalpha.com\/scripts\/loader_iconbox.js?v=2.4\"><\/script><\/span><\/div><p>Parido de um acasalamento sui generis, por assim dizer, o Brasil,\u00a0 que j\u00e1 ostenta\u00a0 meio mil\u00eanio de vida, apesar dos muitos avan\u00e7os, ainda carrega no seu DNA uma na\u00e7\u00e3o\u00a0 marcada pela desigualdade social, patriarcal e violenta. Nesse contexto, toda promo\u00e7\u00e3o &hellip; <a href=\"https:\/\/www.blogdopilako.com.br\/wp\/2021\/11\/03\/a-verba-e-bem-vinda-o-predio-deve-derrubado-e-o-espaco-devolvido-a-comunidade\/\">Continue lendo <span class=\"meta-nav\">&rarr;<\/span><\/a><\/p>\n\n\t\t\t\t<div class=\"mr_social_sharing_wrapper\">\n\t\t\t\t<!-- Social Sharing Toolkit v2.2 --><span class=\"mr_social_sharing_top\"><span style=\"display: inline-block; width: 55px; height: 62px; overflow: hidden;\"><div class=\"fb-like\" data-href=\"https:\/\/www.blogdopilako.com.br\/wp\/2021\/11\/03\/a-verba-e-bem-vinda-o-predio-deve-derrubado-e-o-espaco-devolvido-a-comunidade\/\" data-send=\"false\" data-layout=\"box_count\" data-width=\"55\" data-show-faces=\"false\"><\/div><\/span><\/span><span class=\"mr_social_sharing_top\"><fb:share-button type=\"box_count\" href=\"https:\/\/www.blogdopilako.com.br\/wp\/2021\/11\/03\/a-verba-e-bem-vinda-o-predio-deve-derrubado-e-o-espaco-devolvido-a-comunidade\/\"><\/fb:share-button><\/span><span class=\"mr_social_sharing\"><a rel=\"nofollow\" class=\"linksalpha_button linksalpha_link\" href=\"\/\/www.linksalpha.com\/social\/mobile\" data-url=\"https:\/\/www.blogdopilako.com.br\/wp\/2021\/11\/03\/a-verba-e-bem-vinda-o-predio-deve-derrubado-e-o-espaco-devolvido-a-comunidade\/\" data-text=\"A verba \u00e9 bem vinda, o pr\u00e9dio deve ser derrubado e o espa\u00e7o devolvido \u00e0 comunidade.\" data-desc=\"Parido de um acasalamento sui generis, por assim dizer, o Brasil,\u00a0 que j\u00e1 ostenta\u00a0 meio mil\u00eanio de vida, apesar dos muitos avan\u00e7os, ainda carrega no seu DNA uma na\u00e7\u00e3o\u00a0 marcada pela desigualdade social, patriarcal e violenta. Nesse contexto, toda promo\u00e7\u00e3o de pol\u00edtica \u00a0p\u00fablica que siga\" data-image=\"\" data-button=\"none\">\n\t\t\t\t\t<img src=\"\/\/www.linksalpha.com\/images\/social_share_button.png\" alt=\"Share\" class=\"linksalpha_image\" \/>\n\t\t\t\t\t<\/a><script type=\"text\/javascript\" src=\"\/\/www.linksalpha.com\/scripts\/loader_iconbox.js?v=2.4\"><\/script><\/span><\/div>","protected":false},"author":2,"featured_media":0,"comment_status":"open","ping_status":"open","sticky":false,"template":"","format":"standard","meta":[],"categories":[21],"tags":[],"_links":{"self":[{"href":"https:\/\/www.blogdopilako.com.br\/wp\/wp-json\/wp\/v2\/posts\/134848"}],"collection":[{"href":"https:\/\/www.blogdopilako.com.br\/wp\/wp-json\/wp\/v2\/posts"}],"about":[{"href":"https:\/\/www.blogdopilako.com.br\/wp\/wp-json\/wp\/v2\/types\/post"}],"author":[{"embeddable":true,"href":"https:\/\/www.blogdopilako.com.br\/wp\/wp-json\/wp\/v2\/users\/2"}],"replies":[{"embeddable":true,"href":"https:\/\/www.blogdopilako.com.br\/wp\/wp-json\/wp\/v2\/comments?post=134848"}],"version-history":[{"count":2,"href":"https:\/\/www.blogdopilako.com.br\/wp\/wp-json\/wp\/v2\/posts\/134848\/revisions"}],"predecessor-version":[{"id":134856,"href":"https:\/\/www.blogdopilako.com.br\/wp\/wp-json\/wp\/v2\/posts\/134848\/revisions\/134856"}],"wp:attachment":[{"href":"https:\/\/www.blogdopilako.com.br\/wp\/wp-json\/wp\/v2\/media?parent=134848"}],"wp:term":[{"taxonomy":"category","embeddable":true,"href":"https:\/\/www.blogdopilako.com.br\/wp\/wp-json\/wp\/v2\/categories?post=134848"},{"taxonomy":"post_tag","embeddable":true,"href":"https:\/\/www.blogdopilako.com.br\/wp\/wp-json\/wp\/v2\/tags?post=134848"}],"curies":[{"name":"wp","href":"https:\/\/api.w.org\/{rel}","templated":true}]}}