{"id":134830,"date":"2021-10-29T17:01:16","date_gmt":"2021-10-29T20:01:16","guid":{"rendered":"http:\/\/www.blogdopilako.com.br\/wp\/?p=134830"},"modified":"2021-10-29T18:53:38","modified_gmt":"2021-10-29T21:53:38","slug":"live-117-compesa-e-visita-do-governador-com-os-vereadores-felipe-cezar-e-andre-carvalho","status":"publish","type":"post","link":"https:\/\/www.blogdopilako.com.br\/wp\/2021\/10\/29\/live-117-compesa-e-visita-do-governador-com-os-vereadores-felipe-cezar-e-andre-carvalho\/","title":{"rendered":"LIVE 117 &#8211; \u201cCOMPESA e Visita do Governador\u201d \u2013 com os vereadores Felipe Cezar e Andr\u00e9 Carvalho."},"content":{"rendered":"\n\t\t\t\t<div class=\"mr_social_sharing_wrapper\">\n\t\t\t\t<!-- Social Sharing Toolkit v2.2 --><span class=\"mr_social_sharing_top\"><span style=\"display: inline-block; width: 55px; height: 62px; overflow: hidden;\"><div class=\"fb-like\" data-href=\"https:\/\/www.blogdopilako.com.br\/wp\/2021\/10\/29\/live-117-compesa-e-visita-do-governador-com-os-vereadores-felipe-cezar-e-andre-carvalho\/\" data-send=\"false\" data-layout=\"box_count\" data-width=\"55\" data-show-faces=\"false\"><\/div><\/span><\/span><span class=\"mr_social_sharing_top\"><fb:share-button type=\"box_count\" href=\"https:\/\/www.blogdopilako.com.br\/wp\/2021\/10\/29\/live-117-compesa-e-visita-do-governador-com-os-vereadores-felipe-cezar-e-andre-carvalho\/\"><\/fb:share-button><\/span><span class=\"mr_social_sharing\"><a rel=\"nofollow\" class=\"linksalpha_button linksalpha_link\" href=\"\/\/www.linksalpha.com\/social\/mobile\" data-url=\"https:\/\/www.blogdopilako.com.br\/wp\/2021\/10\/29\/live-117-compesa-e-visita-do-governador-com-os-vereadores-felipe-cezar-e-andre-carvalho\/\" data-text=\"LIVE 117 \u2013 \u201cCOMPESA e Visita do Governador\u201d \u2013 com os vereadores Felipe Cezar e Andr\u00e9 Carvalho.\" data-desc=\"Hoje (06), para falarmos dos\u00a0 \u201c Investimentos da COMPESA e da recente passagem do Governador Paulo C\u00e2mara por Vit\u00f3ria\u201d,\u00a0 recebemos o deputado Henrique Filho e os vereadores Andr\u00e9 Carvalho e Felipe Cezar.\u00a0 \u00a0 \u00a0 Na recente live que produzimos, real\u00e7ando a Audi\u00eancia P\u00fablica ocorrida na\" data-image=\"http:\/\/www.blogdopilako.com.br\/wp\/wp-content\/uploads\/2021\/10\/d14f1ad8-b901-4a47-94f5-671642fef1bd-1.jpg\" data-button=\"none\">\n\t\t\t\t\t<img src=\"\/\/www.linksalpha.com\/images\/social_share_button.png\" alt=\"Share\" class=\"linksalpha_image\" \/>\n\t\t\t\t\t<\/a><script type=\"text\/javascript\" src=\"\/\/www.linksalpha.com\/scripts\/loader_iconbox.js?v=2.4\"><\/script><\/span><\/div><p><img loading=\"lazy\" class=\"aligncenter wp-image-134834 size-full\" src=\"http:\/\/www.blogdopilako.com.br\/wp\/wp-content\/uploads\/2021\/10\/d14f1ad8-b901-4a47-94f5-671642fef1bd-1.jpg\" alt=\"\" width=\"1136\" height=\"640\" srcset=\"https:\/\/www.blogdopilako.com.br\/wp\/wp-content\/uploads\/2021\/10\/d14f1ad8-b901-4a47-94f5-671642fef1bd-1.jpg 1136w, https:\/\/www.blogdopilako.com.br\/wp\/wp-content\/uploads\/2021\/10\/d14f1ad8-b901-4a47-94f5-671642fef1bd-1-300x169.jpg 300w, https:\/\/www.blogdopilako.com.br\/wp\/wp-content\/uploads\/2021\/10\/d14f1ad8-b901-4a47-94f5-671642fef1bd-1-1024x577.jpg 1024w, https:\/\/www.blogdopilako.com.br\/wp\/wp-content\/uploads\/2021\/10\/d14f1ad8-b901-4a47-94f5-671642fef1bd-1-768x433.jpg 768w, https:\/\/www.blogdopilako.com.br\/wp\/wp-content\/uploads\/2021\/10\/d14f1ad8-b901-4a47-94f5-671642fef1bd-1-500x282.jpg 500w\" sizes=\"(max-width: 1136px) 100vw, 1136px\" \/><\/p>\n<p style=\"text-align: justify;\">Hoje (06), para falarmos dos\u00a0 <strong>\u201c Investimentos da COMPESA e da recente passagem do Governador Paulo C\u00e2mara por Vit\u00f3ria\u201d<\/strong>,\u00a0 recebemos <strong>o deputado Henrique Filho e os vereadores Andr\u00e9 Carvalho e Felipe Cezar.\u00a0 \u00a0 \u00a0<\/strong><\/p>\n<p style=\"text-align: justify;\">Na recente live que produzimos, real\u00e7ando a Audi\u00eancia P\u00fablica ocorrida na C\u00e2mara de Vereadores da Vit\u00f3ria sobre a COMPESA, alguns temas foram levantados que carecia de maiores esclarecimentos. Assim sendo, no sentido de ampliarmos o debate, al\u00e9m dos dois vereadores &#8211; Andr\u00e9 Carvalho e Felipe Cezar &#8211; o deputado Henrique Filho, \u00fanico deputado da cidade a participar presencialmente das discuss\u00f5es, foi convidado para a live de hoje.<\/p>\n<p style=\"text-align: justify;\">Na ocasi\u00e3o, o vereador Andr\u00e9 Carvalho pontuou pelo falta de pol\u00edtica de estado do atual governador. Felipe Cezar, real\u00e7ou, entre outras coisas, o abismo da seguran\u00e7a p\u00fablica na Vit\u00f3ria. J\u00e1 o deputado Henrique Filho, lembrou dos seus esfor\u00e7os na efetiva\u00e7\u00e3o de alguns investimentos do governo em nossa cidade dizendo, que na medida do poss\u00edvel, o governador Paulo C\u00e2mara vem promovendo uma pol\u00edtica fiscal r\u00edgida e respons\u00e1vel.<\/p>\n<p style=\"text-align: justify;\"><strong>ASSISTA A LIVE COMPLETA AQUI.<\/strong><\/p>\n<p><iframe loading=\"lazy\" title=\"LIVE - COMPESA E VISTA DO GOVERNADOR - FELIPE E ANDR\u00c9.\" width=\"584\" height=\"329\" src=\"https:\/\/www.youtube.com\/embed\/ZU_ZVtpLPbw?feature=oembed\" frameborder=\"0\" allow=\"accelerometer; autoplay; clipboard-write; encrypted-media; gyroscope; picture-in-picture\" allowfullscreen><\/iframe><\/p>\n<p><img loading=\"lazy\" class=\"aligncenter wp-image-134835 size-large\" src=\"http:\/\/www.blogdopilako.com.br\/wp\/wp-content\/uploads\/2021\/10\/Pix-arte-final-2-51-1024x401.png\" alt=\"\" width=\"584\" height=\"229\" srcset=\"https:\/\/www.blogdopilako.com.br\/wp\/wp-content\/uploads\/2021\/10\/Pix-arte-final-2-51-1024x401.png 1024w, https:\/\/www.blogdopilako.com.br\/wp\/wp-content\/uploads\/2021\/10\/Pix-arte-final-2-51-300x117.png 300w, https:\/\/www.blogdopilako.com.br\/wp\/wp-content\/uploads\/2021\/10\/Pix-arte-final-2-51-768x301.png 768w, https:\/\/www.blogdopilako.com.br\/wp\/wp-content\/uploads\/2021\/10\/Pix-arte-final-2-51-1536x601.png 1536w, https:\/\/www.blogdopilako.com.br\/wp\/wp-content\/uploads\/2021\/10\/Pix-arte-final-2-51-2048x802.png 2048w, https:\/\/www.blogdopilako.com.br\/wp\/wp-content\/uploads\/2021\/10\/Pix-arte-final-2-51-500x196.png 500w\" sizes=\"(max-width: 584px) 100vw, 584px\" \/><\/p>\n\n\t\t\t\t<div class=\"mr_social_sharing_wrapper\">\n\t\t\t\t<!-- Social Sharing Toolkit v2.2 --><span class=\"mr_social_sharing_top\"><span style=\"display: inline-block; width: 55px; height: 62px; overflow: hidden;\"><div class=\"fb-like\" data-href=\"https:\/\/www.blogdopilako.com.br\/wp\/2021\/10\/29\/live-117-compesa-e-visita-do-governador-com-os-vereadores-felipe-cezar-e-andre-carvalho\/\" data-send=\"false\" data-layout=\"box_count\" data-width=\"55\" data-show-faces=\"false\"><\/div><\/span><\/span><span class=\"mr_social_sharing_top\"><fb:share-button type=\"box_count\" href=\"https:\/\/www.blogdopilako.com.br\/wp\/2021\/10\/29\/live-117-compesa-e-visita-do-governador-com-os-vereadores-felipe-cezar-e-andre-carvalho\/\"><\/fb:share-button><\/span><span class=\"mr_social_sharing\"><a rel=\"nofollow\" class=\"linksalpha_button linksalpha_link\" href=\"\/\/www.linksalpha.com\/social\/mobile\" data-url=\"https:\/\/www.blogdopilako.com.br\/wp\/2021\/10\/29\/live-117-compesa-e-visita-do-governador-com-os-vereadores-felipe-cezar-e-andre-carvalho\/\" data-text=\"LIVE 117 \u2013 \u201cCOMPESA e Visita do Governador\u201d \u2013 com os vereadores Felipe Cezar e Andr\u00e9 Carvalho.\" data-desc=\"Hoje (06), para falarmos dos\u00a0 \u201c Investimentos da COMPESA e da recente passagem do Governador Paulo C\u00e2mara por Vit\u00f3ria\u201d,\u00a0 recebemos o deputado Henrique Filho e os vereadores Andr\u00e9 Carvalho e Felipe Cezar.\u00a0 \u00a0 \u00a0 Na recente live que produzimos, real\u00e7ando a Audi\u00eancia P\u00fablica ocorrida na\" data-image=\"http:\/\/www.blogdopilako.com.br\/wp\/wp-content\/uploads\/2021\/10\/d14f1ad8-b901-4a47-94f5-671642fef1bd-1.jpg\" data-button=\"none\">\n\t\t\t\t\t<img src=\"\/\/www.linksalpha.com\/images\/social_share_button.png\" alt=\"Share\" class=\"linksalpha_image\" \/>\n\t\t\t\t\t<\/a><script type=\"text\/javascript\" src=\"\/\/www.linksalpha.com\/scripts\/loader_iconbox.js?v=2.4\"><\/script><\/span><\/div>","protected":false},"excerpt":{"rendered":"\n\t\t\t\t<div class=\"mr_social_sharing_wrapper\">\n\t\t\t\t<!-- Social Sharing Toolkit v2.2 --><span class=\"mr_social_sharing_top\"><span style=\"display: inline-block; width: 55px; height: 62px; overflow: hidden;\"><div class=\"fb-like\" data-href=\"https:\/\/www.blogdopilako.com.br\/wp\/2021\/10\/29\/live-117-compesa-e-visita-do-governador-com-os-vereadores-felipe-cezar-e-andre-carvalho\/\" data-send=\"false\" data-layout=\"box_count\" data-width=\"55\" data-show-faces=\"false\"><\/div><\/span><\/span><span class=\"mr_social_sharing_top\"><fb:share-button type=\"box_count\" href=\"https:\/\/www.blogdopilako.com.br\/wp\/2021\/10\/29\/live-117-compesa-e-visita-do-governador-com-os-vereadores-felipe-cezar-e-andre-carvalho\/\"><\/fb:share-button><\/span><span class=\"mr_social_sharing\"><a rel=\"nofollow\" class=\"linksalpha_button linksalpha_link\" href=\"\/\/www.linksalpha.com\/social\/mobile\" data-url=\"https:\/\/www.blogdopilako.com.br\/wp\/2021\/10\/29\/live-117-compesa-e-visita-do-governador-com-os-vereadores-felipe-cezar-e-andre-carvalho\/\" data-text=\"LIVE 117 \u2013 \u201cCOMPESA e Visita do Governador\u201d \u2013 com os vereadores Felipe Cezar e Andr\u00e9 Carvalho.\" data-desc=\"Hoje (06), para falarmos dos\u00a0 \u201c Investimentos da COMPESA e da recente passagem do Governador Paulo C\u00e2mara por Vit\u00f3ria\u201d,\u00a0 recebemos o deputado Henrique Filho e os vereadores Andr\u00e9 Carvalho e Felipe Cezar.\u00a0 \u00a0 \u00a0 Na recente live que produzimos, real\u00e7ando a Audi\u00eancia P\u00fablica ocorrida na\" data-image=\"\" data-button=\"none\">\n\t\t\t\t\t<img src=\"\/\/www.linksalpha.com\/images\/social_share_button.png\" alt=\"Share\" class=\"linksalpha_image\" \/>\n\t\t\t\t\t<\/a><script type=\"text\/javascript\" src=\"\/\/www.linksalpha.com\/scripts\/loader_iconbox.js?v=2.4\"><\/script><\/span><\/div><p>Hoje (06), para falarmos dos\u00a0 \u201c Investimentos da COMPESA e da recente passagem do Governador Paulo C\u00e2mara por Vit\u00f3ria\u201d,\u00a0 recebemos o deputado Henrique Filho e os vereadores Andr\u00e9 Carvalho e Felipe Cezar.\u00a0 \u00a0 \u00a0 Na recente live que produzimos, real\u00e7ando &hellip; <a href=\"https:\/\/www.blogdopilako.com.br\/wp\/2021\/10\/29\/live-117-compesa-e-visita-do-governador-com-os-vereadores-felipe-cezar-e-andre-carvalho\/\">Continue lendo <span class=\"meta-nav\">&rarr;<\/span><\/a><\/p>\n\n\t\t\t\t<div class=\"mr_social_sharing_wrapper\">\n\t\t\t\t<!-- Social Sharing Toolkit v2.2 --><span class=\"mr_social_sharing_top\"><span style=\"display: inline-block; width: 55px; height: 62px; overflow: hidden;\"><div class=\"fb-like\" data-href=\"https:\/\/www.blogdopilako.com.br\/wp\/2021\/10\/29\/live-117-compesa-e-visita-do-governador-com-os-vereadores-felipe-cezar-e-andre-carvalho\/\" data-send=\"false\" data-layout=\"box_count\" data-width=\"55\" data-show-faces=\"false\"><\/div><\/span><\/span><span class=\"mr_social_sharing_top\"><fb:share-button type=\"box_count\" href=\"https:\/\/www.blogdopilako.com.br\/wp\/2021\/10\/29\/live-117-compesa-e-visita-do-governador-com-os-vereadores-felipe-cezar-e-andre-carvalho\/\"><\/fb:share-button><\/span><span class=\"mr_social_sharing\"><a rel=\"nofollow\" class=\"linksalpha_button linksalpha_link\" href=\"\/\/www.linksalpha.com\/social\/mobile\" data-url=\"https:\/\/www.blogdopilako.com.br\/wp\/2021\/10\/29\/live-117-compesa-e-visita-do-governador-com-os-vereadores-felipe-cezar-e-andre-carvalho\/\" data-text=\"LIVE 117 \u2013 \u201cCOMPESA e Visita do Governador\u201d \u2013 com os vereadores Felipe Cezar e Andr\u00e9 Carvalho.\" data-desc=\"Hoje (06), para falarmos dos\u00a0 \u201c Investimentos da COMPESA e da recente passagem do Governador Paulo C\u00e2mara por Vit\u00f3ria\u201d,\u00a0 recebemos o deputado Henrique Filho e os vereadores Andr\u00e9 Carvalho e Felipe Cezar.\u00a0 \u00a0 \u00a0 Na recente live que produzimos, real\u00e7ando a Audi\u00eancia P\u00fablica ocorrida na\" data-image=\"\" data-button=\"none\">\n\t\t\t\t\t<img src=\"\/\/www.linksalpha.com\/images\/social_share_button.png\" alt=\"Share\" class=\"linksalpha_image\" \/>\n\t\t\t\t\t<\/a><script type=\"text\/javascript\" src=\"\/\/www.linksalpha.com\/scripts\/loader_iconbox.js?v=2.4\"><\/script><\/span><\/div>","protected":false},"author":2,"featured_media":0,"comment_status":"open","ping_status":"open","sticky":false,"template":"","format":"standard","meta":[],"categories":[21,1],"tags":[],"_links":{"self":[{"href":"https:\/\/www.blogdopilako.com.br\/wp\/wp-json\/wp\/v2\/posts\/134830"}],"collection":[{"href":"https:\/\/www.blogdopilako.com.br\/wp\/wp-json\/wp\/v2\/posts"}],"about":[{"href":"https:\/\/www.blogdopilako.com.br\/wp\/wp-json\/wp\/v2\/types\/post"}],"author":[{"embeddable":true,"href":"https:\/\/www.blogdopilako.com.br\/wp\/wp-json\/wp\/v2\/users\/2"}],"replies":[{"embeddable":true,"href":"https:\/\/www.blogdopilako.com.br\/wp\/wp-json\/wp\/v2\/comments?post=134830"}],"version-history":[{"count":3,"href":"https:\/\/www.blogdopilako.com.br\/wp\/wp-json\/wp\/v2\/posts\/134830\/revisions"}],"predecessor-version":[{"id":134836,"href":"https:\/\/www.blogdopilako.com.br\/wp\/wp-json\/wp\/v2\/posts\/134830\/revisions\/134836"}],"wp:attachment":[{"href":"https:\/\/www.blogdopilako.com.br\/wp\/wp-json\/wp\/v2\/media?parent=134830"}],"wp:term":[{"taxonomy":"category","embeddable":true,"href":"https:\/\/www.blogdopilako.com.br\/wp\/wp-json\/wp\/v2\/categories?post=134830"},{"taxonomy":"post_tag","embeddable":true,"href":"https:\/\/www.blogdopilako.com.br\/wp\/wp-json\/wp\/v2\/tags?post=134830"}],"curies":[{"name":"wp","href":"https:\/\/api.w.org\/{rel}","templated":true}]}}