{"id":133104,"date":"2021-05-28T10:52:35","date_gmt":"2021-05-28T13:52:35","guid":{"rendered":"http:\/\/www.blogdopilako.com.br\/wp\/?p=133104"},"modified":"2021-05-28T10:52:35","modified_gmt":"2021-05-28T13:52:35","slug":"ha-209-anos-fomos-elevados-a-vila-de-santo-antao","status":"publish","type":"post","link":"https:\/\/www.blogdopilako.com.br\/wp\/2021\/05\/28\/ha-209-anos-fomos-elevados-a-vila-de-santo-antao\/","title":{"rendered":"H\u00e1 209 anos fomos elevados \u00e0 Vila de Santo Ant\u00e3o!"},"content":{"rendered":"\n\t\t\t\t<div class=\"mr_social_sharing_wrapper\">\n\t\t\t\t<!-- Social Sharing Toolkit v2.2 --><span class=\"mr_social_sharing_top\"><span style=\"display: inline-block; width: 55px; height: 62px; overflow: hidden;\"><div class=\"fb-like\" data-href=\"https:\/\/www.blogdopilako.com.br\/wp\/2021\/05\/28\/ha-209-anos-fomos-elevados-a-vila-de-santo-antao\/\" data-send=\"false\" data-layout=\"box_count\" data-width=\"55\" data-show-faces=\"false\"><\/div><\/span><\/span><span class=\"mr_social_sharing_top\"><fb:share-button type=\"box_count\" href=\"https:\/\/www.blogdopilako.com.br\/wp\/2021\/05\/28\/ha-209-anos-fomos-elevados-a-vila-de-santo-antao\/\"><\/fb:share-button><\/span><span class=\"mr_social_sharing\"><a rel=\"nofollow\" class=\"linksalpha_button linksalpha_link\" href=\"\/\/www.linksalpha.com\/social\/mobile\" data-url=\"https:\/\/www.blogdopilako.com.br\/wp\/2021\/05\/28\/ha-209-anos-fomos-elevados-a-vila-de-santo-antao\/\" data-text=\"H\u00e1 209 anos fomos elevados \u00e0 Vila de Santo Ant\u00e3o!\" data-desc=\"Hoje, 28 de maio de 2021, exatamente \u00a0h\u00e1 209 anos, nosso lugar \u00a0- ent\u00e3o Freguesia de Santo Ant\u00e3o - efetivava uma mudan\u00e7a na sua estrutura pol\u00edtica\/administrativa\/social que dava inicio, em definitivo, ao que entendemos como \u00a0\u201cfei\u00e7\u00e3o\u201d atual. Foi justamente no dia 28 de maio de 1812 que\" data-image=\"http:\/\/www.blogdopilako.com.br\/wp\/wp-content\/uploads\/2021\/05\/62810920-1c7c-49ee-a7ae-9c45b7e64451.jpg\" data-button=\"none\">\n\t\t\t\t\t<img src=\"\/\/www.linksalpha.com\/images\/social_share_button.png\" alt=\"Share\" class=\"linksalpha_image\" \/>\n\t\t\t\t\t<\/a><script type=\"text\/javascript\" src=\"\/\/www.linksalpha.com\/scripts\/loader_iconbox.js?v=2.4\"><\/script><\/span><\/div><p><a href=\"http:\/\/www.blogdopilako.com.br\/wp\/wp-content\/uploads\/2021\/05\/62810920-1c7c-49ee-a7ae-9c45b7e64451.jpg\"><img loading=\"lazy\" class=\"aligncenter size-full wp-image-133105\" src=\"http:\/\/www.blogdopilako.com.br\/wp\/wp-content\/uploads\/2021\/05\/62810920-1c7c-49ee-a7ae-9c45b7e64451.jpg\" alt=\"\" width=\"800\" height=\"445\" srcset=\"https:\/\/www.blogdopilako.com.br\/wp\/wp-content\/uploads\/2021\/05\/62810920-1c7c-49ee-a7ae-9c45b7e64451.jpg 800w, https:\/\/www.blogdopilako.com.br\/wp\/wp-content\/uploads\/2021\/05\/62810920-1c7c-49ee-a7ae-9c45b7e64451-300x167.jpg 300w, https:\/\/www.blogdopilako.com.br\/wp\/wp-content\/uploads\/2021\/05\/62810920-1c7c-49ee-a7ae-9c45b7e64451-768x427.jpg 768w\" sizes=\"(max-width: 800px) 100vw, 800px\" \/><\/a><\/p>\n<p style=\"text-align: justify;\"><strong>Hoje, 28 de maio de 2021, exatamente \u00a0h\u00e1 209 anos<\/strong>, nosso lugar \u00a0&#8211; ent\u00e3o Freguesia de Santo Ant\u00e3o &#8211; efetivava uma mudan\u00e7a na sua estrutura pol\u00edtica\/administrativa\/social que dava inicio, em definitivo, ao que entendemos como \u00a0\u201cfei\u00e7\u00e3o\u201d atual. <strong>Foi justamente no dia 28 de maio de 1812<\/strong> que demos o nosso grito de \u00a0\u201cindepend\u00eancia\u201d, ou seja: \u00a0fomos\u00a0 elevados \u00e0 categoria de \u00a0<strong>\u201cVila de Santo Ant\u00e3o\u201d.<\/strong><\/p>\n<p style=\"text-align: justify;\">Naquele tempo, por assim dizer, ascender ao patamar de \u201cvila aut\u00f4noma\u201d era tomar as r\u00e9deas do pr\u00f3prio destino. Nessa configura\u00e7\u00e3o (vila), no nosso caso, materializou-se a C\u00e2mara de Vereadores. Eleitos os primeiros vereadores (3),\u00a0 da\u00ed por diante,\u00a0 passamos a ter nessas figuras (vereadores), num s\u00f3 tempo, a encarna\u00e7\u00e3o do poderes constitu\u00eddos, ou seja: <strong>Executivo, Legislativo e Judici\u00e1rio.<\/strong><\/p>\n<p><a href=\"http:\/\/www.blogdopilako.com.br\/wp\/wp-content\/uploads\/2021\/05\/331-2.jpg\"><img loading=\"lazy\" class=\"wp-image-133106 size-thumbnail alignright\" src=\"http:\/\/www.blogdopilako.com.br\/wp\/wp-content\/uploads\/2021\/05\/331-2-150x150.jpg\" alt=\"\" width=\"150\" height=\"150\" \/><\/a><\/p>\n<p style=\"text-align: justify;\">Na \u00e9poca aludida \u2013 <strong>primeiras d\u00e9cadas do s\u00e9culo XIX<\/strong> \u2013 nosso lugar era uma esp\u00e9cie de \u201cterra sem lei\u201d. Ou melhor: vigorava a famosa \u201cLei dos Mais Fortes\u201d- Ali\u00e1s, aqui e acol\u00e1, esse mesmo regramento continua\u00a0 em voga no s\u00e9culo atual. O com\u00e9rcio teve que se adaptar \u00e0s regras gerais. Por exemplo:\u00a0 pesos e medidas tiveram\u00a0 que ser padronizados. Um tempo de muitas mudan\u00e7as e conflitos constantes.<\/p>\n<p style=\"text-align: justify;\">Portanto, se hoje, 28 de maio de 2021, estamos encarando\u00a0 dias com mais decretos (estaduais e municipais) restritivos, por conta das medidas sanit\u00e1rias em fun\u00e7\u00e3o da nova onda de contamina\u00e7\u00e3o pand\u00eamica do novo coronav\u00edrus, lembremos que o mar de incertezas e imposi\u00e7\u00f5es, no nosso lugar,\u00a0 j\u00e1 foi bem maior.<\/p>\n<p style=\"text-align: justify;\"><strong>Para concluir essas \u00a0linhas celebrativas e comemorativas, lembremos que desde o\u00a0 &#8220;tempo lembrando&#8221; j\u00e1 \u00e9ramos antonenses de nascen\u00e7a. \u00a0<\/strong><\/p>\n\n\t\t\t\t<div class=\"mr_social_sharing_wrapper\">\n\t\t\t\t<!-- Social Sharing Toolkit v2.2 --><span class=\"mr_social_sharing_top\"><span style=\"display: inline-block; width: 55px; height: 62px; overflow: hidden;\"><div class=\"fb-like\" data-href=\"https:\/\/www.blogdopilako.com.br\/wp\/2021\/05\/28\/ha-209-anos-fomos-elevados-a-vila-de-santo-antao\/\" data-send=\"false\" data-layout=\"box_count\" data-width=\"55\" data-show-faces=\"false\"><\/div><\/span><\/span><span class=\"mr_social_sharing_top\"><fb:share-button type=\"box_count\" href=\"https:\/\/www.blogdopilako.com.br\/wp\/2021\/05\/28\/ha-209-anos-fomos-elevados-a-vila-de-santo-antao\/\"><\/fb:share-button><\/span><span class=\"mr_social_sharing\"><a rel=\"nofollow\" class=\"linksalpha_button linksalpha_link\" href=\"\/\/www.linksalpha.com\/social\/mobile\" data-url=\"https:\/\/www.blogdopilako.com.br\/wp\/2021\/05\/28\/ha-209-anos-fomos-elevados-a-vila-de-santo-antao\/\" data-text=\"H\u00e1 209 anos fomos elevados \u00e0 Vila de Santo Ant\u00e3o!\" data-desc=\"Hoje, 28 de maio de 2021, exatamente \u00a0h\u00e1 209 anos, nosso lugar \u00a0- ent\u00e3o Freguesia de Santo Ant\u00e3o - efetivava uma mudan\u00e7a na sua estrutura pol\u00edtica\/administrativa\/social que dava inicio, em definitivo, ao que entendemos como \u00a0\u201cfei\u00e7\u00e3o\u201d atual. Foi justamente no dia 28 de maio de 1812 que\" data-image=\"http:\/\/www.blogdopilako.com.br\/wp\/wp-content\/uploads\/2021\/05\/62810920-1c7c-49ee-a7ae-9c45b7e64451.jpg\" data-button=\"none\">\n\t\t\t\t\t<img src=\"\/\/www.linksalpha.com\/images\/social_share_button.png\" alt=\"Share\" class=\"linksalpha_image\" \/>\n\t\t\t\t\t<\/a><script type=\"text\/javascript\" src=\"\/\/www.linksalpha.com\/scripts\/loader_iconbox.js?v=2.4\"><\/script><\/span><\/div>","protected":false},"excerpt":{"rendered":"\n\t\t\t\t<div class=\"mr_social_sharing_wrapper\">\n\t\t\t\t<!-- Social Sharing Toolkit v2.2 --><span class=\"mr_social_sharing_top\"><span style=\"display: inline-block; width: 55px; height: 62px; overflow: hidden;\"><div class=\"fb-like\" data-href=\"https:\/\/www.blogdopilako.com.br\/wp\/2021\/05\/28\/ha-209-anos-fomos-elevados-a-vila-de-santo-antao\/\" data-send=\"false\" data-layout=\"box_count\" data-width=\"55\" data-show-faces=\"false\"><\/div><\/span><\/span><span class=\"mr_social_sharing_top\"><fb:share-button type=\"box_count\" href=\"https:\/\/www.blogdopilako.com.br\/wp\/2021\/05\/28\/ha-209-anos-fomos-elevados-a-vila-de-santo-antao\/\"><\/fb:share-button><\/span><span class=\"mr_social_sharing\"><a rel=\"nofollow\" class=\"linksalpha_button linksalpha_link\" href=\"\/\/www.linksalpha.com\/social\/mobile\" data-url=\"https:\/\/www.blogdopilako.com.br\/wp\/2021\/05\/28\/ha-209-anos-fomos-elevados-a-vila-de-santo-antao\/\" data-text=\"H\u00e1 209 anos fomos elevados \u00e0 Vila de Santo Ant\u00e3o!\" data-desc=\"Hoje, 28 de maio de 2021, exatamente \u00a0h\u00e1 209 anos, nosso lugar \u00a0- ent\u00e3o Freguesia de Santo Ant\u00e3o - efetivava uma mudan\u00e7a na sua estrutura pol\u00edtica\/administrativa\/social que dava inicio, em definitivo, ao que entendemos como \u00a0\u201cfei\u00e7\u00e3o\u201d atual. Foi justamente no dia 28 de maio de 1812 que\" data-image=\"\" data-button=\"none\">\n\t\t\t\t\t<img src=\"\/\/www.linksalpha.com\/images\/social_share_button.png\" alt=\"Share\" class=\"linksalpha_image\" \/>\n\t\t\t\t\t<\/a><script type=\"text\/javascript\" src=\"\/\/www.linksalpha.com\/scripts\/loader_iconbox.js?v=2.4\"><\/script><\/span><\/div><p>Hoje, 28 de maio de 2021, exatamente \u00a0h\u00e1 209 anos, nosso lugar \u00a0&#8211; ent\u00e3o Freguesia de Santo Ant\u00e3o &#8211; efetivava uma mudan\u00e7a na sua estrutura pol\u00edtica\/administrativa\/social que dava inicio, em definitivo, ao que entendemos como \u00a0\u201cfei\u00e7\u00e3o\u201d atual. Foi justamente no &hellip; <a href=\"https:\/\/www.blogdopilako.com.br\/wp\/2021\/05\/28\/ha-209-anos-fomos-elevados-a-vila-de-santo-antao\/\">Continue lendo <span class=\"meta-nav\">&rarr;<\/span><\/a><\/p>\n\n\t\t\t\t<div class=\"mr_social_sharing_wrapper\">\n\t\t\t\t<!-- Social Sharing Toolkit v2.2 --><span class=\"mr_social_sharing_top\"><span style=\"display: inline-block; width: 55px; height: 62px; overflow: hidden;\"><div class=\"fb-like\" data-href=\"https:\/\/www.blogdopilako.com.br\/wp\/2021\/05\/28\/ha-209-anos-fomos-elevados-a-vila-de-santo-antao\/\" data-send=\"false\" data-layout=\"box_count\" data-width=\"55\" data-show-faces=\"false\"><\/div><\/span><\/span><span class=\"mr_social_sharing_top\"><fb:share-button type=\"box_count\" href=\"https:\/\/www.blogdopilako.com.br\/wp\/2021\/05\/28\/ha-209-anos-fomos-elevados-a-vila-de-santo-antao\/\"><\/fb:share-button><\/span><span class=\"mr_social_sharing\"><a rel=\"nofollow\" class=\"linksalpha_button linksalpha_link\" href=\"\/\/www.linksalpha.com\/social\/mobile\" data-url=\"https:\/\/www.blogdopilako.com.br\/wp\/2021\/05\/28\/ha-209-anos-fomos-elevados-a-vila-de-santo-antao\/\" data-text=\"H\u00e1 209 anos fomos elevados \u00e0 Vila de Santo Ant\u00e3o!\" data-desc=\"Hoje, 28 de maio de 2021, exatamente \u00a0h\u00e1 209 anos, nosso lugar \u00a0- ent\u00e3o Freguesia de Santo Ant\u00e3o - efetivava uma mudan\u00e7a na sua estrutura pol\u00edtica\/administrativa\/social que dava inicio, em definitivo, ao que entendemos como \u00a0\u201cfei\u00e7\u00e3o\u201d atual. Foi justamente no dia 28 de maio de 1812 que\" data-image=\"\" data-button=\"none\">\n\t\t\t\t\t<img src=\"\/\/www.linksalpha.com\/images\/social_share_button.png\" alt=\"Share\" class=\"linksalpha_image\" \/>\n\t\t\t\t\t<\/a><script type=\"text\/javascript\" src=\"\/\/www.linksalpha.com\/scripts\/loader_iconbox.js?v=2.4\"><\/script><\/span><\/div>","protected":false},"author":2,"featured_media":0,"comment_status":"open","ping_status":"open","sticky":false,"template":"","format":"standard","meta":[],"categories":[21],"tags":[],"_links":{"self":[{"href":"https:\/\/www.blogdopilako.com.br\/wp\/wp-json\/wp\/v2\/posts\/133104"}],"collection":[{"href":"https:\/\/www.blogdopilako.com.br\/wp\/wp-json\/wp\/v2\/posts"}],"about":[{"href":"https:\/\/www.blogdopilako.com.br\/wp\/wp-json\/wp\/v2\/types\/post"}],"author":[{"embeddable":true,"href":"https:\/\/www.blogdopilako.com.br\/wp\/wp-json\/wp\/v2\/users\/2"}],"replies":[{"embeddable":true,"href":"https:\/\/www.blogdopilako.com.br\/wp\/wp-json\/wp\/v2\/comments?post=133104"}],"version-history":[{"count":1,"href":"https:\/\/www.blogdopilako.com.br\/wp\/wp-json\/wp\/v2\/posts\/133104\/revisions"}],"predecessor-version":[{"id":133107,"href":"https:\/\/www.blogdopilako.com.br\/wp\/wp-json\/wp\/v2\/posts\/133104\/revisions\/133107"}],"wp:attachment":[{"href":"https:\/\/www.blogdopilako.com.br\/wp\/wp-json\/wp\/v2\/media?parent=133104"}],"wp:term":[{"taxonomy":"category","embeddable":true,"href":"https:\/\/www.blogdopilako.com.br\/wp\/wp-json\/wp\/v2\/categories?post=133104"},{"taxonomy":"post_tag","embeddable":true,"href":"https:\/\/www.blogdopilako.com.br\/wp\/wp-json\/wp\/v2\/tags?post=133104"}],"curies":[{"name":"wp","href":"https:\/\/api.w.org\/{rel}","templated":true}]}}