{"id":132911,"date":"2021-05-06T17:03:16","date_gmt":"2021-05-06T20:03:16","guid":{"rendered":"http:\/\/www.blogdopilako.com.br\/wp\/?p=132911"},"modified":"2021-05-06T20:02:34","modified_gmt":"2021-05-06T23:02:34","slug":"live-99-ao-vivo-projeto-maio-antonense-aniversario-da-cidade-com-o-prefeito-paulo-roberto-e-o-jornalista-jose-edalvo","status":"publish","type":"post","link":"https:\/\/www.blogdopilako.com.br\/wp\/2021\/05\/06\/live-99-ao-vivo-projeto-maio-antonense-aniversario-da-cidade-com-o-prefeito-paulo-roberto-e-o-jornalista-jose-edalvo\/","title":{"rendered":"LIVE 99 &#8211; ao vivo &#8211; Projeto \u201cMaio Antonense\u201d \u2013 Anivers\u00e1rio da Cidade \u2013 com o prefeito Paulo Roberto e o jornalista Jos\u00e9 Edalvo."},"content":{"rendered":"\n\t\t\t\t<div class=\"mr_social_sharing_wrapper\">\n\t\t\t\t<!-- Social Sharing Toolkit v2.2 --><span class=\"mr_social_sharing_top\"><span style=\"display: inline-block; width: 55px; height: 62px; overflow: hidden;\"><div class=\"fb-like\" data-href=\"https:\/\/www.blogdopilako.com.br\/wp\/2021\/05\/06\/live-99-ao-vivo-projeto-maio-antonense-aniversario-da-cidade-com-o-prefeito-paulo-roberto-e-o-jornalista-jose-edalvo\/\" data-send=\"false\" data-layout=\"box_count\" data-width=\"55\" data-show-faces=\"false\"><\/div><\/span><\/span><span class=\"mr_social_sharing_top\"><fb:share-button type=\"box_count\" href=\"https:\/\/www.blogdopilako.com.br\/wp\/2021\/05\/06\/live-99-ao-vivo-projeto-maio-antonense-aniversario-da-cidade-com-o-prefeito-paulo-roberto-e-o-jornalista-jose-edalvo\/\"><\/fb:share-button><\/span><span class=\"mr_social_sharing\"><a rel=\"nofollow\" class=\"linksalpha_button linksalpha_link\" href=\"\/\/www.linksalpha.com\/social\/mobile\" data-url=\"https:\/\/www.blogdopilako.com.br\/wp\/2021\/05\/06\/live-99-ao-vivo-projeto-maio-antonense-aniversario-da-cidade-com-o-prefeito-paulo-roberto-e-o-jornalista-jose-edalvo\/\" data-text=\"LIVE 99 \u2013 ao vivo \u2013 Projeto \u201cMaio Antonense\u201d \u2013 Anivers\u00e1rio da Cidade \u2013 com o prefeito Paulo Roberto e o jornalista Jos\u00e9 Edalvo.\" data-desc=\"Dentro do Projeto \u201cMaio Antonese\u201d\u00a0\u2013\u00a0o m\u00eas azul e branco produzimos na tarde de hoje, \u00a0a segunda\u00a0 \u201cLive\u201d- ANIVERS\u00c1RIO DA CIDADE.\u00a0 Nela, em primeiro lugar, justificamos a n\u00e3o presen\u00e7a do eminente vitoriense Gustavo Krause, antes anunciada. Mais uma vez, sintonizamos o internauta\" data-image=\"http:\/\/www.blogdopilako.com.br\/wp\/wp-content\/uploads\/2021\/05\/8e748771-b4c7-41e3-bdf4-3c0b8f7abe53-1024x577.jpg\" data-button=\"none\">\n\t\t\t\t\t<img src=\"\/\/www.linksalpha.com\/images\/social_share_button.png\" alt=\"Share\" class=\"linksalpha_image\" \/>\n\t\t\t\t\t<\/a><script type=\"text\/javascript\" src=\"\/\/www.linksalpha.com\/scripts\/loader_iconbox.js?v=2.4\"><\/script><\/span><\/div><p><a href=\"http:\/\/www.blogdopilako.com.br\/wp\/wp-content\/uploads\/2021\/05\/8e748771-b4c7-41e3-bdf4-3c0b8f7abe53.jpg\"><img loading=\"lazy\" class=\"aligncenter size-large wp-image-132914\" src=\"http:\/\/www.blogdopilako.com.br\/wp\/wp-content\/uploads\/2021\/05\/8e748771-b4c7-41e3-bdf4-3c0b8f7abe53-1024x577.jpg\" alt=\"\" width=\"640\" height=\"361\" srcset=\"https:\/\/www.blogdopilako.com.br\/wp\/wp-content\/uploads\/2021\/05\/8e748771-b4c7-41e3-bdf4-3c0b8f7abe53-1024x577.jpg 1024w, https:\/\/www.blogdopilako.com.br\/wp\/wp-content\/uploads\/2021\/05\/8e748771-b4c7-41e3-bdf4-3c0b8f7abe53-300x169.jpg 300w, https:\/\/www.blogdopilako.com.br\/wp\/wp-content\/uploads\/2021\/05\/8e748771-b4c7-41e3-bdf4-3c0b8f7abe53-768x433.jpg 768w, https:\/\/www.blogdopilako.com.br\/wp\/wp-content\/uploads\/2021\/05\/8e748771-b4c7-41e3-bdf4-3c0b8f7abe53.jpg 1136w\" sizes=\"(max-width: 640px) 100vw, 640px\" \/><\/a><\/p>\n<p style=\"text-align: justify;\"><strong>Dentro do Projeto \u201cMaio Antonese\u201d<\/strong>\u00a0\u2013\u00a0<strong>o m\u00eas azul e branco<\/strong> produzimos na tarde de hoje, \u00a0a segunda\u00a0 \u201cLive\u201d-<strong> ANIVERS\u00c1RIO DA CIDADE<\/strong>.\u00a0 Nela, em primeiro lugar, justificamos a n\u00e3o presen\u00e7a do eminente vitoriense Gustavo Krause, antes anunciada. Mais uma vez, sintonizamos o internauta sobre o nosso projeto &#8211; &#8220;Maio Antonense&#8221; &#8211; o m\u00eas azul e branco.<\/p>\n<p><strong>Apoio cultural:\u00a0<\/strong><\/p>\n<p><a href=\"http:\/\/www.blogdopilako.com.br\/wp\/wp-content\/uploads\/2021\/05\/Brasao-do-Instituto-1-2.jpg\"><img loading=\"lazy\" class=\"aligncenter wp-image-132915 size-medium\" src=\"http:\/\/www.blogdopilako.com.br\/wp\/wp-content\/uploads\/2021\/05\/Brasao-do-Instituto-1-2-279x300.jpg\" alt=\"\" width=\"279\" height=\"300\" srcset=\"https:\/\/www.blogdopilako.com.br\/wp\/wp-content\/uploads\/2021\/05\/Brasao-do-Instituto-1-2-279x300.jpg 279w, https:\/\/www.blogdopilako.com.br\/wp\/wp-content\/uploads\/2021\/05\/Brasao-do-Instituto-1-2-952x1024.jpg 952w, https:\/\/www.blogdopilako.com.br\/wp\/wp-content\/uploads\/2021\/05\/Brasao-do-Instituto-1-2-768x826.jpg 768w, https:\/\/www.blogdopilako.com.br\/wp\/wp-content\/uploads\/2021\/05\/Brasao-do-Instituto-1-2-1428x1536.jpg 1428w, https:\/\/www.blogdopilako.com.br\/wp\/wp-content\/uploads\/2021\/05\/Brasao-do-Instituto-1-2-1903x2048.jpg 1903w, https:\/\/www.blogdopilako.com.br\/wp\/wp-content\/uploads\/2021\/05\/Brasao-do-Instituto-1-2.jpg 1922w\" sizes=\"(max-width: 279px) 100vw, 279px\" \/><\/a><\/p>\n<p style=\"text-align: justify;\">O presidente do Instituto hist\u00f3rico e Geogr\u00e1fico, <strong>professor Pedro Ferrer<\/strong>, na sua introdu\u00e7\u00e3o, real\u00e7ou sobre alguns\u00a0 detalhes da nossa hist\u00f3ria, sobretudo nos temas relacionados ao nosso anivers\u00e1rio &#8211; <strong>178 anos de eleva\u00e7\u00e3o \u00e0 categoria de cidade.<\/strong><\/p>\n<p><strong>Patrocinador:<\/strong><\/p>\n<p><a href=\"http:\/\/www.blogdopilako.com.br\/wp\/wp-content\/uploads\/2021\/05\/Logo-da-Prefeitura-1-2.jpg\"><img loading=\"lazy\" class=\"aligncenter wp-image-132916 size-medium\" src=\"http:\/\/www.blogdopilako.com.br\/wp\/wp-content\/uploads\/2021\/05\/Logo-da-Prefeitura-1-2-300x257.jpg\" alt=\"\" width=\"300\" height=\"257\" srcset=\"https:\/\/www.blogdopilako.com.br\/wp\/wp-content\/uploads\/2021\/05\/Logo-da-Prefeitura-1-2-300x257.jpg 300w, https:\/\/www.blogdopilako.com.br\/wp\/wp-content\/uploads\/2021\/05\/Logo-da-Prefeitura-1-2-1024x878.jpg 1024w, https:\/\/www.blogdopilako.com.br\/wp\/wp-content\/uploads\/2021\/05\/Logo-da-Prefeitura-1-2-768x658.jpg 768w, https:\/\/www.blogdopilako.com.br\/wp\/wp-content\/uploads\/2021\/05\/Logo-da-Prefeitura-1-2-1536x1317.jpg 1536w, https:\/\/www.blogdopilako.com.br\/wp\/wp-content\/uploads\/2021\/05\/Logo-da-Prefeitura-1-2.jpg 1634w\" sizes=\"(max-width: 300px) 100vw, 300px\" \/><\/a><\/p>\n<p style=\"text-align: justify;\">O jornalista<strong> Jos\u00e9 Edalvo<\/strong>, que antecipou sua participa\u00e7\u00e3o (programada para outra live), no sentido de contribuir para a\u00a0 &#8220;live&#8221; de hoje, relembrou seu primeiro encontro com o ilustre vitoriense\u00a0 Gustavo Krause. Expressou\u00a0 sua alegria por participar desse evento, relembrando v\u00e1rios fatos hist\u00f3ricos, principalmente\u00a0 \u00e0s comemora\u00e7\u00f5es ocorridas 1943, por ocasi\u00e3o do centen\u00e1rio desse acontecimento &#8211; anivers\u00e1rio da cidade.<\/p>\n<p><strong>Patrocinador:<\/strong><\/p>\n<p><a href=\"http:\/\/www.blogdopilako.com.br\/wp\/wp-content\/uploads\/2021\/05\/Logo-Ferrer-Diagnostico1-2.jpg\"><img loading=\"lazy\" class=\"aligncenter wp-image-132917 size-medium\" src=\"http:\/\/www.blogdopilako.com.br\/wp\/wp-content\/uploads\/2021\/05\/Logo-Ferrer-Diagnostico1-2-300x271.jpg\" alt=\"\" width=\"300\" height=\"271\" srcset=\"https:\/\/www.blogdopilako.com.br\/wp\/wp-content\/uploads\/2021\/05\/Logo-Ferrer-Diagnostico1-2-300x271.jpg 300w, https:\/\/www.blogdopilako.com.br\/wp\/wp-content\/uploads\/2021\/05\/Logo-Ferrer-Diagnostico1-2-1024x926.jpg 1024w, https:\/\/www.blogdopilako.com.br\/wp\/wp-content\/uploads\/2021\/05\/Logo-Ferrer-Diagnostico1-2-768x695.jpg 768w, https:\/\/www.blogdopilako.com.br\/wp\/wp-content\/uploads\/2021\/05\/Logo-Ferrer-Diagnostico1-2.jpg 1491w\" sizes=\"(max-width: 300px) 100vw, 300px\" \/><\/a><\/p>\n<p style=\"text-align: justify;\">J\u00e1 o prefeito <strong>Paulo Roberto<\/strong>, ao se dirigir diretamente ao internauta, lamentou n\u00e3o poder celebrar essa data de maneira festiva, em fun\u00e7\u00e3o dos impedimentos sanit\u00e1rios por conta do momento pand\u00eamico. Sobre a gest\u00e3o na cultura, garantiu Paulo, ser\u00e1 uma das marcas mais salientes do seu governo. Concluiu sua participa\u00e7\u00e3o, produzindo uma mensagem de otimismo visando \u00e0s pr\u00f3ximas comemora\u00e7\u00f5es marcantes e hist\u00f3ricas da nossa cidade, claro, quando estivermos livres da pandemia.<\/p>\n<p style=\"text-align: justify;\"><strong>A pr\u00f3xima LIVE, dentro do Projeto \u201cMaio Antonense\u201d \u2013 o m\u00eas azul e branco, acontecer\u00e1 na pr\u00f3xima quinta-feira, dia 13, e ter\u00e1 como tema central a nossa &#8220;autonomia jur\u00eddica&#8221;, ocorrida em 20 de maio de 1833. Na qualidade de convidados, teremos mais dois ilustres conterr\u00e2neos &#8211;\u00a0 Alu\u00edzio Xavier e Washington Amorim.\u00a0<\/strong><\/p>\n<p style=\"text-align: justify;\"><strong>ASSISTA A LIVE COMPLETA AQUI.\u00a0<\/strong><\/p>\n<p><iframe loading=\"lazy\" title=\"LIVE - &quot;MAIO ANTONENSE&quot;. COM PAULO ROBERTO E EDALVO.\" width=\"584\" height=\"329\" src=\"https:\/\/www.youtube.com\/embed\/yDVn-_xbXnI?feature=oembed\" frameborder=\"0\" allow=\"accelerometer; autoplay; clipboard-write; encrypted-media; gyroscope; picture-in-picture\" allowfullscreen><\/iframe><\/p>\n\n\t\t\t\t<div class=\"mr_social_sharing_wrapper\">\n\t\t\t\t<!-- Social Sharing Toolkit v2.2 --><span class=\"mr_social_sharing_top\"><span style=\"display: inline-block; width: 55px; height: 62px; overflow: hidden;\"><div class=\"fb-like\" data-href=\"https:\/\/www.blogdopilako.com.br\/wp\/2021\/05\/06\/live-99-ao-vivo-projeto-maio-antonense-aniversario-da-cidade-com-o-prefeito-paulo-roberto-e-o-jornalista-jose-edalvo\/\" data-send=\"false\" data-layout=\"box_count\" data-width=\"55\" data-show-faces=\"false\"><\/div><\/span><\/span><span class=\"mr_social_sharing_top\"><fb:share-button type=\"box_count\" href=\"https:\/\/www.blogdopilako.com.br\/wp\/2021\/05\/06\/live-99-ao-vivo-projeto-maio-antonense-aniversario-da-cidade-com-o-prefeito-paulo-roberto-e-o-jornalista-jose-edalvo\/\"><\/fb:share-button><\/span><span class=\"mr_social_sharing\"><a rel=\"nofollow\" class=\"linksalpha_button linksalpha_link\" href=\"\/\/www.linksalpha.com\/social\/mobile\" data-url=\"https:\/\/www.blogdopilako.com.br\/wp\/2021\/05\/06\/live-99-ao-vivo-projeto-maio-antonense-aniversario-da-cidade-com-o-prefeito-paulo-roberto-e-o-jornalista-jose-edalvo\/\" data-text=\"LIVE 99 \u2013 ao vivo \u2013 Projeto \u201cMaio Antonense\u201d \u2013 Anivers\u00e1rio da Cidade \u2013 com o prefeito Paulo Roberto e o jornalista Jos\u00e9 Edalvo.\" data-desc=\"Dentro do Projeto \u201cMaio Antonese\u201d\u00a0\u2013\u00a0o m\u00eas azul e branco produzimos na tarde de hoje, \u00a0a segunda\u00a0 \u201cLive\u201d- ANIVERS\u00c1RIO DA CIDADE.\u00a0 Nela, em primeiro lugar, justificamos a n\u00e3o presen\u00e7a do eminente vitoriense Gustavo Krause, antes anunciada. Mais uma vez, sintonizamos o internauta\" data-image=\"http:\/\/www.blogdopilako.com.br\/wp\/wp-content\/uploads\/2021\/05\/8e748771-b4c7-41e3-bdf4-3c0b8f7abe53-1024x577.jpg\" data-button=\"none\">\n\t\t\t\t\t<img src=\"\/\/www.linksalpha.com\/images\/social_share_button.png\" alt=\"Share\" class=\"linksalpha_image\" \/>\n\t\t\t\t\t<\/a><script type=\"text\/javascript\" src=\"\/\/www.linksalpha.com\/scripts\/loader_iconbox.js?v=2.4\"><\/script><\/span><\/div>","protected":false},"excerpt":{"rendered":"\n\t\t\t\t<div class=\"mr_social_sharing_wrapper\">\n\t\t\t\t<!-- Social Sharing Toolkit v2.2 --><span class=\"mr_social_sharing_top\"><span style=\"display: inline-block; width: 55px; height: 62px; overflow: hidden;\"><div class=\"fb-like\" data-href=\"https:\/\/www.blogdopilako.com.br\/wp\/2021\/05\/06\/live-99-ao-vivo-projeto-maio-antonense-aniversario-da-cidade-com-o-prefeito-paulo-roberto-e-o-jornalista-jose-edalvo\/\" data-send=\"false\" data-layout=\"box_count\" data-width=\"55\" data-show-faces=\"false\"><\/div><\/span><\/span><span class=\"mr_social_sharing_top\"><fb:share-button type=\"box_count\" href=\"https:\/\/www.blogdopilako.com.br\/wp\/2021\/05\/06\/live-99-ao-vivo-projeto-maio-antonense-aniversario-da-cidade-com-o-prefeito-paulo-roberto-e-o-jornalista-jose-edalvo\/\"><\/fb:share-button><\/span><span class=\"mr_social_sharing\"><a rel=\"nofollow\" class=\"linksalpha_button linksalpha_link\" href=\"\/\/www.linksalpha.com\/social\/mobile\" data-url=\"https:\/\/www.blogdopilako.com.br\/wp\/2021\/05\/06\/live-99-ao-vivo-projeto-maio-antonense-aniversario-da-cidade-com-o-prefeito-paulo-roberto-e-o-jornalista-jose-edalvo\/\" data-text=\"LIVE 99 \u2013 ao vivo \u2013 Projeto \u201cMaio Antonense\u201d \u2013 Anivers\u00e1rio da Cidade \u2013 com o prefeito Paulo Roberto e o jornalista Jos\u00e9 Edalvo.\" data-desc=\"Dentro do Projeto \u201cMaio Antonese\u201d\u00a0\u2013\u00a0o m\u00eas azul e branco produzimos na tarde de hoje, \u00a0a segunda\u00a0 \u201cLive\u201d- ANIVERS\u00c1RIO DA CIDADE.\u00a0 Nela, em primeiro lugar, justificamos a n\u00e3o presen\u00e7a do eminente vitoriense Gustavo Krause, antes anunciada. Mais uma vez, sintonizamos o internauta\" data-image=\"\" data-button=\"none\">\n\t\t\t\t\t<img src=\"\/\/www.linksalpha.com\/images\/social_share_button.png\" alt=\"Share\" class=\"linksalpha_image\" \/>\n\t\t\t\t\t<\/a><script type=\"text\/javascript\" src=\"\/\/www.linksalpha.com\/scripts\/loader_iconbox.js?v=2.4\"><\/script><\/span><\/div><p>Dentro do Projeto \u201cMaio Antonese\u201d\u00a0\u2013\u00a0o m\u00eas azul e branco produzimos na tarde de hoje, \u00a0a segunda\u00a0 \u201cLive\u201d- ANIVERS\u00c1RIO DA CIDADE.\u00a0 Nela, em primeiro lugar, justificamos a n\u00e3o presen\u00e7a do eminente vitoriense Gustavo Krause, antes anunciada. Mais uma vez, sintonizamos o &hellip; <a href=\"https:\/\/www.blogdopilako.com.br\/wp\/2021\/05\/06\/live-99-ao-vivo-projeto-maio-antonense-aniversario-da-cidade-com-o-prefeito-paulo-roberto-e-o-jornalista-jose-edalvo\/\">Continue lendo <span class=\"meta-nav\">&rarr;<\/span><\/a><\/p>\n\n\t\t\t\t<div class=\"mr_social_sharing_wrapper\">\n\t\t\t\t<!-- Social Sharing Toolkit v2.2 --><span class=\"mr_social_sharing_top\"><span style=\"display: inline-block; width: 55px; height: 62px; overflow: hidden;\"><div class=\"fb-like\" data-href=\"https:\/\/www.blogdopilako.com.br\/wp\/2021\/05\/06\/live-99-ao-vivo-projeto-maio-antonense-aniversario-da-cidade-com-o-prefeito-paulo-roberto-e-o-jornalista-jose-edalvo\/\" data-send=\"false\" data-layout=\"box_count\" data-width=\"55\" data-show-faces=\"false\"><\/div><\/span><\/span><span class=\"mr_social_sharing_top\"><fb:share-button type=\"box_count\" href=\"https:\/\/www.blogdopilako.com.br\/wp\/2021\/05\/06\/live-99-ao-vivo-projeto-maio-antonense-aniversario-da-cidade-com-o-prefeito-paulo-roberto-e-o-jornalista-jose-edalvo\/\"><\/fb:share-button><\/span><span class=\"mr_social_sharing\"><a rel=\"nofollow\" class=\"linksalpha_button linksalpha_link\" href=\"\/\/www.linksalpha.com\/social\/mobile\" data-url=\"https:\/\/www.blogdopilako.com.br\/wp\/2021\/05\/06\/live-99-ao-vivo-projeto-maio-antonense-aniversario-da-cidade-com-o-prefeito-paulo-roberto-e-o-jornalista-jose-edalvo\/\" data-text=\"LIVE 99 \u2013 ao vivo \u2013 Projeto \u201cMaio Antonense\u201d \u2013 Anivers\u00e1rio da Cidade \u2013 com o prefeito Paulo Roberto e o jornalista Jos\u00e9 Edalvo.\" data-desc=\"Dentro do Projeto \u201cMaio Antonese\u201d\u00a0\u2013\u00a0o m\u00eas azul e branco produzimos na tarde de hoje, \u00a0a segunda\u00a0 \u201cLive\u201d- ANIVERS\u00c1RIO DA CIDADE.\u00a0 Nela, em primeiro lugar, justificamos a n\u00e3o presen\u00e7a do eminente vitoriense Gustavo Krause, antes anunciada. Mais uma vez, sintonizamos o internauta\" data-image=\"\" data-button=\"none\">\n\t\t\t\t\t<img src=\"\/\/www.linksalpha.com\/images\/social_share_button.png\" alt=\"Share\" class=\"linksalpha_image\" \/>\n\t\t\t\t\t<\/a><script type=\"text\/javascript\" src=\"\/\/www.linksalpha.com\/scripts\/loader_iconbox.js?v=2.4\"><\/script><\/span><\/div>","protected":false},"author":2,"featured_media":0,"comment_status":"open","ping_status":"open","sticky":false,"template":"","format":"standard","meta":[],"categories":[21],"tags":[],"_links":{"self":[{"href":"https:\/\/www.blogdopilako.com.br\/wp\/wp-json\/wp\/v2\/posts\/132911"}],"collection":[{"href":"https:\/\/www.blogdopilako.com.br\/wp\/wp-json\/wp\/v2\/posts"}],"about":[{"href":"https:\/\/www.blogdopilako.com.br\/wp\/wp-json\/wp\/v2\/types\/post"}],"author":[{"embeddable":true,"href":"https:\/\/www.blogdopilako.com.br\/wp\/wp-json\/wp\/v2\/users\/2"}],"replies":[{"embeddable":true,"href":"https:\/\/www.blogdopilako.com.br\/wp\/wp-json\/wp\/v2\/comments?post=132911"}],"version-history":[{"count":4,"href":"https:\/\/www.blogdopilako.com.br\/wp\/wp-json\/wp\/v2\/posts\/132911\/revisions"}],"predecessor-version":[{"id":132919,"href":"https:\/\/www.blogdopilako.com.br\/wp\/wp-json\/wp\/v2\/posts\/132911\/revisions\/132919"}],"wp:attachment":[{"href":"https:\/\/www.blogdopilako.com.br\/wp\/wp-json\/wp\/v2\/media?parent=132911"}],"wp:term":[{"taxonomy":"category","embeddable":true,"href":"https:\/\/www.blogdopilako.com.br\/wp\/wp-json\/wp\/v2\/categories?post=132911"},{"taxonomy":"post_tag","embeddable":true,"href":"https:\/\/www.blogdopilako.com.br\/wp\/wp-json\/wp\/v2\/tags?post=132911"}],"curies":[{"name":"wp","href":"https:\/\/api.w.org\/{rel}","templated":true}]}}