{"id":130322,"date":"2020-09-28T10:44:17","date_gmt":"2020-09-28T13:44:17","guid":{"rendered":"http:\/\/www.blogdopilako.com.br\/wp\/?p=130322"},"modified":"2020-09-28T10:57:01","modified_gmt":"2020-09-28T13:57:01","slug":"live-bate-papo-com-o-produtor-cultural-e-candidato-a-vereador-bad-leo","status":"publish","type":"post","link":"https:\/\/www.blogdopilako.com.br\/wp\/2020\/09\/28\/live-bate-papo-com-o-produtor-cultural-e-candidato-a-vereador-bad-leo\/","title":{"rendered":"LIVE \u2013 Bate-papo com o produtor cultural e candidato a vereador Bad L\u00e9o."},"content":{"rendered":"\n\t\t\t\t<div class=\"mr_social_sharing_wrapper\">\n\t\t\t\t<!-- Social Sharing Toolkit v2.2 --><span class=\"mr_social_sharing_top\"><span style=\"display: inline-block; width: 55px; height: 62px; overflow: hidden;\"><div class=\"fb-like\" data-href=\"https:\/\/www.blogdopilako.com.br\/wp\/2020\/09\/28\/live-bate-papo-com-o-produtor-cultural-e-candidato-a-vereador-bad-leo\/\" data-send=\"false\" data-layout=\"box_count\" data-width=\"55\" data-show-faces=\"false\"><\/div><\/span><\/span><span class=\"mr_social_sharing_top\"><fb:share-button type=\"box_count\" href=\"https:\/\/www.blogdopilako.com.br\/wp\/2020\/09\/28\/live-bate-papo-com-o-produtor-cultural-e-candidato-a-vereador-bad-leo\/\"><\/fb:share-button><\/span><span class=\"mr_social_sharing\"><a rel=\"nofollow\" class=\"linksalpha_button linksalpha_link\" href=\"\/\/www.linksalpha.com\/social\/mobile\" data-url=\"https:\/\/www.blogdopilako.com.br\/wp\/2020\/09\/28\/live-bate-papo-com-o-produtor-cultural-e-candidato-a-vereador-bad-leo\/\" data-text=\"LIVE \u2013 Bate-papo com o produtor cultural e candidato a vereador Bad L\u00e9o.\" data-desc=\"Dando andamento \u00e0s postagens em forma de \u201clive\u201d, confirmamos para amanh\u00e3, ter\u00e7a-feira (29), \u00e0s 17h, um bate-papo com o produtor cultural e candidato a vereador Bad L\u00e1o. Abordaremos - \u00a0entre outros assuntos \u2013 atividades culturais na Vit\u00f3ria e seus projetos para o segmento.\u00a0 Amanh\u00e3 \u2013\" data-image=\"http:\/\/www.blogdopilako.com.br\/wp\/wp-content\/uploads\/2020\/09\/32f1a7d0-b3e7-40af-ab87-851568a19e40.jpg\" data-button=\"none\">\n\t\t\t\t\t<img src=\"\/\/www.linksalpha.com\/images\/social_share_button.png\" alt=\"Share\" class=\"linksalpha_image\" \/>\n\t\t\t\t\t<\/a><script type=\"text\/javascript\" src=\"\/\/www.linksalpha.com\/scripts\/loader_iconbox.js?v=2.4\"><\/script><\/span><\/div><p><a href=\"http:\/\/www.blogdopilako.com.br\/wp\/wp-content\/uploads\/2020\/09\/32f1a7d0-b3e7-40af-ab87-851568a19e40.jpg\"><img loading=\"lazy\" class=\"aligncenter size-full wp-image-130323\" src=\"http:\/\/www.blogdopilako.com.br\/wp\/wp-content\/uploads\/2020\/09\/32f1a7d0-b3e7-40af-ab87-851568a19e40.jpg\" alt=\"\" width=\"480\" height=\"853\" srcset=\"https:\/\/www.blogdopilako.com.br\/wp\/wp-content\/uploads\/2020\/09\/32f1a7d0-b3e7-40af-ab87-851568a19e40.jpg 480w, https:\/\/www.blogdopilako.com.br\/wp\/wp-content\/uploads\/2020\/09\/32f1a7d0-b3e7-40af-ab87-851568a19e40-169x300.jpg 169w\" sizes=\"(max-width: 480px) 100vw, 480px\" \/><\/a><\/p>\n<p style=\"text-align: justify;\"><strong>Dando andamento \u00e0s postagens em forma de \u201clive\u201d, confirmamos para amanh\u00e3, ter\u00e7a-feira (29), \u00e0s 17h, um bate-papo com o produtor cultural e candidato a vereador Bad L\u00e1o. Abordaremos &#8211; \u00a0entre outros assuntos \u2013 atividades culturais na Vit\u00f3ria e seus projetos para o segmento.\u00a0<\/strong><\/p>\n<p style=\"text-align: justify;\"><strong>Amanh\u00e3 \u2013 ter\u00e7a-feira \u2013 dia 29\u2013 17h \u2013 transmiss\u00e3o aqui, no Blog do Pilako.<\/strong><\/p>\n<p><iframe loading=\"lazy\" title=\"Blog do Pilako: LIVE - CHAMADA - BAD L\u00c9O\" width=\"584\" height=\"329\" src=\"https:\/\/www.youtube.com\/embed\/a2naVN54dpg?feature=oembed\" frameborder=\"0\" allow=\"accelerometer; autoplay; clipboard-write; encrypted-media; gyroscope; picture-in-picture\" allowfullscreen><\/iframe><\/p>\n\n\t\t\t\t<div class=\"mr_social_sharing_wrapper\">\n\t\t\t\t<!-- Social Sharing Toolkit v2.2 --><span class=\"mr_social_sharing_top\"><span style=\"display: inline-block; width: 55px; height: 62px; overflow: hidden;\"><div class=\"fb-like\" data-href=\"https:\/\/www.blogdopilako.com.br\/wp\/2020\/09\/28\/live-bate-papo-com-o-produtor-cultural-e-candidato-a-vereador-bad-leo\/\" data-send=\"false\" data-layout=\"box_count\" data-width=\"55\" data-show-faces=\"false\"><\/div><\/span><\/span><span class=\"mr_social_sharing_top\"><fb:share-button type=\"box_count\" href=\"https:\/\/www.blogdopilako.com.br\/wp\/2020\/09\/28\/live-bate-papo-com-o-produtor-cultural-e-candidato-a-vereador-bad-leo\/\"><\/fb:share-button><\/span><span class=\"mr_social_sharing\"><a rel=\"nofollow\" class=\"linksalpha_button linksalpha_link\" href=\"\/\/www.linksalpha.com\/social\/mobile\" data-url=\"https:\/\/www.blogdopilako.com.br\/wp\/2020\/09\/28\/live-bate-papo-com-o-produtor-cultural-e-candidato-a-vereador-bad-leo\/\" data-text=\"LIVE \u2013 Bate-papo com o produtor cultural e candidato a vereador Bad L\u00e9o.\" data-desc=\"Dando andamento \u00e0s postagens em forma de \u201clive\u201d, confirmamos para amanh\u00e3, ter\u00e7a-feira (29), \u00e0s 17h, um bate-papo com o produtor cultural e candidato a vereador Bad L\u00e1o. Abordaremos - \u00a0entre outros assuntos \u2013 atividades culturais na Vit\u00f3ria e seus projetos para o segmento.\u00a0 Amanh\u00e3 \u2013\" data-image=\"http:\/\/www.blogdopilako.com.br\/wp\/wp-content\/uploads\/2020\/09\/32f1a7d0-b3e7-40af-ab87-851568a19e40.jpg\" data-button=\"none\">\n\t\t\t\t\t<img src=\"\/\/www.linksalpha.com\/images\/social_share_button.png\" alt=\"Share\" class=\"linksalpha_image\" \/>\n\t\t\t\t\t<\/a><script type=\"text\/javascript\" src=\"\/\/www.linksalpha.com\/scripts\/loader_iconbox.js?v=2.4\"><\/script><\/span><\/div>","protected":false},"excerpt":{"rendered":"\n\t\t\t\t<div class=\"mr_social_sharing_wrapper\">\n\t\t\t\t<!-- Social Sharing Toolkit v2.2 --><span class=\"mr_social_sharing_top\"><span style=\"display: inline-block; width: 55px; height: 62px; overflow: hidden;\"><div class=\"fb-like\" data-href=\"https:\/\/www.blogdopilako.com.br\/wp\/2020\/09\/28\/live-bate-papo-com-o-produtor-cultural-e-candidato-a-vereador-bad-leo\/\" data-send=\"false\" data-layout=\"box_count\" data-width=\"55\" data-show-faces=\"false\"><\/div><\/span><\/span><span class=\"mr_social_sharing_top\"><fb:share-button type=\"box_count\" href=\"https:\/\/www.blogdopilako.com.br\/wp\/2020\/09\/28\/live-bate-papo-com-o-produtor-cultural-e-candidato-a-vereador-bad-leo\/\"><\/fb:share-button><\/span><span class=\"mr_social_sharing\"><a rel=\"nofollow\" class=\"linksalpha_button linksalpha_link\" href=\"\/\/www.linksalpha.com\/social\/mobile\" data-url=\"https:\/\/www.blogdopilako.com.br\/wp\/2020\/09\/28\/live-bate-papo-com-o-produtor-cultural-e-candidato-a-vereador-bad-leo\/\" data-text=\"LIVE \u2013 Bate-papo com o produtor cultural e candidato a vereador Bad L\u00e9o.\" data-desc=\"Dando andamento \u00e0s postagens em forma de \u201clive\u201d, confirmamos para amanh\u00e3, ter\u00e7a-feira (29), \u00e0s 17h, um bate-papo com o produtor cultural e candidato a vereador Bad L\u00e1o. Abordaremos - \u00a0entre outros assuntos \u2013 atividades culturais na Vit\u00f3ria e seus projetos para o segmento.\u00a0 Amanh\u00e3 \u2013\" data-image=\"\" data-button=\"none\">\n\t\t\t\t\t<img src=\"\/\/www.linksalpha.com\/images\/social_share_button.png\" alt=\"Share\" class=\"linksalpha_image\" \/>\n\t\t\t\t\t<\/a><script type=\"text\/javascript\" src=\"\/\/www.linksalpha.com\/scripts\/loader_iconbox.js?v=2.4\"><\/script><\/span><\/div><p>Dando andamento \u00e0s postagens em forma de \u201clive\u201d, confirmamos para amanh\u00e3, ter\u00e7a-feira (29), \u00e0s 17h, um bate-papo com o produtor cultural e candidato a vereador Bad L\u00e1o. Abordaremos &#8211; \u00a0entre outros assuntos \u2013 atividades culturais na Vit\u00f3ria e seus projetos &hellip; <a href=\"https:\/\/www.blogdopilako.com.br\/wp\/2020\/09\/28\/live-bate-papo-com-o-produtor-cultural-e-candidato-a-vereador-bad-leo\/\">Continue lendo <span class=\"meta-nav\">&rarr;<\/span><\/a><\/p>\n\n\t\t\t\t<div class=\"mr_social_sharing_wrapper\">\n\t\t\t\t<!-- Social Sharing Toolkit v2.2 --><span class=\"mr_social_sharing_top\"><span style=\"display: inline-block; width: 55px; height: 62px; overflow: hidden;\"><div class=\"fb-like\" data-href=\"https:\/\/www.blogdopilako.com.br\/wp\/2020\/09\/28\/live-bate-papo-com-o-produtor-cultural-e-candidato-a-vereador-bad-leo\/\" data-send=\"false\" data-layout=\"box_count\" data-width=\"55\" data-show-faces=\"false\"><\/div><\/span><\/span><span class=\"mr_social_sharing_top\"><fb:share-button type=\"box_count\" href=\"https:\/\/www.blogdopilako.com.br\/wp\/2020\/09\/28\/live-bate-papo-com-o-produtor-cultural-e-candidato-a-vereador-bad-leo\/\"><\/fb:share-button><\/span><span class=\"mr_social_sharing\"><a rel=\"nofollow\" class=\"linksalpha_button linksalpha_link\" href=\"\/\/www.linksalpha.com\/social\/mobile\" data-url=\"https:\/\/www.blogdopilako.com.br\/wp\/2020\/09\/28\/live-bate-papo-com-o-produtor-cultural-e-candidato-a-vereador-bad-leo\/\" data-text=\"LIVE \u2013 Bate-papo com o produtor cultural e candidato a vereador Bad L\u00e9o.\" data-desc=\"Dando andamento \u00e0s postagens em forma de \u201clive\u201d, confirmamos para amanh\u00e3, ter\u00e7a-feira (29), \u00e0s 17h, um bate-papo com o produtor cultural e candidato a vereador Bad L\u00e1o. Abordaremos - \u00a0entre outros assuntos \u2013 atividades culturais na Vit\u00f3ria e seus projetos para o segmento.\u00a0 Amanh\u00e3 \u2013\" data-image=\"\" data-button=\"none\">\n\t\t\t\t\t<img src=\"\/\/www.linksalpha.com\/images\/social_share_button.png\" alt=\"Share\" class=\"linksalpha_image\" \/>\n\t\t\t\t\t<\/a><script type=\"text\/javascript\" src=\"\/\/www.linksalpha.com\/scripts\/loader_iconbox.js?v=2.4\"><\/script><\/span><\/div>","protected":false},"author":2,"featured_media":0,"comment_status":"open","ping_status":"open","sticky":false,"template":"","format":"standard","meta":[],"categories":[21],"tags":[],"_links":{"self":[{"href":"https:\/\/www.blogdopilako.com.br\/wp\/wp-json\/wp\/v2\/posts\/130322"}],"collection":[{"href":"https:\/\/www.blogdopilako.com.br\/wp\/wp-json\/wp\/v2\/posts"}],"about":[{"href":"https:\/\/www.blogdopilako.com.br\/wp\/wp-json\/wp\/v2\/types\/post"}],"author":[{"embeddable":true,"href":"https:\/\/www.blogdopilako.com.br\/wp\/wp-json\/wp\/v2\/users\/2"}],"replies":[{"embeddable":true,"href":"https:\/\/www.blogdopilako.com.br\/wp\/wp-json\/wp\/v2\/comments?post=130322"}],"version-history":[{"count":2,"href":"https:\/\/www.blogdopilako.com.br\/wp\/wp-json\/wp\/v2\/posts\/130322\/revisions"}],"predecessor-version":[{"id":130327,"href":"https:\/\/www.blogdopilako.com.br\/wp\/wp-json\/wp\/v2\/posts\/130322\/revisions\/130327"}],"wp:attachment":[{"href":"https:\/\/www.blogdopilako.com.br\/wp\/wp-json\/wp\/v2\/media?parent=130322"}],"wp:term":[{"taxonomy":"category","embeddable":true,"href":"https:\/\/www.blogdopilako.com.br\/wp\/wp-json\/wp\/v2\/categories?post=130322"},{"taxonomy":"post_tag","embeddable":true,"href":"https:\/\/www.blogdopilako.com.br\/wp\/wp-json\/wp\/v2\/tags?post=130322"}],"curies":[{"name":"wp","href":"https:\/\/api.w.org\/{rel}","templated":true}]}}