{"id":127901,"date":"2019-03-08T14:56:39","date_gmt":"2019-03-08T17:56:39","guid":{"rendered":"http:\/\/www.blogdopilako.com.br\/wp\/?p=127901"},"modified":"2020-01-08T09:57:41","modified_gmt":"2020-01-08T12:57:41","slug":"a-actv-em-parceria-com-a-prefeitura-da-vitoria-de-santo-antao-se-despede-do-carnaval-2019-com-gostinho-de-quero-mais","status":"publish","type":"post","link":"https:\/\/www.blogdopilako.com.br\/wp\/2019\/03\/08\/a-actv-em-parceria-com-a-prefeitura-da-vitoria-de-santo-antao-se-despede-do-carnaval-2019-com-gostinho-de-quero-mais\/","title":{"rendered":"A ACTV EM PARCERIA COM A PREFEITURA DA VIT\u00d3RIA DE SANTO ANT\u00c3O SE DESPEDE DO CARNAVAL 2019 COM GOSTINHO DE QUERO MAIS."},"content":{"rendered":"\n\t\t\t\t<div class=\"mr_social_sharing_wrapper\">\n\t\t\t\t<!-- Social Sharing Toolkit v2.2 --><span class=\"mr_social_sharing_top\"><span style=\"display: inline-block; width: 55px; height: 62px; overflow: hidden;\"><div class=\"fb-like\" data-href=\"https:\/\/www.blogdopilako.com.br\/wp\/2019\/03\/08\/a-actv-em-parceria-com-a-prefeitura-da-vitoria-de-santo-antao-se-despede-do-carnaval-2019-com-gostinho-de-quero-mais\/\" data-send=\"false\" data-layout=\"box_count\" data-width=\"55\" data-show-faces=\"false\"><\/div><\/span><\/span><span class=\"mr_social_sharing_top\"><fb:share-button type=\"box_count\" href=\"https:\/\/www.blogdopilako.com.br\/wp\/2019\/03\/08\/a-actv-em-parceria-com-a-prefeitura-da-vitoria-de-santo-antao-se-despede-do-carnaval-2019-com-gostinho-de-quero-mais\/\"><\/fb:share-button><\/span><span class=\"mr_social_sharing\"><a rel=\"nofollow\" class=\"linksalpha_button linksalpha_link\" href=\"\/\/www.linksalpha.com\/social\/mobile\" data-url=\"https:\/\/www.blogdopilako.com.br\/wp\/2019\/03\/08\/a-actv-em-parceria-com-a-prefeitura-da-vitoria-de-santo-antao-se-despede-do-carnaval-2019-com-gostinho-de-quero-mais\/\" data-text=\"A ACTV EM PARCERIA COM A PREFEITURA DA VIT\u00d3RIA DE SANTO ANT\u00c3O SE DESPEDE DO CARNAVAL 2019 COM GOSTINHO DE QUERO MAIS.\" data-desc=\"\u201c...\u00d3h quarta-feira ingrata; chega t\u00e3o depressa; s\u00f3 para contrariar...\u201d e assim a ACTV \u2013 Associa\u00e7\u00e3o do Carnaval Tradicional Vitoriense - se despede dos festejos carnavalesco de 2019,\u00a0 com saudosismo e com grandes expectativas para 2020. A ACTV, em nome de todos os seus afiliados,\" data-image=\"http:\/\/www.blogdopilako.com.br\/wp\/wp-content\/uploads\/2020\/01\/download-5.jpg\" data-button=\"none\">\n\t\t\t\t\t<img src=\"\/\/www.linksalpha.com\/images\/social_share_button.png\" alt=\"Share\" class=\"linksalpha_image\" \/>\n\t\t\t\t\t<\/a><script type=\"text\/javascript\" src=\"\/\/www.linksalpha.com\/scripts\/loader_iconbox.js?v=2.4\"><\/script><\/span><\/div><p><img loading=\"lazy\" class=\"wp-image-127904 size-full alignleft\" src=\"http:\/\/www.blogdopilako.com.br\/wp\/wp-content\/uploads\/2020\/01\/download-5.jpg\" alt=\"\" width=\"259\" height=\"194\" \/><\/p>\n<p style=\"text-align: justify;\"><strong>\u201c&#8230;\u00d3h quarta-feira ingrata; chega t\u00e3o depressa; s\u00f3 para contrariar&#8230;\u201d e assim a ACTV \u2013 Associa\u00e7\u00e3o do Carnaval Tradicional Vitoriense &#8211; se despede dos festejos carnavalesco de 2019,\u00a0 com saudosismo e com grandes expectativas para 2020. A ACTV, em nome de todos os seus afiliados, agradece\u00a0 o apoio da Prefeitura Municipal da Vit\u00f3ria de Santo Ant\u00e3o, Pit\u00fa, Destilaria JB e demais empresas parceiras. Aos turistas e foli\u00f5es, nosso muito obrigada pelo prest\u00edgio. Ano que vem, tem mais&#8230;..<\/strong><\/p>\n<p><img loading=\"lazy\" class=\"size-full wp-image-127902 aligncenter\" src=\"http:\/\/www.blogdopilako.com.br\/wp\/wp-content\/uploads\/2020\/01\/15941144_118010055372278_7955339943582982933_n-3.jpg\" alt=\"\" width=\"154\" height=\"154\" srcset=\"https:\/\/www.blogdopilako.com.br\/wp\/wp-content\/uploads\/2020\/01\/15941144_118010055372278_7955339943582982933_n-3.jpg 154w, https:\/\/www.blogdopilako.com.br\/wp\/wp-content\/uploads\/2020\/01\/15941144_118010055372278_7955339943582982933_n-3-150x150.jpg 150w\" sizes=\"(max-width: 154px) 100vw, 154px\" \/><\/p>\n<p><strong>APOIO:<\/strong><\/p>\n<p><img loading=\"lazy\" class=\"alignnone size-medium wp-image-127903\" src=\"http:\/\/www.blogdopilako.com.br\/wp\/wp-content\/uploads\/2020\/01\/download-4-300x108.jpg\" alt=\"\" width=\"300\" height=\"108\" srcset=\"https:\/\/www.blogdopilako.com.br\/wp\/wp-content\/uploads\/2020\/01\/download-4-300x108.jpg 300w, https:\/\/www.blogdopilako.com.br\/wp\/wp-content\/uploads\/2020\/01\/download-4.jpg 360w\" sizes=\"(max-width: 300px) 100vw, 300px\" \/><\/p>\n\n\t\t\t\t<div class=\"mr_social_sharing_wrapper\">\n\t\t\t\t<!-- Social Sharing Toolkit v2.2 --><span class=\"mr_social_sharing_top\"><span style=\"display: inline-block; width: 55px; height: 62px; overflow: hidden;\"><div class=\"fb-like\" data-href=\"https:\/\/www.blogdopilako.com.br\/wp\/2019\/03\/08\/a-actv-em-parceria-com-a-prefeitura-da-vitoria-de-santo-antao-se-despede-do-carnaval-2019-com-gostinho-de-quero-mais\/\" data-send=\"false\" data-layout=\"box_count\" data-width=\"55\" data-show-faces=\"false\"><\/div><\/span><\/span><span class=\"mr_social_sharing_top\"><fb:share-button type=\"box_count\" href=\"https:\/\/www.blogdopilako.com.br\/wp\/2019\/03\/08\/a-actv-em-parceria-com-a-prefeitura-da-vitoria-de-santo-antao-se-despede-do-carnaval-2019-com-gostinho-de-quero-mais\/\"><\/fb:share-button><\/span><span class=\"mr_social_sharing\"><a rel=\"nofollow\" class=\"linksalpha_button linksalpha_link\" href=\"\/\/www.linksalpha.com\/social\/mobile\" data-url=\"https:\/\/www.blogdopilako.com.br\/wp\/2019\/03\/08\/a-actv-em-parceria-com-a-prefeitura-da-vitoria-de-santo-antao-se-despede-do-carnaval-2019-com-gostinho-de-quero-mais\/\" data-text=\"A ACTV EM PARCERIA COM A PREFEITURA DA VIT\u00d3RIA DE SANTO ANT\u00c3O SE DESPEDE DO CARNAVAL 2019 COM GOSTINHO DE QUERO MAIS.\" data-desc=\"\u201c...\u00d3h quarta-feira ingrata; chega t\u00e3o depressa; s\u00f3 para contrariar...\u201d e assim a ACTV \u2013 Associa\u00e7\u00e3o do Carnaval Tradicional Vitoriense - se despede dos festejos carnavalesco de 2019,\u00a0 com saudosismo e com grandes expectativas para 2020. A ACTV, em nome de todos os seus afiliados,\" data-image=\"http:\/\/www.blogdopilako.com.br\/wp\/wp-content\/uploads\/2020\/01\/download-5.jpg\" data-button=\"none\">\n\t\t\t\t\t<img src=\"\/\/www.linksalpha.com\/images\/social_share_button.png\" alt=\"Share\" class=\"linksalpha_image\" \/>\n\t\t\t\t\t<\/a><script type=\"text\/javascript\" src=\"\/\/www.linksalpha.com\/scripts\/loader_iconbox.js?v=2.4\"><\/script><\/span><\/div>","protected":false},"excerpt":{"rendered":"\n\t\t\t\t<div class=\"mr_social_sharing_wrapper\">\n\t\t\t\t<!-- Social Sharing Toolkit v2.2 --><span class=\"mr_social_sharing_top\"><span style=\"display: inline-block; width: 55px; height: 62px; overflow: hidden;\"><div class=\"fb-like\" data-href=\"https:\/\/www.blogdopilako.com.br\/wp\/2019\/03\/08\/a-actv-em-parceria-com-a-prefeitura-da-vitoria-de-santo-antao-se-despede-do-carnaval-2019-com-gostinho-de-quero-mais\/\" data-send=\"false\" data-layout=\"box_count\" data-width=\"55\" data-show-faces=\"false\"><\/div><\/span><\/span><span class=\"mr_social_sharing_top\"><fb:share-button type=\"box_count\" href=\"https:\/\/www.blogdopilako.com.br\/wp\/2019\/03\/08\/a-actv-em-parceria-com-a-prefeitura-da-vitoria-de-santo-antao-se-despede-do-carnaval-2019-com-gostinho-de-quero-mais\/\"><\/fb:share-button><\/span><span class=\"mr_social_sharing\"><a rel=\"nofollow\" class=\"linksalpha_button linksalpha_link\" href=\"\/\/www.linksalpha.com\/social\/mobile\" data-url=\"https:\/\/www.blogdopilako.com.br\/wp\/2019\/03\/08\/a-actv-em-parceria-com-a-prefeitura-da-vitoria-de-santo-antao-se-despede-do-carnaval-2019-com-gostinho-de-quero-mais\/\" data-text=\"A ACTV EM PARCERIA COM A PREFEITURA DA VIT\u00d3RIA DE SANTO ANT\u00c3O SE DESPEDE DO CARNAVAL 2019 COM GOSTINHO DE QUERO MAIS.\" data-desc=\"\u201c...\u00d3h quarta-feira ingrata; chega t\u00e3o depressa; s\u00f3 para contrariar...\u201d e assim a ACTV \u2013 Associa\u00e7\u00e3o do Carnaval Tradicional Vitoriense - se despede dos festejos carnavalesco de 2019,\u00a0 com saudosismo e com grandes expectativas para 2020. A ACTV, em nome de todos os seus afiliados,\" data-image=\"\" data-button=\"none\">\n\t\t\t\t\t<img src=\"\/\/www.linksalpha.com\/images\/social_share_button.png\" alt=\"Share\" class=\"linksalpha_image\" \/>\n\t\t\t\t\t<\/a><script type=\"text\/javascript\" src=\"\/\/www.linksalpha.com\/scripts\/loader_iconbox.js?v=2.4\"><\/script><\/span><\/div><p>\u201c&#8230;\u00d3h quarta-feira ingrata; chega t\u00e3o depressa; s\u00f3 para contrariar&#8230;\u201d e assim a ACTV \u2013 Associa\u00e7\u00e3o do Carnaval Tradicional Vitoriense &#8211; se despede dos festejos carnavalesco de 2019,\u00a0 com saudosismo e com grandes expectativas para 2020. A ACTV, em nome de &hellip; <a href=\"https:\/\/www.blogdopilako.com.br\/wp\/2019\/03\/08\/a-actv-em-parceria-com-a-prefeitura-da-vitoria-de-santo-antao-se-despede-do-carnaval-2019-com-gostinho-de-quero-mais\/\">Continue lendo <span class=\"meta-nav\">&rarr;<\/span><\/a><\/p>\n\n\t\t\t\t<div class=\"mr_social_sharing_wrapper\">\n\t\t\t\t<!-- Social Sharing Toolkit v2.2 --><span class=\"mr_social_sharing_top\"><span style=\"display: inline-block; width: 55px; height: 62px; overflow: hidden;\"><div class=\"fb-like\" data-href=\"https:\/\/www.blogdopilako.com.br\/wp\/2019\/03\/08\/a-actv-em-parceria-com-a-prefeitura-da-vitoria-de-santo-antao-se-despede-do-carnaval-2019-com-gostinho-de-quero-mais\/\" data-send=\"false\" data-layout=\"box_count\" data-width=\"55\" data-show-faces=\"false\"><\/div><\/span><\/span><span class=\"mr_social_sharing_top\"><fb:share-button type=\"box_count\" href=\"https:\/\/www.blogdopilako.com.br\/wp\/2019\/03\/08\/a-actv-em-parceria-com-a-prefeitura-da-vitoria-de-santo-antao-se-despede-do-carnaval-2019-com-gostinho-de-quero-mais\/\"><\/fb:share-button><\/span><span class=\"mr_social_sharing\"><a rel=\"nofollow\" class=\"linksalpha_button linksalpha_link\" href=\"\/\/www.linksalpha.com\/social\/mobile\" data-url=\"https:\/\/www.blogdopilako.com.br\/wp\/2019\/03\/08\/a-actv-em-parceria-com-a-prefeitura-da-vitoria-de-santo-antao-se-despede-do-carnaval-2019-com-gostinho-de-quero-mais\/\" data-text=\"A ACTV EM PARCERIA COM A PREFEITURA DA VIT\u00d3RIA DE SANTO ANT\u00c3O SE DESPEDE DO CARNAVAL 2019 COM GOSTINHO DE QUERO MAIS.\" data-desc=\"\u201c...\u00d3h quarta-feira ingrata; chega t\u00e3o depressa; s\u00f3 para contrariar...\u201d e assim a ACTV \u2013 Associa\u00e7\u00e3o do Carnaval Tradicional Vitoriense - se despede dos festejos carnavalesco de 2019,\u00a0 com saudosismo e com grandes expectativas para 2020. A ACTV, em nome de todos os seus afiliados,\" data-image=\"\" data-button=\"none\">\n\t\t\t\t\t<img src=\"\/\/www.linksalpha.com\/images\/social_share_button.png\" alt=\"Share\" class=\"linksalpha_image\" \/>\n\t\t\t\t\t<\/a><script type=\"text\/javascript\" src=\"\/\/www.linksalpha.com\/scripts\/loader_iconbox.js?v=2.4\"><\/script><\/span><\/div>","protected":false},"author":2,"featured_media":0,"comment_status":"open","ping_status":"open","sticky":false,"template":"","format":"standard","meta":[],"categories":[21,122],"tags":[],"_links":{"self":[{"href":"https:\/\/www.blogdopilako.com.br\/wp\/wp-json\/wp\/v2\/posts\/127901"}],"collection":[{"href":"https:\/\/www.blogdopilako.com.br\/wp\/wp-json\/wp\/v2\/posts"}],"about":[{"href":"https:\/\/www.blogdopilako.com.br\/wp\/wp-json\/wp\/v2\/types\/post"}],"author":[{"embeddable":true,"href":"https:\/\/www.blogdopilako.com.br\/wp\/wp-json\/wp\/v2\/users\/2"}],"replies":[{"embeddable":true,"href":"https:\/\/www.blogdopilako.com.br\/wp\/wp-json\/wp\/v2\/comments?post=127901"}],"version-history":[{"count":2,"href":"https:\/\/www.blogdopilako.com.br\/wp\/wp-json\/wp\/v2\/posts\/127901\/revisions"}],"predecessor-version":[{"id":127906,"href":"https:\/\/www.blogdopilako.com.br\/wp\/wp-json\/wp\/v2\/posts\/127901\/revisions\/127906"}],"wp:attachment":[{"href":"https:\/\/www.blogdopilako.com.br\/wp\/wp-json\/wp\/v2\/media?parent=127901"}],"wp:term":[{"taxonomy":"category","embeddable":true,"href":"https:\/\/www.blogdopilako.com.br\/wp\/wp-json\/wp\/v2\/categories?post=127901"},{"taxonomy":"post_tag","embeddable":true,"href":"https:\/\/www.blogdopilako.com.br\/wp\/wp-json\/wp\/v2\/tags?post=127901"}],"curies":[{"name":"wp","href":"https:\/\/api.w.org\/{rel}","templated":true}]}}