{"id":121964,"date":"2019-04-24T14:00:55","date_gmt":"2019-04-24T17:00:55","guid":{"rendered":"http:\/\/www.blogdopilako.com.br\/wp\/?p=121964"},"modified":"2019-04-24T09:00:55","modified_gmt":"2019-04-24T12:00:55","slug":"o-tempo-voa-cem-anos-do-anjo-da-vitoria","status":"publish","type":"post","link":"https:\/\/www.blogdopilako.com.br\/wp\/2019\/04\/24\/o-tempo-voa-cem-anos-do-anjo-da-vitoria\/","title":{"rendered":"O Tempo Voa: Cem anos do Anjo da Vit\u00f3ria."},"content":{"rendered":"\n\t\t\t\t<div class=\"mr_social_sharing_wrapper\">\n\t\t\t\t<!-- Social Sharing Toolkit v2.2 --><span class=\"mr_social_sharing_top\"><span style=\"display: inline-block; width: 55px; height: 62px; overflow: hidden;\"><div class=\"fb-like\" data-href=\"https:\/\/www.blogdopilako.com.br\/wp\/2019\/04\/24\/o-tempo-voa-cem-anos-do-anjo-da-vitoria\/\" data-send=\"false\" data-layout=\"box_count\" data-width=\"55\" data-show-faces=\"false\"><\/div><\/span><\/span><span class=\"mr_social_sharing_top\"><fb:share-button type=\"box_count\" href=\"https:\/\/www.blogdopilako.com.br\/wp\/2019\/04\/24\/o-tempo-voa-cem-anos-do-anjo-da-vitoria\/\"><\/fb:share-button><\/span><span class=\"mr_social_sharing\"><a rel=\"nofollow\" class=\"linksalpha_button linksalpha_link\" href=\"\/\/www.linksalpha.com\/social\/mobile\" data-url=\"https:\/\/www.blogdopilako.com.br\/wp\/2019\/04\/24\/o-tempo-voa-cem-anos-do-anjo-da-vitoria\/\" data-text=\"O Tempo Voa: Cem anos do Anjo da Vit\u00f3ria.\" data-desc=\"\u00a0 Comora\u00e7\u00e3o do centen\u00e1rio do monumento \"O Anjo da Vit\u00f3ria\" - localizado na Pra\u00e7a 3 de Agosto, bairro do Livramento - dia 27 de janeiro de 2005 - na foto, entre outros: Pilako, Marcelo Mesquita, Gamaliel da Costa Gomes, Pastor Oz\u00e9as, Jorge Esteves, Zito Mariano, Nozinho e Onildo Barros.\u00a0\" data-image=\"http:\/\/www.blogdopilako.com.br\/wp\/wp-content\/uploads\/2019\/04\/ea78c92e-6736-4d48-9dce-e3d0e633d173-e1556107194107-1024x631.jpg\" data-button=\"none\">\n\t\t\t\t\t<img src=\"\/\/www.linksalpha.com\/images\/social_share_button.png\" alt=\"Share\" class=\"linksalpha_image\" \/>\n\t\t\t\t\t<\/a><script type=\"text\/javascript\" src=\"\/\/www.linksalpha.com\/scripts\/loader_iconbox.js?v=2.4\"><\/script><\/span><\/div><p>&nbsp;<\/p>\n<p style=\"text-align: justify;\"><strong><a href=\"http:\/\/www.blogdopilako.com.br\/wp\/wp-content\/uploads\/2019\/04\/ea78c92e-6736-4d48-9dce-e3d0e633d173-e1556107194107.jpg\"><img loading=\"lazy\" class=\"aligncenter size-large wp-image-121965\" src=\"http:\/\/www.blogdopilako.com.br\/wp\/wp-content\/uploads\/2019\/04\/ea78c92e-6736-4d48-9dce-e3d0e633d173-e1556107194107-1024x631.jpg\" alt=\"\" width=\"640\" height=\"394\" srcset=\"https:\/\/www.blogdopilako.com.br\/wp\/wp-content\/uploads\/2019\/04\/ea78c92e-6736-4d48-9dce-e3d0e633d173-e1556107194107-1024x631.jpg 1024w, https:\/\/www.blogdopilako.com.br\/wp\/wp-content\/uploads\/2019\/04\/ea78c92e-6736-4d48-9dce-e3d0e633d173-e1556107194107-300x185.jpg 300w, https:\/\/www.blogdopilako.com.br\/wp\/wp-content\/uploads\/2019\/04\/ea78c92e-6736-4d48-9dce-e3d0e633d173-e1556107194107-768x473.jpg 768w, https:\/\/www.blogdopilako.com.br\/wp\/wp-content\/uploads\/2019\/04\/ea78c92e-6736-4d48-9dce-e3d0e633d173-e1556107194107.jpg 1280w\" sizes=\"(max-width: 640px) 100vw, 640px\" \/><\/a>Comora\u00e7\u00e3o do centen\u00e1rio do monumento &#8220;O Anjo da Vit\u00f3ria&#8221; &#8211; localizado na Pra\u00e7a 3 de Agosto, bairro do Livramento &#8211; dia 27 de janeiro de 2005 &#8211; na foto, entre outros: Pilako, Marcelo Mesquita, Gamaliel da Costa Gomes, Pastor Oz\u00e9as, Jorge Esteves, Zito Mariano, Nozinho e Onildo Barros.\u00a0<\/strong><\/p>\n\n\t\t\t\t<div class=\"mr_social_sharing_wrapper\">\n\t\t\t\t<!-- Social Sharing Toolkit v2.2 --><span class=\"mr_social_sharing_top\"><span style=\"display: inline-block; width: 55px; height: 62px; overflow: hidden;\"><div class=\"fb-like\" data-href=\"https:\/\/www.blogdopilako.com.br\/wp\/2019\/04\/24\/o-tempo-voa-cem-anos-do-anjo-da-vitoria\/\" data-send=\"false\" data-layout=\"box_count\" data-width=\"55\" data-show-faces=\"false\"><\/div><\/span><\/span><span class=\"mr_social_sharing_top\"><fb:share-button type=\"box_count\" href=\"https:\/\/www.blogdopilako.com.br\/wp\/2019\/04\/24\/o-tempo-voa-cem-anos-do-anjo-da-vitoria\/\"><\/fb:share-button><\/span><span class=\"mr_social_sharing\"><a rel=\"nofollow\" class=\"linksalpha_button linksalpha_link\" href=\"\/\/www.linksalpha.com\/social\/mobile\" data-url=\"https:\/\/www.blogdopilako.com.br\/wp\/2019\/04\/24\/o-tempo-voa-cem-anos-do-anjo-da-vitoria\/\" data-text=\"O Tempo Voa: Cem anos do Anjo da Vit\u00f3ria.\" data-desc=\"\u00a0 Comora\u00e7\u00e3o do centen\u00e1rio do monumento \"O Anjo da Vit\u00f3ria\" - localizado na Pra\u00e7a 3 de Agosto, bairro do Livramento - dia 27 de janeiro de 2005 - na foto, entre outros: Pilako, Marcelo Mesquita, Gamaliel da Costa Gomes, Pastor Oz\u00e9as, Jorge Esteves, Zito Mariano, Nozinho e Onildo Barros.\u00a0\" data-image=\"http:\/\/www.blogdopilako.com.br\/wp\/wp-content\/uploads\/2019\/04\/ea78c92e-6736-4d48-9dce-e3d0e633d173-e1556107194107-1024x631.jpg\" data-button=\"none\">\n\t\t\t\t\t<img src=\"\/\/www.linksalpha.com\/images\/social_share_button.png\" alt=\"Share\" class=\"linksalpha_image\" \/>\n\t\t\t\t\t<\/a><script type=\"text\/javascript\" src=\"\/\/www.linksalpha.com\/scripts\/loader_iconbox.js?v=2.4\"><\/script><\/span><\/div>","protected":false},"excerpt":{"rendered":"\n\t\t\t\t<div class=\"mr_social_sharing_wrapper\">\n\t\t\t\t<!-- Social Sharing Toolkit v2.2 --><span class=\"mr_social_sharing_top\"><span style=\"display: inline-block; width: 55px; height: 62px; overflow: hidden;\"><div class=\"fb-like\" data-href=\"https:\/\/www.blogdopilako.com.br\/wp\/2019\/04\/24\/o-tempo-voa-cem-anos-do-anjo-da-vitoria\/\" data-send=\"false\" data-layout=\"box_count\" data-width=\"55\" data-show-faces=\"false\"><\/div><\/span><\/span><span class=\"mr_social_sharing_top\"><fb:share-button type=\"box_count\" href=\"https:\/\/www.blogdopilako.com.br\/wp\/2019\/04\/24\/o-tempo-voa-cem-anos-do-anjo-da-vitoria\/\"><\/fb:share-button><\/span><span class=\"mr_social_sharing\"><a rel=\"nofollow\" class=\"linksalpha_button linksalpha_link\" href=\"\/\/www.linksalpha.com\/social\/mobile\" data-url=\"https:\/\/www.blogdopilako.com.br\/wp\/2019\/04\/24\/o-tempo-voa-cem-anos-do-anjo-da-vitoria\/\" data-text=\"O Tempo Voa: Cem anos do Anjo da Vit\u00f3ria.\" data-desc=\"\u00a0 Comora\u00e7\u00e3o do centen\u00e1rio do monumento \"O Anjo da Vit\u00f3ria\" - localizado na Pra\u00e7a 3 de Agosto, bairro do Livramento - dia 27 de janeiro de 2005 - na foto, entre outros: Pilako, Marcelo Mesquita, Gamaliel da Costa Gomes, Pastor Oz\u00e9as, Jorge Esteves, Zito Mariano, Nozinho e Onildo Barros.\u00a0\" data-image=\"\" data-button=\"none\">\n\t\t\t\t\t<img src=\"\/\/www.linksalpha.com\/images\/social_share_button.png\" alt=\"Share\" class=\"linksalpha_image\" \/>\n\t\t\t\t\t<\/a><script type=\"text\/javascript\" src=\"\/\/www.linksalpha.com\/scripts\/loader_iconbox.js?v=2.4\"><\/script><\/span><\/div><p>&nbsp; Comora\u00e7\u00e3o do centen\u00e1rio do monumento &#8220;O Anjo da Vit\u00f3ria&#8221; &#8211; localizado na Pra\u00e7a 3 de Agosto, bairro do Livramento &#8211; dia 27 de janeiro de 2005 &#8211; na foto, entre outros: Pilako, Marcelo Mesquita, Gamaliel da Costa Gomes, Pastor &hellip; <a href=\"https:\/\/www.blogdopilako.com.br\/wp\/2019\/04\/24\/o-tempo-voa-cem-anos-do-anjo-da-vitoria\/\">Continue lendo <span class=\"meta-nav\">&rarr;<\/span><\/a><\/p>\n\n\t\t\t\t<div class=\"mr_social_sharing_wrapper\">\n\t\t\t\t<!-- Social Sharing Toolkit v2.2 --><span class=\"mr_social_sharing_top\"><span style=\"display: inline-block; width: 55px; height: 62px; overflow: hidden;\"><div class=\"fb-like\" data-href=\"https:\/\/www.blogdopilako.com.br\/wp\/2019\/04\/24\/o-tempo-voa-cem-anos-do-anjo-da-vitoria\/\" data-send=\"false\" data-layout=\"box_count\" data-width=\"55\" data-show-faces=\"false\"><\/div><\/span><\/span><span class=\"mr_social_sharing_top\"><fb:share-button type=\"box_count\" href=\"https:\/\/www.blogdopilako.com.br\/wp\/2019\/04\/24\/o-tempo-voa-cem-anos-do-anjo-da-vitoria\/\"><\/fb:share-button><\/span><span class=\"mr_social_sharing\"><a rel=\"nofollow\" class=\"linksalpha_button linksalpha_link\" href=\"\/\/www.linksalpha.com\/social\/mobile\" data-url=\"https:\/\/www.blogdopilako.com.br\/wp\/2019\/04\/24\/o-tempo-voa-cem-anos-do-anjo-da-vitoria\/\" data-text=\"O Tempo Voa: Cem anos do Anjo da Vit\u00f3ria.\" data-desc=\"\u00a0 Comora\u00e7\u00e3o do centen\u00e1rio do monumento \"O Anjo da Vit\u00f3ria\" - localizado na Pra\u00e7a 3 de Agosto, bairro do Livramento - dia 27 de janeiro de 2005 - na foto, entre outros: Pilako, Marcelo Mesquita, Gamaliel da Costa Gomes, Pastor Oz\u00e9as, Jorge Esteves, Zito Mariano, Nozinho e Onildo Barros.\u00a0\" data-image=\"\" data-button=\"none\">\n\t\t\t\t\t<img src=\"\/\/www.linksalpha.com\/images\/social_share_button.png\" alt=\"Share\" class=\"linksalpha_image\" \/>\n\t\t\t\t\t<\/a><script type=\"text\/javascript\" src=\"\/\/www.linksalpha.com\/scripts\/loader_iconbox.js?v=2.4\"><\/script><\/span><\/div>","protected":false},"author":2,"featured_media":0,"comment_status":"open","ping_status":"open","sticky":false,"template":"","format":"standard","meta":[],"categories":[23],"tags":[],"_links":{"self":[{"href":"https:\/\/www.blogdopilako.com.br\/wp\/wp-json\/wp\/v2\/posts\/121964"}],"collection":[{"href":"https:\/\/www.blogdopilako.com.br\/wp\/wp-json\/wp\/v2\/posts"}],"about":[{"href":"https:\/\/www.blogdopilako.com.br\/wp\/wp-json\/wp\/v2\/types\/post"}],"author":[{"embeddable":true,"href":"https:\/\/www.blogdopilako.com.br\/wp\/wp-json\/wp\/v2\/users\/2"}],"replies":[{"embeddable":true,"href":"https:\/\/www.blogdopilako.com.br\/wp\/wp-json\/wp\/v2\/comments?post=121964"}],"version-history":[{"count":1,"href":"https:\/\/www.blogdopilako.com.br\/wp\/wp-json\/wp\/v2\/posts\/121964\/revisions"}],"predecessor-version":[{"id":121966,"href":"https:\/\/www.blogdopilako.com.br\/wp\/wp-json\/wp\/v2\/posts\/121964\/revisions\/121966"}],"wp:attachment":[{"href":"https:\/\/www.blogdopilako.com.br\/wp\/wp-json\/wp\/v2\/media?parent=121964"}],"wp:term":[{"taxonomy":"category","embeddable":true,"href":"https:\/\/www.blogdopilako.com.br\/wp\/wp-json\/wp\/v2\/categories?post=121964"},{"taxonomy":"post_tag","embeddable":true,"href":"https:\/\/www.blogdopilako.com.br\/wp\/wp-json\/wp\/v2\/tags?post=121964"}],"curies":[{"name":"wp","href":"https:\/\/api.w.org\/{rel}","templated":true}]}}