{"id":119353,"date":"2019-01-10T15:26:07","date_gmt":"2019-01-10T17:26:07","guid":{"rendered":"http:\/\/www.blogdopilako.com.br\/wp\/?p=119353"},"modified":"2019-01-09T19:30:36","modified_gmt":"2019-01-09T21:30:36","slug":"tempo-voa-video-carnaval-entrevista-com-seu-adroaldo-1988-2","status":"publish","type":"post","link":"https:\/\/www.blogdopilako.com.br\/wp\/2019\/01\/10\/tempo-voa-video-carnaval-entrevista-com-seu-adroaldo-1988-2\/","title":{"rendered":"Tempo Voa V\u00eddeo Carnaval: entrevista com \u201cSeu\u201d Adroaldo \u2013 1988"},"content":{"rendered":"\n\t\t\t\t<div class=\"mr_social_sharing_wrapper\">\n\t\t\t\t<!-- Social Sharing Toolkit v2.2 --><span class=\"mr_social_sharing_top\"><span style=\"display: inline-block; width: 55px; height: 62px; overflow: hidden;\"><div class=\"fb-like\" data-href=\"https:\/\/www.blogdopilako.com.br\/wp\/2019\/01\/10\/tempo-voa-video-carnaval-entrevista-com-seu-adroaldo-1988-2\/\" data-send=\"false\" data-layout=\"box_count\" data-width=\"55\" data-show-faces=\"false\"><\/div><\/span><\/span><span class=\"mr_social_sharing_top\"><fb:share-button type=\"box_count\" href=\"https:\/\/www.blogdopilako.com.br\/wp\/2019\/01\/10\/tempo-voa-video-carnaval-entrevista-com-seu-adroaldo-1988-2\/\"><\/fb:share-button><\/span><span class=\"mr_social_sharing\"><a rel=\"nofollow\" class=\"linksalpha_button linksalpha_link\" href=\"\/\/www.linksalpha.com\/social\/mobile\" data-url=\"https:\/\/www.blogdopilako.com.br\/wp\/2019\/01\/10\/tempo-voa-video-carnaval-entrevista-com-seu-adroaldo-1988-2\/\" data-text=\"Tempo Voa V\u00eddeo Carnaval: entrevista com \u201cSeu\u201d Adroaldo \u2013 1988\" data-desc=\"No Tempo Voa V\u00eddeo Carnaval de hoje, relembramos a entrevista de \u201cSeu\u201d Adroaldo, ent\u00e3o diretor do\u00a0Clube Abanadores \u201cO Le\u00e3o\u201d, em\u00a01988.\u00a0\u00a0Na ocasi\u00e3o ele ressaltou o tema o carro aleg\u00f3rico \u2013 100 Anos da Aboli\u00e7\u00e3o. Com rela\u00e7\u00e3o ao or\u00e7amento, ele diz\u201d em torno de hum a dois\" data-image=\"\" data-button=\"none\">\n\t\t\t\t\t<img src=\"\/\/www.linksalpha.com\/images\/social_share_button.png\" alt=\"Share\" class=\"linksalpha_image\" \/>\n\t\t\t\t\t<\/a><script type=\"text\/javascript\" src=\"\/\/www.linksalpha.com\/scripts\/loader_iconbox.js?v=2.4\"><\/script><\/span><\/div><p>No Tempo Voa V\u00eddeo Carnaval de hoje, relembramos a entrevista de \u201c<strong>Seu\u201d Adroaldo<\/strong>, ent\u00e3o diretor do\u00a0<strong>Clube Abanadores \u201cO Le\u00e3o\u201d<\/strong>, em\u00a0<strong>1988.\u00a0<\/strong>\u00a0Na ocasi\u00e3o ele ressaltou o tema o carro aleg\u00f3rico \u2013 100 Anos da Aboli\u00e7\u00e3o. Com rela\u00e7\u00e3o ao or\u00e7amento, ele diz\u201d em torno de hum a dois milh\u00f5es\u201d. Veja o v\u00eddeo:<\/p>\n<p><iframe loading=\"lazy\" title=\"Blog do Pilako - O Tempo Voa: Adroaldo\" width=\"584\" height=\"438\" src=\"https:\/\/www.youtube.com\/embed\/ROjffvTd6wA?feature=oembed\" frameborder=\"0\" allow=\"accelerometer; autoplay; clipboard-write; encrypted-media; gyroscope; picture-in-picture\" allowfullscreen><\/iframe><\/p>\n<p>&nbsp;<\/p>\n\n\t\t\t\t<div class=\"mr_social_sharing_wrapper\">\n\t\t\t\t<!-- Social Sharing Toolkit v2.2 --><span class=\"mr_social_sharing_top\"><span style=\"display: inline-block; width: 55px; height: 62px; overflow: hidden;\"><div class=\"fb-like\" data-href=\"https:\/\/www.blogdopilako.com.br\/wp\/2019\/01\/10\/tempo-voa-video-carnaval-entrevista-com-seu-adroaldo-1988-2\/\" data-send=\"false\" data-layout=\"box_count\" data-width=\"55\" data-show-faces=\"false\"><\/div><\/span><\/span><span class=\"mr_social_sharing_top\"><fb:share-button type=\"box_count\" href=\"https:\/\/www.blogdopilako.com.br\/wp\/2019\/01\/10\/tempo-voa-video-carnaval-entrevista-com-seu-adroaldo-1988-2\/\"><\/fb:share-button><\/span><span class=\"mr_social_sharing\"><a rel=\"nofollow\" class=\"linksalpha_button linksalpha_link\" href=\"\/\/www.linksalpha.com\/social\/mobile\" data-url=\"https:\/\/www.blogdopilako.com.br\/wp\/2019\/01\/10\/tempo-voa-video-carnaval-entrevista-com-seu-adroaldo-1988-2\/\" data-text=\"Tempo Voa V\u00eddeo Carnaval: entrevista com \u201cSeu\u201d Adroaldo \u2013 1988\" data-desc=\"No Tempo Voa V\u00eddeo Carnaval de hoje, relembramos a entrevista de \u201cSeu\u201d Adroaldo, ent\u00e3o diretor do\u00a0Clube Abanadores \u201cO Le\u00e3o\u201d, em\u00a01988.\u00a0\u00a0Na ocasi\u00e3o ele ressaltou o tema o carro aleg\u00f3rico \u2013 100 Anos da Aboli\u00e7\u00e3o. Com rela\u00e7\u00e3o ao or\u00e7amento, ele diz\u201d em torno de hum a dois\" data-image=\"\" data-button=\"none\">\n\t\t\t\t\t<img src=\"\/\/www.linksalpha.com\/images\/social_share_button.png\" alt=\"Share\" class=\"linksalpha_image\" \/>\n\t\t\t\t\t<\/a><script type=\"text\/javascript\" src=\"\/\/www.linksalpha.com\/scripts\/loader_iconbox.js?v=2.4\"><\/script><\/span><\/div>","protected":false},"excerpt":{"rendered":"\n\t\t\t\t<div class=\"mr_social_sharing_wrapper\">\n\t\t\t\t<!-- Social Sharing Toolkit v2.2 --><span class=\"mr_social_sharing_top\"><span style=\"display: inline-block; width: 55px; height: 62px; overflow: hidden;\"><div class=\"fb-like\" data-href=\"https:\/\/www.blogdopilako.com.br\/wp\/2019\/01\/10\/tempo-voa-video-carnaval-entrevista-com-seu-adroaldo-1988-2\/\" data-send=\"false\" data-layout=\"box_count\" data-width=\"55\" data-show-faces=\"false\"><\/div><\/span><\/span><span class=\"mr_social_sharing_top\"><fb:share-button type=\"box_count\" href=\"https:\/\/www.blogdopilako.com.br\/wp\/2019\/01\/10\/tempo-voa-video-carnaval-entrevista-com-seu-adroaldo-1988-2\/\"><\/fb:share-button><\/span><span class=\"mr_social_sharing\"><a rel=\"nofollow\" class=\"linksalpha_button linksalpha_link\" href=\"\/\/www.linksalpha.com\/social\/mobile\" data-url=\"https:\/\/www.blogdopilako.com.br\/wp\/2019\/01\/10\/tempo-voa-video-carnaval-entrevista-com-seu-adroaldo-1988-2\/\" data-text=\"Tempo Voa V\u00eddeo Carnaval: entrevista com \u201cSeu\u201d Adroaldo \u2013 1988\" data-desc=\"No Tempo Voa V\u00eddeo Carnaval de hoje, relembramos a entrevista de \u201cSeu\u201d Adroaldo, ent\u00e3o diretor do\u00a0Clube Abanadores \u201cO Le\u00e3o\u201d, em\u00a01988.\u00a0\u00a0Na ocasi\u00e3o ele ressaltou o tema o carro aleg\u00f3rico \u2013 100 Anos da Aboli\u00e7\u00e3o. Com rela\u00e7\u00e3o ao or\u00e7amento, ele diz\u201d em torno de hum a dois\" data-image=\"\" data-button=\"none\">\n\t\t\t\t\t<img src=\"\/\/www.linksalpha.com\/images\/social_share_button.png\" alt=\"Share\" class=\"linksalpha_image\" \/>\n\t\t\t\t\t<\/a><script type=\"text\/javascript\" src=\"\/\/www.linksalpha.com\/scripts\/loader_iconbox.js?v=2.4\"><\/script><\/span><\/div><p>No Tempo Voa V\u00eddeo Carnaval de hoje, relembramos a entrevista de \u201cSeu\u201d Adroaldo, ent\u00e3o diretor do\u00a0Clube Abanadores \u201cO Le\u00e3o\u201d, em\u00a01988.\u00a0\u00a0Na ocasi\u00e3o ele ressaltou o tema o carro aleg\u00f3rico \u2013 100 Anos da Aboli\u00e7\u00e3o. Com rela\u00e7\u00e3o ao or\u00e7amento, ele diz\u201d em &hellip; <a href=\"https:\/\/www.blogdopilako.com.br\/wp\/2019\/01\/10\/tempo-voa-video-carnaval-entrevista-com-seu-adroaldo-1988-2\/\">Continue lendo <span class=\"meta-nav\">&rarr;<\/span><\/a><\/p>\n\n\t\t\t\t<div class=\"mr_social_sharing_wrapper\">\n\t\t\t\t<!-- Social Sharing Toolkit v2.2 --><span class=\"mr_social_sharing_top\"><span style=\"display: inline-block; width: 55px; height: 62px; overflow: hidden;\"><div class=\"fb-like\" data-href=\"https:\/\/www.blogdopilako.com.br\/wp\/2019\/01\/10\/tempo-voa-video-carnaval-entrevista-com-seu-adroaldo-1988-2\/\" data-send=\"false\" data-layout=\"box_count\" data-width=\"55\" data-show-faces=\"false\"><\/div><\/span><\/span><span class=\"mr_social_sharing_top\"><fb:share-button type=\"box_count\" href=\"https:\/\/www.blogdopilako.com.br\/wp\/2019\/01\/10\/tempo-voa-video-carnaval-entrevista-com-seu-adroaldo-1988-2\/\"><\/fb:share-button><\/span><span class=\"mr_social_sharing\"><a rel=\"nofollow\" class=\"linksalpha_button linksalpha_link\" href=\"\/\/www.linksalpha.com\/social\/mobile\" data-url=\"https:\/\/www.blogdopilako.com.br\/wp\/2019\/01\/10\/tempo-voa-video-carnaval-entrevista-com-seu-adroaldo-1988-2\/\" data-text=\"Tempo Voa V\u00eddeo Carnaval: entrevista com \u201cSeu\u201d Adroaldo \u2013 1988\" data-desc=\"No Tempo Voa V\u00eddeo Carnaval de hoje, relembramos a entrevista de \u201cSeu\u201d Adroaldo, ent\u00e3o diretor do\u00a0Clube Abanadores \u201cO Le\u00e3o\u201d, em\u00a01988.\u00a0\u00a0Na ocasi\u00e3o ele ressaltou o tema o carro aleg\u00f3rico \u2013 100 Anos da Aboli\u00e7\u00e3o. Com rela\u00e7\u00e3o ao or\u00e7amento, ele diz\u201d em torno de hum a dois\" data-image=\"\" data-button=\"none\">\n\t\t\t\t\t<img src=\"\/\/www.linksalpha.com\/images\/social_share_button.png\" alt=\"Share\" class=\"linksalpha_image\" \/>\n\t\t\t\t\t<\/a><script type=\"text\/javascript\" src=\"\/\/www.linksalpha.com\/scripts\/loader_iconbox.js?v=2.4\"><\/script><\/span><\/div>","protected":false},"author":2,"featured_media":0,"comment_status":"open","ping_status":"open","sticky":false,"template":"","format":"standard","meta":[],"categories":[113],"tags":[],"_links":{"self":[{"href":"https:\/\/www.blogdopilako.com.br\/wp\/wp-json\/wp\/v2\/posts\/119353"}],"collection":[{"href":"https:\/\/www.blogdopilako.com.br\/wp\/wp-json\/wp\/v2\/posts"}],"about":[{"href":"https:\/\/www.blogdopilako.com.br\/wp\/wp-json\/wp\/v2\/types\/post"}],"author":[{"embeddable":true,"href":"https:\/\/www.blogdopilako.com.br\/wp\/wp-json\/wp\/v2\/users\/2"}],"replies":[{"embeddable":true,"href":"https:\/\/www.blogdopilako.com.br\/wp\/wp-json\/wp\/v2\/comments?post=119353"}],"version-history":[{"count":1,"href":"https:\/\/www.blogdopilako.com.br\/wp\/wp-json\/wp\/v2\/posts\/119353\/revisions"}],"predecessor-version":[{"id":119354,"href":"https:\/\/www.blogdopilako.com.br\/wp\/wp-json\/wp\/v2\/posts\/119353\/revisions\/119354"}],"wp:attachment":[{"href":"https:\/\/www.blogdopilako.com.br\/wp\/wp-json\/wp\/v2\/media?parent=119353"}],"wp:term":[{"taxonomy":"category","embeddable":true,"href":"https:\/\/www.blogdopilako.com.br\/wp\/wp-json\/wp\/v2\/categories?post=119353"},{"taxonomy":"post_tag","embeddable":true,"href":"https:\/\/www.blogdopilako.com.br\/wp\/wp-json\/wp\/v2\/tags?post=119353"}],"curies":[{"name":"wp","href":"https:\/\/api.w.org\/{rel}","templated":true}]}}