{"id":110751,"date":"2018-02-20T14:54:52","date_gmt":"2018-02-20T17:54:52","guid":{"rendered":"http:\/\/www.blogdopilako.com.br\/wp\/?p=110751"},"modified":"2018-02-20T15:16:07","modified_gmt":"2018-02-20T18:16:07","slug":"alheios-a-chuvarada-os-folioes-da-saudade-deram-um-banho-de-animacao-e-alegria","status":"publish","type":"post","link":"https:\/\/www.blogdopilako.com.br\/wp\/2018\/02\/20\/alheios-a-chuvarada-os-folioes-da-saudade-deram-um-banho-de-animacao-e-alegria\/","title":{"rendered":"Alheios a chuvarada os foli\u00f5es da SAUDADE deram um banho de anima\u00e7\u00e3o e alegria."},"content":{"rendered":"\n\t\t\t\t<div class=\"mr_social_sharing_wrapper\">\n\t\t\t\t<!-- Social Sharing Toolkit v2.2 --><span class=\"mr_social_sharing_top\"><span style=\"display: inline-block; width: 55px; height: 62px; overflow: hidden;\"><div class=\"fb-like\" data-href=\"https:\/\/www.blogdopilako.com.br\/wp\/2018\/02\/20\/alheios-a-chuvarada-os-folioes-da-saudade-deram-um-banho-de-animacao-e-alegria\/\" data-send=\"false\" data-layout=\"box_count\" data-width=\"55\" data-show-faces=\"false\"><\/div><\/span><\/span><span class=\"mr_social_sharing_top\"><fb:share-button type=\"box_count\" href=\"https:\/\/www.blogdopilako.com.br\/wp\/2018\/02\/20\/alheios-a-chuvarada-os-folioes-da-saudade-deram-um-banho-de-animacao-e-alegria\/\"><\/fb:share-button><\/span><span class=\"mr_social_sharing\"><a rel=\"nofollow\" class=\"linksalpha_button linksalpha_link\" href=\"\/\/www.linksalpha.com\/social\/mobile\" data-url=\"https:\/\/www.blogdopilako.com.br\/wp\/2018\/02\/20\/alheios-a-chuvarada-os-folioes-da-saudade-deram-um-banho-de-animacao-e-alegria\/\" data-text=\"Alheios a chuvarada os foli\u00f5es da SAUDADE deram um banho de anima\u00e7\u00e3o e alegria.\" data-desc=\"N\u00e3o \u00e9 todo dia que estamos dispostos a tomar banho de chuva. Quando crian\u00e7a at\u00e9 que estamos mais propensos, mas, depois de adultos, as coisas mudam um pouco de figura. Pois bem, por incr\u00edvel que pare\u00e7a, a inesperada chuvarada, \u00a0ocorrida no meio do desfile da SAUDADE, para os foli\u00f5es foi uma\" data-image=\"http:\/\/www.blogdopilako.com.br\/wp\/wp-content\/uploads\/2018\/02\/IMG_6647.jpg\" data-button=\"none\">\n\t\t\t\t\t<img src=\"\/\/www.linksalpha.com\/images\/social_share_button.png\" alt=\"Share\" class=\"linksalpha_image\" \/>\n\t\t\t\t\t<\/a><script type=\"text\/javascript\" src=\"\/\/www.linksalpha.com\/scripts\/loader_iconbox.js?v=2.4\"><\/script><\/span><\/div><p style=\"text-align: justify;\"><img loading=\"lazy\" class=\"aligncenter size-full wp-image-110790\" src=\"http:\/\/www.blogdopilako.com.br\/wp\/wp-content\/uploads\/2018\/02\/IMG_6647.jpg\" alt=\"\" width=\"600\" height=\"400\" srcset=\"https:\/\/www.blogdopilako.com.br\/wp\/wp-content\/uploads\/2018\/02\/IMG_6647.jpg 600w, https:\/\/www.blogdopilako.com.br\/wp\/wp-content\/uploads\/2018\/02\/IMG_6647-300x200.jpg 300w\" sizes=\"(max-width: 600px) 100vw, 600px\" \/><\/p>\n<p style=\"text-align: justify;\">N\u00e3o \u00e9 todo dia que estamos dispostos a tomar banho de chuva. Quando crian\u00e7a at\u00e9 que estamos mais propensos, mas, depois de adultos, as coisas mudam um pouco de figura. Pois bem, por incr\u00edvel que pare\u00e7a, a inesperada chuvarada, \u00a0ocorrida no meio do desfile da <strong>SAUDADE<\/strong>, para os foli\u00f5es foi uma das melhores coisas que poderia ter acontecido \u2013 palavras deles. Na qualidade de produtor do evento, n\u00e3o comungo da mesma opini\u00e3o. Certamente, se ali estivesse na qualidade de brincante compartilharia desse mesmo sentimento.<\/p>\n<p style=\"text-align: justify;\"><img loading=\"lazy\" class=\"aligncenter size-full wp-image-110791\" src=\"http:\/\/www.blogdopilako.com.br\/wp\/wp-content\/uploads\/2018\/02\/IMG_3981.jpg\" alt=\"\" width=\"600\" height=\"450\" srcset=\"https:\/\/www.blogdopilako.com.br\/wp\/wp-content\/uploads\/2018\/02\/IMG_3981.jpg 600w, https:\/\/www.blogdopilako.com.br\/wp\/wp-content\/uploads\/2018\/02\/IMG_3981-300x225.jpg 300w\" sizes=\"(max-width: 600px) 100vw, 600px\" \/><\/p>\n<p style=\"text-align: justify;\">A opera\u00e7\u00e3o log\u00edstica para cobrir um trio el\u00e9trico em pleno movimento n\u00e3o \u00e9 uma tarefa das mais f\u00e1ceis. Em virtude da rapidez com que a chuva caiu a primeira providencia foi cobrir com lonas os equipamentos eletr\u00f4nicos. Para depois, em local seguro e parado, realizar o procedimento padr\u00e3o. Ou seja: colocar a ferragem e cobrir com a lona apropriada toda superf\u00edcie do trio. Tudo isso de maneira articulada, para que n\u00e3o haja interrup\u00e7\u00e3o na apresenta\u00e7\u00e3o art\u00edstica. Em alguns momentos, o<strong> Elaque Amaral<\/strong> cantou sozinho, segurou na capela e no gog\u00f3&#8230; n\u00e3o deixou a peteca cair&#8230; Real\u00e7o, tamb\u00e9m, o profissionalismo e o empenho de toda equipe t\u00e9cnica do trio Asas da Am\u00e9rica&#8230; os caras s\u00e3o feras&#8230;<\/p>\n<p style=\"text-align: justify;\">Bem!!! Passado todo sufoco, onde corremos o s\u00e9rio risco de encerramos o desfile no bairro do Livramento, S\u00e3o Pedro aliviou a barra e encerrou a chuva. Com todo esse atropelo sanado, por\u00e9m, surge outro problema: terminarmos a festa dentro do hor\u00e1rio previsto pelo <strong>TAC \u2013 Termo de Ajustamento de Conduta.<\/strong><\/p>\n<p style=\"text-align: justify;\"><img loading=\"lazy\" class=\"aligncenter size-full wp-image-110792\" src=\"http:\/\/www.blogdopilako.com.br\/wp\/wp-content\/uploads\/2018\/02\/IMG_6658.jpg\" alt=\"\" width=\"600\" height=\"400\" srcset=\"https:\/\/www.blogdopilako.com.br\/wp\/wp-content\/uploads\/2018\/02\/IMG_6658.jpg 600w, https:\/\/www.blogdopilako.com.br\/wp\/wp-content\/uploads\/2018\/02\/IMG_6658-300x200.jpg 300w\" sizes=\"(max-width: 600px) 100vw, 600px\" \/><\/p>\n<p style=\"text-align: justify;\">Literalmente, tivemos que apressar o passo!!! Corremos no limite m\u00e1ximo&#8230; e chegamos ao ponto final faltando apenas nove minutos para o hor\u00e1rio limite. Os foli\u00f5es, alheios a tudo isso, deram um show!! Ap\u00f3s a chuva, n\u00e3o se intimidaram nem foram pra casa. Mesmo molhados e encharcados brincaram e se divertiram com mais anima\u00e7\u00e3o. S\u00e3o por essas e outras que falamos: <strong>NA SAUDADE, A GENTE BRINCA MELHOR!!<\/strong><\/p>\n<p style=\"text-align: justify;\"><img loading=\"lazy\" class=\"aligncenter size-full wp-image-110793\" src=\"http:\/\/www.blogdopilako.com.br\/wp\/wp-content\/uploads\/2018\/02\/IMG_6718.jpg\" alt=\"\" width=\"600\" height=\"400\" srcset=\"https:\/\/www.blogdopilako.com.br\/wp\/wp-content\/uploads\/2018\/02\/IMG_6718.jpg 600w, https:\/\/www.blogdopilako.com.br\/wp\/wp-content\/uploads\/2018\/02\/IMG_6718-300x200.jpg 300w\" sizes=\"(max-width: 600px) 100vw, 600px\" \/><\/p>\n\n\t\t\t\t<div class=\"mr_social_sharing_wrapper\">\n\t\t\t\t<!-- Social Sharing Toolkit v2.2 --><span class=\"mr_social_sharing_top\"><span style=\"display: inline-block; width: 55px; height: 62px; overflow: hidden;\"><div class=\"fb-like\" data-href=\"https:\/\/www.blogdopilako.com.br\/wp\/2018\/02\/20\/alheios-a-chuvarada-os-folioes-da-saudade-deram-um-banho-de-animacao-e-alegria\/\" data-send=\"false\" data-layout=\"box_count\" data-width=\"55\" data-show-faces=\"false\"><\/div><\/span><\/span><span class=\"mr_social_sharing_top\"><fb:share-button type=\"box_count\" href=\"https:\/\/www.blogdopilako.com.br\/wp\/2018\/02\/20\/alheios-a-chuvarada-os-folioes-da-saudade-deram-um-banho-de-animacao-e-alegria\/\"><\/fb:share-button><\/span><span class=\"mr_social_sharing\"><a rel=\"nofollow\" class=\"linksalpha_button linksalpha_link\" href=\"\/\/www.linksalpha.com\/social\/mobile\" data-url=\"https:\/\/www.blogdopilako.com.br\/wp\/2018\/02\/20\/alheios-a-chuvarada-os-folioes-da-saudade-deram-um-banho-de-animacao-e-alegria\/\" data-text=\"Alheios a chuvarada os foli\u00f5es da SAUDADE deram um banho de anima\u00e7\u00e3o e alegria.\" data-desc=\"N\u00e3o \u00e9 todo dia que estamos dispostos a tomar banho de chuva. Quando crian\u00e7a at\u00e9 que estamos mais propensos, mas, depois de adultos, as coisas mudam um pouco de figura. Pois bem, por incr\u00edvel que pare\u00e7a, a inesperada chuvarada, \u00a0ocorrida no meio do desfile da SAUDADE, para os foli\u00f5es foi uma\" data-image=\"http:\/\/www.blogdopilako.com.br\/wp\/wp-content\/uploads\/2018\/02\/IMG_6647.jpg\" data-button=\"none\">\n\t\t\t\t\t<img src=\"\/\/www.linksalpha.com\/images\/social_share_button.png\" alt=\"Share\" class=\"linksalpha_image\" \/>\n\t\t\t\t\t<\/a><script type=\"text\/javascript\" src=\"\/\/www.linksalpha.com\/scripts\/loader_iconbox.js?v=2.4\"><\/script><\/span><\/div>","protected":false},"excerpt":{"rendered":"\n\t\t\t\t<div class=\"mr_social_sharing_wrapper\">\n\t\t\t\t<!-- Social Sharing Toolkit v2.2 --><span class=\"mr_social_sharing_top\"><span style=\"display: inline-block; width: 55px; height: 62px; overflow: hidden;\"><div class=\"fb-like\" data-href=\"https:\/\/www.blogdopilako.com.br\/wp\/2018\/02\/20\/alheios-a-chuvarada-os-folioes-da-saudade-deram-um-banho-de-animacao-e-alegria\/\" data-send=\"false\" data-layout=\"box_count\" data-width=\"55\" data-show-faces=\"false\"><\/div><\/span><\/span><span class=\"mr_social_sharing_top\"><fb:share-button type=\"box_count\" href=\"https:\/\/www.blogdopilako.com.br\/wp\/2018\/02\/20\/alheios-a-chuvarada-os-folioes-da-saudade-deram-um-banho-de-animacao-e-alegria\/\"><\/fb:share-button><\/span><span class=\"mr_social_sharing\"><a rel=\"nofollow\" class=\"linksalpha_button linksalpha_link\" href=\"\/\/www.linksalpha.com\/social\/mobile\" data-url=\"https:\/\/www.blogdopilako.com.br\/wp\/2018\/02\/20\/alheios-a-chuvarada-os-folioes-da-saudade-deram-um-banho-de-animacao-e-alegria\/\" data-text=\"Alheios a chuvarada os foli\u00f5es da SAUDADE deram um banho de anima\u00e7\u00e3o e alegria.\" data-desc=\"N\u00e3o \u00e9 todo dia que estamos dispostos a tomar banho de chuva. Quando crian\u00e7a at\u00e9 que estamos mais propensos, mas, depois de adultos, as coisas mudam um pouco de figura. Pois bem, por incr\u00edvel que pare\u00e7a, a inesperada chuvarada, \u00a0ocorrida no meio do desfile da SAUDADE, para os foli\u00f5es foi uma\" data-image=\"\" data-button=\"none\">\n\t\t\t\t\t<img src=\"\/\/www.linksalpha.com\/images\/social_share_button.png\" alt=\"Share\" class=\"linksalpha_image\" \/>\n\t\t\t\t\t<\/a><script type=\"text\/javascript\" src=\"\/\/www.linksalpha.com\/scripts\/loader_iconbox.js?v=2.4\"><\/script><\/span><\/div><p>N\u00e3o \u00e9 todo dia que estamos dispostos a tomar banho de chuva. Quando crian\u00e7a at\u00e9 que estamos mais propensos, mas, depois de adultos, as coisas mudam um pouco de figura. Pois bem, por incr\u00edvel que pare\u00e7a, a inesperada chuvarada, \u00a0ocorrida &hellip; <a href=\"https:\/\/www.blogdopilako.com.br\/wp\/2018\/02\/20\/alheios-a-chuvarada-os-folioes-da-saudade-deram-um-banho-de-animacao-e-alegria\/\">Continue lendo <span class=\"meta-nav\">&rarr;<\/span><\/a><\/p>\n\n\t\t\t\t<div class=\"mr_social_sharing_wrapper\">\n\t\t\t\t<!-- Social Sharing Toolkit v2.2 --><span class=\"mr_social_sharing_top\"><span style=\"display: inline-block; width: 55px; height: 62px; overflow: hidden;\"><div class=\"fb-like\" data-href=\"https:\/\/www.blogdopilako.com.br\/wp\/2018\/02\/20\/alheios-a-chuvarada-os-folioes-da-saudade-deram-um-banho-de-animacao-e-alegria\/\" data-send=\"false\" data-layout=\"box_count\" data-width=\"55\" data-show-faces=\"false\"><\/div><\/span><\/span><span class=\"mr_social_sharing_top\"><fb:share-button type=\"box_count\" href=\"https:\/\/www.blogdopilako.com.br\/wp\/2018\/02\/20\/alheios-a-chuvarada-os-folioes-da-saudade-deram-um-banho-de-animacao-e-alegria\/\"><\/fb:share-button><\/span><span class=\"mr_social_sharing\"><a rel=\"nofollow\" class=\"linksalpha_button linksalpha_link\" href=\"\/\/www.linksalpha.com\/social\/mobile\" data-url=\"https:\/\/www.blogdopilako.com.br\/wp\/2018\/02\/20\/alheios-a-chuvarada-os-folioes-da-saudade-deram-um-banho-de-animacao-e-alegria\/\" data-text=\"Alheios a chuvarada os foli\u00f5es da SAUDADE deram um banho de anima\u00e7\u00e3o e alegria.\" data-desc=\"N\u00e3o \u00e9 todo dia que estamos dispostos a tomar banho de chuva. Quando crian\u00e7a at\u00e9 que estamos mais propensos, mas, depois de adultos, as coisas mudam um pouco de figura. Pois bem, por incr\u00edvel que pare\u00e7a, a inesperada chuvarada, \u00a0ocorrida no meio do desfile da SAUDADE, para os foli\u00f5es foi uma\" data-image=\"\" data-button=\"none\">\n\t\t\t\t\t<img src=\"\/\/www.linksalpha.com\/images\/social_share_button.png\" alt=\"Share\" class=\"linksalpha_image\" \/>\n\t\t\t\t\t<\/a><script type=\"text\/javascript\" src=\"\/\/www.linksalpha.com\/scripts\/loader_iconbox.js?v=2.4\"><\/script><\/span><\/div>","protected":false},"author":2,"featured_media":0,"comment_status":"open","ping_status":"open","sticky":false,"template":"","format":"standard","meta":[],"categories":[22],"tags":[],"_links":{"self":[{"href":"https:\/\/www.blogdopilako.com.br\/wp\/wp-json\/wp\/v2\/posts\/110751"}],"collection":[{"href":"https:\/\/www.blogdopilako.com.br\/wp\/wp-json\/wp\/v2\/posts"}],"about":[{"href":"https:\/\/www.blogdopilako.com.br\/wp\/wp-json\/wp\/v2\/types\/post"}],"author":[{"embeddable":true,"href":"https:\/\/www.blogdopilako.com.br\/wp\/wp-json\/wp\/v2\/users\/2"}],"replies":[{"embeddable":true,"href":"https:\/\/www.blogdopilako.com.br\/wp\/wp-json\/wp\/v2\/comments?post=110751"}],"version-history":[{"count":4,"href":"https:\/\/www.blogdopilako.com.br\/wp\/wp-json\/wp\/v2\/posts\/110751\/revisions"}],"predecessor-version":[{"id":110795,"href":"https:\/\/www.blogdopilako.com.br\/wp\/wp-json\/wp\/v2\/posts\/110751\/revisions\/110795"}],"wp:attachment":[{"href":"https:\/\/www.blogdopilako.com.br\/wp\/wp-json\/wp\/v2\/media?parent=110751"}],"wp:term":[{"taxonomy":"category","embeddable":true,"href":"https:\/\/www.blogdopilako.com.br\/wp\/wp-json\/wp\/v2\/categories?post=110751"},{"taxonomy":"post_tag","embeddable":true,"href":"https:\/\/www.blogdopilako.com.br\/wp\/wp-json\/wp\/v2\/tags?post=110751"}],"curies":[{"name":"wp","href":"https:\/\/api.w.org\/{rel}","templated":true}]}}