{"id":10852,"date":"2011-12-28T11:47:31","date_gmt":"2011-12-28T14:47:31","guid":{"rendered":"http:\/\/www.blogdopilako.com.br\/wp\/?p=10852"},"modified":"2011-12-28T11:48:55","modified_gmt":"2011-12-28T14:48:55","slug":"o-tempo-voa-principe-dom-pedro-em-homenagem-a-diogo-de-braga-1954","status":"publish","type":"post","link":"https:\/\/www.blogdopilako.com.br\/wp\/2011\/12\/28\/o-tempo-voa-principe-dom-pedro-em-homenagem-a-diogo-de-braga-1954\/","title":{"rendered":"O Tempo Voa: Pr\u00edncipe Dom Pedro em homenagem a Diogo de Braga. (1954)"},"content":{"rendered":"\n\t\t\t\t<div class=\"mr_social_sharing_wrapper\">\n\t\t\t\t<!-- Social Sharing Toolkit v2.2 --><span class=\"mr_social_sharing_top\"><span style=\"display: inline-block; width: 55px; height: 62px; overflow: hidden;\"><div class=\"fb-like\" data-href=\"https:\/\/www.blogdopilako.com.br\/wp\/2011\/12\/28\/o-tempo-voa-principe-dom-pedro-em-homenagem-a-diogo-de-braga-1954\/\" data-send=\"false\" data-layout=\"box_count\" data-width=\"55\" data-show-faces=\"false\"><\/div><\/span><\/span><span class=\"mr_social_sharing_top\"><fb:share-button type=\"box_count\" href=\"https:\/\/www.blogdopilako.com.br\/wp\/2011\/12\/28\/o-tempo-voa-principe-dom-pedro-em-homenagem-a-diogo-de-braga-1954\/\"><\/fb:share-button><\/span><span class=\"mr_social_sharing\"><a rel=\"nofollow\" class=\"linksalpha_button linksalpha_link\" href=\"\/\/www.linksalpha.com\/social\/mobile\" data-url=\"https:\/\/www.blogdopilako.com.br\/wp\/2011\/12\/28\/o-tempo-voa-principe-dom-pedro-em-homenagem-a-diogo-de-braga-1954\/\" data-text=\"O Tempo Voa: Pr\u00edncipe Dom Pedro em homenagem a Diogo de Braga. (1954)\" data-desc=\"O\u00a0Pr\u00edncipe\u00a0Dom Pedro, a sua esposa e a col\u00f4nia luso-portuguesa do Recife homenageiam a Diogo de Braga, em setembro de 1954. Foto registrada na pra\u00e7a Diogo de Braga, ao lado o ent\u00e3o prefeito Manoel de Holanda.\" data-image=\"http:\/\/www.blogdopilako.com.br\/wp\/wp-content\/uploads\/homenagem-diogo-de-braga.jpg\" data-button=\"none\">\n\t\t\t\t\t<img src=\"\/\/www.linksalpha.com\/images\/social_share_button.png\" alt=\"Share\" class=\"linksalpha_image\" \/>\n\t\t\t\t\t<\/a><script type=\"text\/javascript\" src=\"\/\/www.linksalpha.com\/scripts\/loader_iconbox.js?v=2.4\"><\/script><\/span><\/div><p><a href=\"http:\/\/www.blogdopilako.com.br\/wp\/wp-content\/uploads\/homenagem-diogo-de-braga.jpg\"><img loading=\"lazy\" class=\"aligncenter size-full wp-image-10853\" title=\"homenagem-diogo-de-braga\" src=\"http:\/\/www.blogdopilako.com.br\/wp\/wp-content\/uploads\/homenagem-diogo-de-braga.jpg\" alt=\"\" width=\"572\" height=\"424\" \/><\/a><\/p>\n<p style=\"text-align: justify;\">O\u00a0<em><strong>Pr\u00edncipe\u00a0Dom Pedro<\/strong><\/em>, a sua esposa e a col\u00f4nia luso-portuguesa do Recife homenageiam a <em><strong>Diogo de Braga<\/strong><\/em>, em setembro de <em><strong>1954<\/strong><\/em>. Foto registrada na pra\u00e7a Diogo de Braga, ao lado o ent\u00e3o prefeito <em><strong>Manoel de Holanda<\/strong><\/em>.<\/p>\n\n\t\t\t\t<div class=\"mr_social_sharing_wrapper\">\n\t\t\t\t<!-- Social Sharing Toolkit v2.2 --><span class=\"mr_social_sharing_top\"><span style=\"display: inline-block; width: 55px; height: 62px; overflow: hidden;\"><div class=\"fb-like\" data-href=\"https:\/\/www.blogdopilako.com.br\/wp\/2011\/12\/28\/o-tempo-voa-principe-dom-pedro-em-homenagem-a-diogo-de-braga-1954\/\" data-send=\"false\" data-layout=\"box_count\" data-width=\"55\" data-show-faces=\"false\"><\/div><\/span><\/span><span class=\"mr_social_sharing_top\"><fb:share-button type=\"box_count\" href=\"https:\/\/www.blogdopilako.com.br\/wp\/2011\/12\/28\/o-tempo-voa-principe-dom-pedro-em-homenagem-a-diogo-de-braga-1954\/\"><\/fb:share-button><\/span><span class=\"mr_social_sharing\"><a rel=\"nofollow\" class=\"linksalpha_button linksalpha_link\" href=\"\/\/www.linksalpha.com\/social\/mobile\" data-url=\"https:\/\/www.blogdopilako.com.br\/wp\/2011\/12\/28\/o-tempo-voa-principe-dom-pedro-em-homenagem-a-diogo-de-braga-1954\/\" data-text=\"O Tempo Voa: Pr\u00edncipe Dom Pedro em homenagem a Diogo de Braga. (1954)\" data-desc=\"O\u00a0Pr\u00edncipe\u00a0Dom Pedro, a sua esposa e a col\u00f4nia luso-portuguesa do Recife homenageiam a Diogo de Braga, em setembro de 1954. Foto registrada na pra\u00e7a Diogo de Braga, ao lado o ent\u00e3o prefeito Manoel de Holanda.\" data-image=\"http:\/\/www.blogdopilako.com.br\/wp\/wp-content\/uploads\/homenagem-diogo-de-braga.jpg\" data-button=\"none\">\n\t\t\t\t\t<img src=\"\/\/www.linksalpha.com\/images\/social_share_button.png\" alt=\"Share\" class=\"linksalpha_image\" \/>\n\t\t\t\t\t<\/a><script type=\"text\/javascript\" src=\"\/\/www.linksalpha.com\/scripts\/loader_iconbox.js?v=2.4\"><\/script><\/span><\/div>","protected":false},"excerpt":{"rendered":"\n\t\t\t\t<div class=\"mr_social_sharing_wrapper\">\n\t\t\t\t<!-- Social Sharing Toolkit v2.2 --><span class=\"mr_social_sharing_top\"><span style=\"display: inline-block; width: 55px; height: 62px; overflow: hidden;\"><div class=\"fb-like\" data-href=\"https:\/\/www.blogdopilako.com.br\/wp\/2011\/12\/28\/o-tempo-voa-principe-dom-pedro-em-homenagem-a-diogo-de-braga-1954\/\" data-send=\"false\" data-layout=\"box_count\" data-width=\"55\" data-show-faces=\"false\"><\/div><\/span><\/span><span class=\"mr_social_sharing_top\"><fb:share-button type=\"box_count\" href=\"https:\/\/www.blogdopilako.com.br\/wp\/2011\/12\/28\/o-tempo-voa-principe-dom-pedro-em-homenagem-a-diogo-de-braga-1954\/\"><\/fb:share-button><\/span><span class=\"mr_social_sharing\"><a rel=\"nofollow\" class=\"linksalpha_button linksalpha_link\" href=\"\/\/www.linksalpha.com\/social\/mobile\" data-url=\"https:\/\/www.blogdopilako.com.br\/wp\/2011\/12\/28\/o-tempo-voa-principe-dom-pedro-em-homenagem-a-diogo-de-braga-1954\/\" data-text=\"O Tempo Voa: Pr\u00edncipe Dom Pedro em homenagem a Diogo de Braga. (1954)\" data-desc=\"O\u00a0Pr\u00edncipe\u00a0Dom Pedro, a sua esposa e a col\u00f4nia luso-portuguesa do Recife homenageiam a Diogo de Braga, em setembro de 1954. Foto registrada na pra\u00e7a Diogo de Braga, ao lado o ent\u00e3o prefeito Manoel de Holanda.\" data-image=\"\" data-button=\"none\">\n\t\t\t\t\t<img src=\"\/\/www.linksalpha.com\/images\/social_share_button.png\" alt=\"Share\" class=\"linksalpha_image\" \/>\n\t\t\t\t\t<\/a><script type=\"text\/javascript\" src=\"\/\/www.linksalpha.com\/scripts\/loader_iconbox.js?v=2.4\"><\/script><\/span><\/div><p>O\u00a0Pr\u00edncipe\u00a0Dom Pedro, a sua esposa e a col\u00f4nia luso-portuguesa do Recife homenageiam a Diogo de Braga, em setembro de 1954. Foto registrada na pra\u00e7a Diogo de Braga, ao lado o ent\u00e3o prefeito Manoel de Holanda.<\/p>\n\n\t\t\t\t<div class=\"mr_social_sharing_wrapper\">\n\t\t\t\t<!-- Social Sharing Toolkit v2.2 --><span class=\"mr_social_sharing_top\"><span style=\"display: inline-block; width: 55px; height: 62px; overflow: hidden;\"><div class=\"fb-like\" data-href=\"https:\/\/www.blogdopilako.com.br\/wp\/2011\/12\/28\/o-tempo-voa-principe-dom-pedro-em-homenagem-a-diogo-de-braga-1954\/\" data-send=\"false\" data-layout=\"box_count\" data-width=\"55\" data-show-faces=\"false\"><\/div><\/span><\/span><span class=\"mr_social_sharing_top\"><fb:share-button type=\"box_count\" href=\"https:\/\/www.blogdopilako.com.br\/wp\/2011\/12\/28\/o-tempo-voa-principe-dom-pedro-em-homenagem-a-diogo-de-braga-1954\/\"><\/fb:share-button><\/span><span class=\"mr_social_sharing\"><a rel=\"nofollow\" class=\"linksalpha_button linksalpha_link\" href=\"\/\/www.linksalpha.com\/social\/mobile\" data-url=\"https:\/\/www.blogdopilako.com.br\/wp\/2011\/12\/28\/o-tempo-voa-principe-dom-pedro-em-homenagem-a-diogo-de-braga-1954\/\" data-text=\"O Tempo Voa: Pr\u00edncipe Dom Pedro em homenagem a Diogo de Braga. (1954)\" data-desc=\"O\u00a0Pr\u00edncipe\u00a0Dom Pedro, a sua esposa e a col\u00f4nia luso-portuguesa do Recife homenageiam a Diogo de Braga, em setembro de 1954. Foto registrada na pra\u00e7a Diogo de Braga, ao lado o ent\u00e3o prefeito Manoel de Holanda.\" data-image=\"\" data-button=\"none\">\n\t\t\t\t\t<img src=\"\/\/www.linksalpha.com\/images\/social_share_button.png\" alt=\"Share\" class=\"linksalpha_image\" \/>\n\t\t\t\t\t<\/a><script type=\"text\/javascript\" src=\"\/\/www.linksalpha.com\/scripts\/loader_iconbox.js?v=2.4\"><\/script><\/span><\/div>","protected":false},"author":4,"featured_media":0,"comment_status":"open","ping_status":"open","sticky":false,"template":"","format":"standard","meta":[],"categories":[23],"tags":[],"_links":{"self":[{"href":"https:\/\/www.blogdopilako.com.br\/wp\/wp-json\/wp\/v2\/posts\/10852"}],"collection":[{"href":"https:\/\/www.blogdopilako.com.br\/wp\/wp-json\/wp\/v2\/posts"}],"about":[{"href":"https:\/\/www.blogdopilako.com.br\/wp\/wp-json\/wp\/v2\/types\/post"}],"author":[{"embeddable":true,"href":"https:\/\/www.blogdopilako.com.br\/wp\/wp-json\/wp\/v2\/users\/4"}],"replies":[{"embeddable":true,"href":"https:\/\/www.blogdopilako.com.br\/wp\/wp-json\/wp\/v2\/comments?post=10852"}],"version-history":[{"count":4,"href":"https:\/\/www.blogdopilako.com.br\/wp\/wp-json\/wp\/v2\/posts\/10852\/revisions"}],"predecessor-version":[{"id":59673,"href":"https:\/\/www.blogdopilako.com.br\/wp\/wp-json\/wp\/v2\/posts\/10852\/revisions\/59673"}],"wp:attachment":[{"href":"https:\/\/www.blogdopilako.com.br\/wp\/wp-json\/wp\/v2\/media?parent=10852"}],"wp:term":[{"taxonomy":"category","embeddable":true,"href":"https:\/\/www.blogdopilako.com.br\/wp\/wp-json\/wp\/v2\/categories?post=10852"},{"taxonomy":"post_tag","embeddable":true,"href":"https:\/\/www.blogdopilako.com.br\/wp\/wp-json\/wp\/v2\/tags?post=10852"}],"curies":[{"name":"wp","href":"https:\/\/api.w.org\/{rel}","templated":true}]}}