{"id":106990,"date":"2017-11-01T16:13:14","date_gmt":"2017-11-01T18:13:14","guid":{"rendered":"http:\/\/www.blogdopilako.com.br\/wp\/?p=106990"},"modified":"2017-11-01T16:24:52","modified_gmt":"2017-11-01T18:24:52","slug":"batfino-ou-joao-vitor-quem-vai-ser-o-otario","status":"publish","type":"post","link":"https:\/\/www.blogdopilako.com.br\/wp\/2017\/11\/01\/batfino-ou-joao-vitor-quem-vai-ser-o-otario\/","title":{"rendered":"Batfino ou Jo\u00e3o Vitor: qual vai ser o &#8220;ot\u00e1rio&#8221;?"},"content":{"rendered":"\n\t\t\t\t<div class=\"mr_social_sharing_wrapper\">\n\t\t\t\t<!-- Social Sharing Toolkit v2.2 --><span class=\"mr_social_sharing_top\"><span style=\"display: inline-block; width: 55px; height: 62px; overflow: hidden;\"><div class=\"fb-like\" data-href=\"https:\/\/www.blogdopilako.com.br\/wp\/2017\/11\/01\/batfino-ou-joao-vitor-quem-vai-ser-o-otario\/\" data-send=\"false\" data-layout=\"box_count\" data-width=\"55\" data-show-faces=\"false\"><\/div><\/span><\/span><span class=\"mr_social_sharing_top\"><fb:share-button type=\"box_count\" href=\"https:\/\/www.blogdopilako.com.br\/wp\/2017\/11\/01\/batfino-ou-joao-vitor-quem-vai-ser-o-otario\/\"><\/fb:share-button><\/span><span class=\"mr_social_sharing\"><a rel=\"nofollow\" class=\"linksalpha_button linksalpha_link\" href=\"\/\/www.linksalpha.com\/social\/mobile\" data-url=\"https:\/\/www.blogdopilako.com.br\/wp\/2017\/11\/01\/batfino-ou-joao-vitor-quem-vai-ser-o-otario\/\" data-text=\"Batfino ou Jo\u00e3o Vitor: qual vai ser o \u201cot\u00e1rio\u201d?\" data-desc=\"Dias atr\u00e1s, ap\u00f3s o time colombiano vencer o Sport Clube Recife na Ilha do retiro, pela Copa Sul-Americana, testemunhei o debate futebol\u00edstico entre dois torcedores emblem\u00e1tico da Vit\u00f3ria de Santo Ant\u00e3o. Batfino e Jo\u00e3o Vitor, rubro-negro do Le\u00e3o e Tricolor do Arruda, respectivamente, s\u00e3o\" data-image=\"http:\/\/www.blogdopilako.com.br\/wp\/wp-content\/uploads\/2017\/11\/IMG_0983.jpg\" data-button=\"none\">\n\t\t\t\t\t<img src=\"\/\/www.linksalpha.com\/images\/social_share_button.png\" alt=\"Share\" class=\"linksalpha_image\" \/>\n\t\t\t\t\t<\/a><script type=\"text\/javascript\" src=\"\/\/www.linksalpha.com\/scripts\/loader_iconbox.js?v=2.4\"><\/script><\/span><\/div><p style=\"text-align: justify;\"><a href=\"http:\/\/www.blogdopilako.com.br\/wp\/wp-content\/uploads\/2017\/11\/IMG_0983.jpg\"><img loading=\"lazy\" class=\"aligncenter size-full wp-image-107025\" src=\"http:\/\/www.blogdopilako.com.br\/wp\/wp-content\/uploads\/2017\/11\/IMG_0983.jpg\" alt=\"\" width=\"566\" height=\"369\" srcset=\"https:\/\/www.blogdopilako.com.br\/wp\/wp-content\/uploads\/2017\/11\/IMG_0983.jpg 566w, https:\/\/www.blogdopilako.com.br\/wp\/wp-content\/uploads\/2017\/11\/IMG_0983-300x196.jpg 300w\" sizes=\"(max-width: 566px) 100vw, 566px\" \/><\/a><\/p>\n<p style=\"text-align: justify;\">Dias atr\u00e1s, ap\u00f3s o time colombiano vencer o <strong>Sport Clube Recife<\/strong> na Ilha do retiro, pela Copa Sul-Americana, testemunhei o debate futebol\u00edstico entre dois torcedores emblem\u00e1tico da Vit\u00f3ria de Santo Ant\u00e3o. <strong>Batfino<\/strong> e <strong>Jo\u00e3o Vitor<\/strong>, rubro-negro do Le\u00e3o e Tricolor do Arruda, respectivamente, s\u00e3o amigos, independente de qualquer coisa, ali\u00e1s, como deveriam ser todas as pessoas que gostam de futebol, mesmo que sejam torcedores de times \u00a0diferentes. Brigar por conta de futebol \u00e9 algo descabido!<\/p>\n<p style=\"text-align: justify;\">Pois bem, conversa pra l\u00e1, conversa pra c\u00e1, o amigo <strong>Jo\u00e3o Vitor<\/strong>, gozador por natureza, disse, em tom de deboche,\u00a0 que era torcedor do Barranquilla desde criancinha. <strong>Batfino<\/strong>, sentiu-se ferido!! Cantou-lhe uma aposta, dizendo: \u201c<strong><em>pego um gol e sou Sport no jogo da volta. Casa cem reais, ot\u00e1rio!<\/em><\/strong>\u201d.<\/p>\n<p style=\"text-align: justify;\">Pois bem, eu, na qualidade de torcedor do \u00a0tipo \u201cParaguai\u201d do timbu, fiquei no meio desse \u201cfogo-cruzado\u201d. Veja o v\u00eddeo e tire suas conclus\u00f5es:<\/p>\n<p><iframe loading=\"lazy\" title=\"Blog do Pilako: VIT\u00d3RIA DE SANTO ANT\u00c3O - DISPUTA - JO\u00c3O VITOR BATFINO - 2017\" width=\"584\" height=\"329\" src=\"https:\/\/www.youtube.com\/embed\/J4Vi-F_or8s?feature=oembed\" frameborder=\"0\" allow=\"accelerometer; autoplay; clipboard-write; encrypted-media; gyroscope; picture-in-picture\" allowfullscreen><\/iframe><\/p>\n\n\t\t\t\t<div class=\"mr_social_sharing_wrapper\">\n\t\t\t\t<!-- Social Sharing Toolkit v2.2 --><span class=\"mr_social_sharing_top\"><span style=\"display: inline-block; width: 55px; height: 62px; overflow: hidden;\"><div class=\"fb-like\" data-href=\"https:\/\/www.blogdopilako.com.br\/wp\/2017\/11\/01\/batfino-ou-joao-vitor-quem-vai-ser-o-otario\/\" data-send=\"false\" data-layout=\"box_count\" data-width=\"55\" data-show-faces=\"false\"><\/div><\/span><\/span><span class=\"mr_social_sharing_top\"><fb:share-button type=\"box_count\" href=\"https:\/\/www.blogdopilako.com.br\/wp\/2017\/11\/01\/batfino-ou-joao-vitor-quem-vai-ser-o-otario\/\"><\/fb:share-button><\/span><span class=\"mr_social_sharing\"><a rel=\"nofollow\" class=\"linksalpha_button linksalpha_link\" href=\"\/\/www.linksalpha.com\/social\/mobile\" data-url=\"https:\/\/www.blogdopilako.com.br\/wp\/2017\/11\/01\/batfino-ou-joao-vitor-quem-vai-ser-o-otario\/\" data-text=\"Batfino ou Jo\u00e3o Vitor: qual vai ser o \u201cot\u00e1rio\u201d?\" data-desc=\"Dias atr\u00e1s, ap\u00f3s o time colombiano vencer o Sport Clube Recife na Ilha do retiro, pela Copa Sul-Americana, testemunhei o debate futebol\u00edstico entre dois torcedores emblem\u00e1tico da Vit\u00f3ria de Santo Ant\u00e3o. Batfino e Jo\u00e3o Vitor, rubro-negro do Le\u00e3o e Tricolor do Arruda, respectivamente, s\u00e3o\" data-image=\"http:\/\/www.blogdopilako.com.br\/wp\/wp-content\/uploads\/2017\/11\/IMG_0983.jpg\" data-button=\"none\">\n\t\t\t\t\t<img src=\"\/\/www.linksalpha.com\/images\/social_share_button.png\" alt=\"Share\" class=\"linksalpha_image\" \/>\n\t\t\t\t\t<\/a><script type=\"text\/javascript\" src=\"\/\/www.linksalpha.com\/scripts\/loader_iconbox.js?v=2.4\"><\/script><\/span><\/div>","protected":false},"excerpt":{"rendered":"\n\t\t\t\t<div class=\"mr_social_sharing_wrapper\">\n\t\t\t\t<!-- Social Sharing Toolkit v2.2 --><span class=\"mr_social_sharing_top\"><span style=\"display: inline-block; width: 55px; height: 62px; overflow: hidden;\"><div class=\"fb-like\" data-href=\"https:\/\/www.blogdopilako.com.br\/wp\/2017\/11\/01\/batfino-ou-joao-vitor-quem-vai-ser-o-otario\/\" data-send=\"false\" data-layout=\"box_count\" data-width=\"55\" data-show-faces=\"false\"><\/div><\/span><\/span><span class=\"mr_social_sharing_top\"><fb:share-button type=\"box_count\" href=\"https:\/\/www.blogdopilako.com.br\/wp\/2017\/11\/01\/batfino-ou-joao-vitor-quem-vai-ser-o-otario\/\"><\/fb:share-button><\/span><span class=\"mr_social_sharing\"><a rel=\"nofollow\" class=\"linksalpha_button linksalpha_link\" href=\"\/\/www.linksalpha.com\/social\/mobile\" data-url=\"https:\/\/www.blogdopilako.com.br\/wp\/2017\/11\/01\/batfino-ou-joao-vitor-quem-vai-ser-o-otario\/\" data-text=\"Batfino ou Jo\u00e3o Vitor: qual vai ser o \u201cot\u00e1rio\u201d?\" data-desc=\"Dias atr\u00e1s, ap\u00f3s o time colombiano vencer o Sport Clube Recife na Ilha do retiro, pela Copa Sul-Americana, testemunhei o debate futebol\u00edstico entre dois torcedores emblem\u00e1tico da Vit\u00f3ria de Santo Ant\u00e3o. Batfino e Jo\u00e3o Vitor, rubro-negro do Le\u00e3o e Tricolor do Arruda, respectivamente, s\u00e3o\" data-image=\"\" data-button=\"none\">\n\t\t\t\t\t<img src=\"\/\/www.linksalpha.com\/images\/social_share_button.png\" alt=\"Share\" class=\"linksalpha_image\" \/>\n\t\t\t\t\t<\/a><script type=\"text\/javascript\" src=\"\/\/www.linksalpha.com\/scripts\/loader_iconbox.js?v=2.4\"><\/script><\/span><\/div><p>Dias atr\u00e1s, ap\u00f3s o time colombiano vencer o Sport Clube Recife na Ilha do retiro, pela Copa Sul-Americana, testemunhei o debate futebol\u00edstico entre dois torcedores emblem\u00e1tico da Vit\u00f3ria de Santo Ant\u00e3o. Batfino e Jo\u00e3o Vitor, rubro-negro do Le\u00e3o e Tricolor &hellip; <a href=\"https:\/\/www.blogdopilako.com.br\/wp\/2017\/11\/01\/batfino-ou-joao-vitor-quem-vai-ser-o-otario\/\">Continue lendo <span class=\"meta-nav\">&rarr;<\/span><\/a><\/p>\n\n\t\t\t\t<div class=\"mr_social_sharing_wrapper\">\n\t\t\t\t<!-- Social Sharing Toolkit v2.2 --><span class=\"mr_social_sharing_top\"><span style=\"display: inline-block; width: 55px; height: 62px; overflow: hidden;\"><div class=\"fb-like\" data-href=\"https:\/\/www.blogdopilako.com.br\/wp\/2017\/11\/01\/batfino-ou-joao-vitor-quem-vai-ser-o-otario\/\" data-send=\"false\" data-layout=\"box_count\" data-width=\"55\" data-show-faces=\"false\"><\/div><\/span><\/span><span class=\"mr_social_sharing_top\"><fb:share-button type=\"box_count\" href=\"https:\/\/www.blogdopilako.com.br\/wp\/2017\/11\/01\/batfino-ou-joao-vitor-quem-vai-ser-o-otario\/\"><\/fb:share-button><\/span><span class=\"mr_social_sharing\"><a rel=\"nofollow\" class=\"linksalpha_button linksalpha_link\" href=\"\/\/www.linksalpha.com\/social\/mobile\" data-url=\"https:\/\/www.blogdopilako.com.br\/wp\/2017\/11\/01\/batfino-ou-joao-vitor-quem-vai-ser-o-otario\/\" data-text=\"Batfino ou Jo\u00e3o Vitor: qual vai ser o \u201cot\u00e1rio\u201d?\" data-desc=\"Dias atr\u00e1s, ap\u00f3s o time colombiano vencer o Sport Clube Recife na Ilha do retiro, pela Copa Sul-Americana, testemunhei o debate futebol\u00edstico entre dois torcedores emblem\u00e1tico da Vit\u00f3ria de Santo Ant\u00e3o. Batfino e Jo\u00e3o Vitor, rubro-negro do Le\u00e3o e Tricolor do Arruda, respectivamente, s\u00e3o\" data-image=\"\" data-button=\"none\">\n\t\t\t\t\t<img src=\"\/\/www.linksalpha.com\/images\/social_share_button.png\" alt=\"Share\" class=\"linksalpha_image\" \/>\n\t\t\t\t\t<\/a><script type=\"text\/javascript\" src=\"\/\/www.linksalpha.com\/scripts\/loader_iconbox.js?v=2.4\"><\/script><\/span><\/div>","protected":false},"author":2,"featured_media":0,"comment_status":"open","ping_status":"open","sticky":false,"template":"","format":"standard","meta":[],"categories":[22],"tags":[],"_links":{"self":[{"href":"https:\/\/www.blogdopilako.com.br\/wp\/wp-json\/wp\/v2\/posts\/106990"}],"collection":[{"href":"https:\/\/www.blogdopilako.com.br\/wp\/wp-json\/wp\/v2\/posts"}],"about":[{"href":"https:\/\/www.blogdopilako.com.br\/wp\/wp-json\/wp\/v2\/types\/post"}],"author":[{"embeddable":true,"href":"https:\/\/www.blogdopilako.com.br\/wp\/wp-json\/wp\/v2\/users\/2"}],"replies":[{"embeddable":true,"href":"https:\/\/www.blogdopilako.com.br\/wp\/wp-json\/wp\/v2\/comments?post=106990"}],"version-history":[{"count":6,"href":"https:\/\/www.blogdopilako.com.br\/wp\/wp-json\/wp\/v2\/posts\/106990\/revisions"}],"predecessor-version":[{"id":107034,"href":"https:\/\/www.blogdopilako.com.br\/wp\/wp-json\/wp\/v2\/posts\/106990\/revisions\/107034"}],"wp:attachment":[{"href":"https:\/\/www.blogdopilako.com.br\/wp\/wp-json\/wp\/v2\/media?parent=106990"}],"wp:term":[{"taxonomy":"category","embeddable":true,"href":"https:\/\/www.blogdopilako.com.br\/wp\/wp-json\/wp\/v2\/categories?post=106990"},{"taxonomy":"post_tag","embeddable":true,"href":"https:\/\/www.blogdopilako.com.br\/wp\/wp-json\/wp\/v2\/tags?post=106990"}],"curies":[{"name":"wp","href":"https:\/\/api.w.org\/{rel}","templated":true}]}}