{"id":106718,"date":"2017-10-24T15:50:21","date_gmt":"2017-10-24T17:50:21","guid":{"rendered":"http:\/\/www.blogdopilako.com.br\/wp\/?p=106718"},"modified":"2017-10-24T20:06:58","modified_gmt":"2017-10-24T22:06:58","slug":"deputados-andre-de-paula-e-felipe-carreras-sao-dois-maus-exemplos-no-sistema-politico-brasileiro","status":"publish","type":"post","link":"https:\/\/www.blogdopilako.com.br\/wp\/2017\/10\/24\/deputados-andre-de-paula-e-felipe-carreras-sao-dois-maus-exemplos-no-sistema-politico-brasileiro\/","title":{"rendered":"Os deputados Andr\u00e9 de Paula e Felipe Carreras s\u00e3o dois maus exemplos, no sistema pol\u00edtico brasileiro."},"content":{"rendered":"\n\t\t\t\t<div class=\"mr_social_sharing_wrapper\">\n\t\t\t\t<!-- Social Sharing Toolkit v2.2 --><span class=\"mr_social_sharing_top\"><span style=\"display: inline-block; width: 55px; height: 62px; overflow: hidden;\"><div class=\"fb-like\" data-href=\"https:\/\/www.blogdopilako.com.br\/wp\/2017\/10\/24\/deputados-andre-de-paula-e-felipe-carreras-sao-dois-maus-exemplos-no-sistema-politico-brasileiro\/\" data-send=\"false\" data-layout=\"box_count\" data-width=\"55\" data-show-faces=\"false\"><\/div><\/span><\/span><span class=\"mr_social_sharing_top\"><fb:share-button type=\"box_count\" href=\"https:\/\/www.blogdopilako.com.br\/wp\/2017\/10\/24\/deputados-andre-de-paula-e-felipe-carreras-sao-dois-maus-exemplos-no-sistema-politico-brasileiro\/\"><\/fb:share-button><\/span><span class=\"mr_social_sharing\"><a rel=\"nofollow\" class=\"linksalpha_button linksalpha_link\" href=\"\/\/www.linksalpha.com\/social\/mobile\" data-url=\"https:\/\/www.blogdopilako.com.br\/wp\/2017\/10\/24\/deputados-andre-de-paula-e-felipe-carreras-sao-dois-maus-exemplos-no-sistema-politico-brasileiro\/\" data-text=\"Os deputados Andr\u00e9 de Paula e Felipe Carreras s\u00e3o dois maus exemplos, no sistema pol\u00edtico brasileiro.\" data-desc=\"Amanh\u00e3, quarta feira, dia 25 de outubro, acontecer\u00e1 mais uma vota\u00e7\u00e3o decisiva para o presidente Michel Temer. Habilidoso e com a caneta na m\u00e3o, Temer, infelizmente, se safar\u00e1 novamente. Isso \u00e9 o que dizem os especialistas, l\u00e1 da Capital da Maracutaia. Os deputados federais j\u00e1 sabem que na\" data-image=\"http:\/\/imagens2.ne10.uol.com.br\/blogsne10\/jamildo\/uploads\/\/2016\/12\/temer-748x410.jpg\" data-button=\"none\">\n\t\t\t\t\t<img src=\"\/\/www.linksalpha.com\/images\/social_share_button.png\" alt=\"Share\" class=\"linksalpha_image\" \/>\n\t\t\t\t\t<\/a><script type=\"text\/javascript\" src=\"\/\/www.linksalpha.com\/scripts\/loader_iconbox.js?v=2.4\"><\/script><\/span><\/div><p style=\"text-align: justify;\"><img loading=\"lazy\" class=\"aligncenter\" src=\"http:\/\/imagens2.ne10.uol.com.br\/blogsne10\/jamildo\/uploads\/\/2016\/12\/temer-748x410.jpg\" width=\"613\" height=\"336\" \/><\/p>\n<p style=\"text-align: justify;\">Amanh\u00e3, quarta feira, dia 25 de outubro, acontecer\u00e1 mais uma vota\u00e7\u00e3o decisiva para o presidente <strong>Michel Temer<\/strong>. Habilidoso e com a caneta na m\u00e3o, Temer, infelizmente, se safar\u00e1 novamente. Isso \u00e9 o que dizem os especialistas, l\u00e1 da Capital da <strong>Maracutaia<\/strong>. Os deputados federais j\u00e1 sabem que na busca dos votos para a reelei\u00e7\u00e3o, em 2018, independente de qualquer coisa, os eleitores mais esclarecidos dever\u00e3o optar pelo voto nulo ou dificilmente hipotecar\u00e3o seus sufr\u00e1gios nos atuais detentores de mandatos. Portanto, votar a favor ou contra Temer, pouco influenciar\u00e1 na pr\u00f3xima disputa, sobretudo, para os postulantes\u00a0 que fazem pol\u00edtica nos ric\u00f5es e, majoritariamente, na base da compra de votos. Lamentavelmente essa \u00e9 a realidade.<\/p>\n<p style=\"text-align: justify;\">Ministros e secret\u00e1rios estaduais, dos mais diversos estados da federa\u00e7\u00e3o, est\u00e3o reassumindo seus respectivos mandatos na C\u00e2mara Federal para cumprir as exig\u00eancias partid\u00e1rias. Esse \u00e9 o jogo. Manda quem pode, obedece que tem ju\u00edzo. Cada qual que fa\u00e7a seu \u201cjoguinho e cena\u201d, mas a realidade \u00e9 outra. O jogo \u00e9 sujo, a parada \u00e9 sinistra!!<\/p>\n<p style=\"text-align: justify;\">Pois bem, \u00e9 nesse conjunto de arrumadinho que mais uma vez chamo a aten\u00e7\u00e3o dos eleitores esclarecidos,\u00a0 para o seguinte detalhe:<\/p>\n<p style=\"text-align: justify;\">Estamos com uma \u201creforma eleitoral\u201d que acabou de sair do forno. O curioso \u00e9 que em nenhum momento discutiu-se \u00e0 proibi\u00e7\u00e3o de detentores de mandatos legislativos se afastarem \u2013 sem perca de mandato \u2013 para assumirem cargos no poder executivo federal ou estadual, ministros e secret\u00e1rio, respectivamente.<\/p>\n<p style=\"text-align: justify;\">Essa promiscuidade administrativa, para n\u00e3o chamar de \u201c<strong>suruba-partid\u00e1ria<\/strong>\u201d, \u00e9 uma das muitas esquizofrenias do nosso sistema pol\u00edtico\/partid\u00e1rio\/administrativo. Ora!! O camarada se elege para um determinado cargo e, ao logo de todo tempo, o que menos faz \u00e9 exercer o mandato, para o qual foi eleito.<\/p>\n<p style=\"text-align: justify;\">No nosso condado \u2013 Vit\u00f3ria de Santo Ant\u00e3o \u2013 temos dois maus exemplos bem pr\u00f3ximos:<\/p>\n<p style=\"text-align: justify;\"><img loading=\"lazy\" class=\"aligncenter\" src=\"https:\/\/1.bp.blogspot.com\/-jalKt6ul2gM\/VCxObPv1G_I\/AAAAAAAAbr4\/OMcLTdCkNqE\/w1200-h630-p-k-no-nu\/Carreata--Aglailson%2BJ%C3%BAnior.png\" width=\"585\" height=\"307\" \/><\/p>\n<p style=\"text-align: justify;\"><strong>Primeiro:<\/strong> o deputado Felipe Carreras, que nunca teve nenhum v\u00ednculo com Vit\u00f3ria, foi apresentado, no \u00faltimo pleito (2014), pelo grupo do atual prefeito,\u00a0 Aglailson Junior. Depois de colocar mais de oito mil votos no seu saco, partiu, foi ser secret\u00e1rio estadual e nunca mais colocou os p\u00e9s na nossa cidade,\u00a0 muito menos trabalhou pela mesma,\u00a0 em qualquer\u00a0 frente,\u00a0 para retribuir os sufr\u00e1gios recebidos dos antonenses.<\/p>\n<p style=\"text-align: justify;\"><strong>Segundo:<\/strong> O deputado Andr\u00e9 de Paula, velho conhecido do eleitorado local, foi outro que ignorou os votos recebidos na nossa cidade. Ap\u00f3s receber uma penca de votos do\u00a0 nosso incauto eleitorado, em 2014, resolveu se abrigar numa das pastas (Cidades) do governo Paulo C\u00e2mara, deixando os interesses do povo vitoriense desprovido de qualquer eco l\u00e1 em Bras\u00edlia. Ali\u00e1s, dizem alguns que Andr\u00e9, exercendo o mandato ou n\u00e3o, sempre foi um parlamentar af\u00f4nico, na qualidade de interlocutor dos vitorienses,<\/p>\n<p style=\"text-align: justify;\"><img loading=\"lazy\" class=\"aligncenter\" src=\"http:\/\/2.bp.blogspot.com\/-nPlo7zH7VcQ\/Ut1xC4d1_RI\/AAAAAAAAA0o\/dK1Fo9jaFtY\/s1600\/Vit%C3%B3ria3.jpg\" width=\"595\" height=\"446\" \/><\/p>\n<p style=\"text-align: justify;\">Concluo dizendo: o\u00a0 sistema eleitoral brasileiro, apesar das muitas reformas, remendos e \u201cpuxadinhos\u201d continua sendo talhado sob medida, na tentativa de preservar\u00a0 as elites partid\u00e1rias no poder. Ainda, somos sim!!! <strong>UMA REPUBLIQUETA VAGABUNDA.<\/strong><\/p>\n\n\t\t\t\t<div class=\"mr_social_sharing_wrapper\">\n\t\t\t\t<!-- Social Sharing Toolkit v2.2 --><span class=\"mr_social_sharing_top\"><span style=\"display: inline-block; width: 55px; height: 62px; overflow: hidden;\"><div class=\"fb-like\" data-href=\"https:\/\/www.blogdopilako.com.br\/wp\/2017\/10\/24\/deputados-andre-de-paula-e-felipe-carreras-sao-dois-maus-exemplos-no-sistema-politico-brasileiro\/\" data-send=\"false\" data-layout=\"box_count\" data-width=\"55\" data-show-faces=\"false\"><\/div><\/span><\/span><span class=\"mr_social_sharing_top\"><fb:share-button type=\"box_count\" href=\"https:\/\/www.blogdopilako.com.br\/wp\/2017\/10\/24\/deputados-andre-de-paula-e-felipe-carreras-sao-dois-maus-exemplos-no-sistema-politico-brasileiro\/\"><\/fb:share-button><\/span><span class=\"mr_social_sharing\"><a rel=\"nofollow\" class=\"linksalpha_button linksalpha_link\" href=\"\/\/www.linksalpha.com\/social\/mobile\" data-url=\"https:\/\/www.blogdopilako.com.br\/wp\/2017\/10\/24\/deputados-andre-de-paula-e-felipe-carreras-sao-dois-maus-exemplos-no-sistema-politico-brasileiro\/\" data-text=\"Os deputados Andr\u00e9 de Paula e Felipe Carreras s\u00e3o dois maus exemplos, no sistema pol\u00edtico brasileiro.\" data-desc=\"Amanh\u00e3, quarta feira, dia 25 de outubro, acontecer\u00e1 mais uma vota\u00e7\u00e3o decisiva para o presidente Michel Temer. Habilidoso e com a caneta na m\u00e3o, Temer, infelizmente, se safar\u00e1 novamente. Isso \u00e9 o que dizem os especialistas, l\u00e1 da Capital da Maracutaia. Os deputados federais j\u00e1 sabem que na\" data-image=\"http:\/\/imagens2.ne10.uol.com.br\/blogsne10\/jamildo\/uploads\/\/2016\/12\/temer-748x410.jpg\" data-button=\"none\">\n\t\t\t\t\t<img src=\"\/\/www.linksalpha.com\/images\/social_share_button.png\" alt=\"Share\" class=\"linksalpha_image\" \/>\n\t\t\t\t\t<\/a><script type=\"text\/javascript\" src=\"\/\/www.linksalpha.com\/scripts\/loader_iconbox.js?v=2.4\"><\/script><\/span><\/div>","protected":false},"excerpt":{"rendered":"\n\t\t\t\t<div class=\"mr_social_sharing_wrapper\">\n\t\t\t\t<!-- Social Sharing Toolkit v2.2 --><span class=\"mr_social_sharing_top\"><span style=\"display: inline-block; width: 55px; height: 62px; overflow: hidden;\"><div class=\"fb-like\" data-href=\"https:\/\/www.blogdopilako.com.br\/wp\/2017\/10\/24\/deputados-andre-de-paula-e-felipe-carreras-sao-dois-maus-exemplos-no-sistema-politico-brasileiro\/\" data-send=\"false\" data-layout=\"box_count\" data-width=\"55\" data-show-faces=\"false\"><\/div><\/span><\/span><span class=\"mr_social_sharing_top\"><fb:share-button type=\"box_count\" href=\"https:\/\/www.blogdopilako.com.br\/wp\/2017\/10\/24\/deputados-andre-de-paula-e-felipe-carreras-sao-dois-maus-exemplos-no-sistema-politico-brasileiro\/\"><\/fb:share-button><\/span><span class=\"mr_social_sharing\"><a rel=\"nofollow\" class=\"linksalpha_button linksalpha_link\" href=\"\/\/www.linksalpha.com\/social\/mobile\" data-url=\"https:\/\/www.blogdopilako.com.br\/wp\/2017\/10\/24\/deputados-andre-de-paula-e-felipe-carreras-sao-dois-maus-exemplos-no-sistema-politico-brasileiro\/\" data-text=\"Os deputados Andr\u00e9 de Paula e Felipe Carreras s\u00e3o dois maus exemplos, no sistema pol\u00edtico brasileiro.\" data-desc=\"Amanh\u00e3, quarta feira, dia 25 de outubro, acontecer\u00e1 mais uma vota\u00e7\u00e3o decisiva para o presidente Michel Temer. Habilidoso e com a caneta na m\u00e3o, Temer, infelizmente, se safar\u00e1 novamente. Isso \u00e9 o que dizem os especialistas, l\u00e1 da Capital da Maracutaia. Os deputados federais j\u00e1 sabem que na\" data-image=\"\" data-button=\"none\">\n\t\t\t\t\t<img src=\"\/\/www.linksalpha.com\/images\/social_share_button.png\" alt=\"Share\" class=\"linksalpha_image\" \/>\n\t\t\t\t\t<\/a><script type=\"text\/javascript\" src=\"\/\/www.linksalpha.com\/scripts\/loader_iconbox.js?v=2.4\"><\/script><\/span><\/div><p>Amanh\u00e3, quarta feira, dia 25 de outubro, acontecer\u00e1 mais uma vota\u00e7\u00e3o decisiva para o presidente Michel Temer. Habilidoso e com a caneta na m\u00e3o, Temer, infelizmente, se safar\u00e1 novamente. Isso \u00e9 o que dizem os especialistas, l\u00e1 da Capital da &hellip; <a href=\"https:\/\/www.blogdopilako.com.br\/wp\/2017\/10\/24\/deputados-andre-de-paula-e-felipe-carreras-sao-dois-maus-exemplos-no-sistema-politico-brasileiro\/\">Continue lendo <span class=\"meta-nav\">&rarr;<\/span><\/a><\/p>\n\n\t\t\t\t<div class=\"mr_social_sharing_wrapper\">\n\t\t\t\t<!-- Social Sharing Toolkit v2.2 --><span class=\"mr_social_sharing_top\"><span style=\"display: inline-block; width: 55px; height: 62px; overflow: hidden;\"><div class=\"fb-like\" data-href=\"https:\/\/www.blogdopilako.com.br\/wp\/2017\/10\/24\/deputados-andre-de-paula-e-felipe-carreras-sao-dois-maus-exemplos-no-sistema-politico-brasileiro\/\" data-send=\"false\" data-layout=\"box_count\" data-width=\"55\" data-show-faces=\"false\"><\/div><\/span><\/span><span class=\"mr_social_sharing_top\"><fb:share-button type=\"box_count\" href=\"https:\/\/www.blogdopilako.com.br\/wp\/2017\/10\/24\/deputados-andre-de-paula-e-felipe-carreras-sao-dois-maus-exemplos-no-sistema-politico-brasileiro\/\"><\/fb:share-button><\/span><span class=\"mr_social_sharing\"><a rel=\"nofollow\" class=\"linksalpha_button linksalpha_link\" href=\"\/\/www.linksalpha.com\/social\/mobile\" data-url=\"https:\/\/www.blogdopilako.com.br\/wp\/2017\/10\/24\/deputados-andre-de-paula-e-felipe-carreras-sao-dois-maus-exemplos-no-sistema-politico-brasileiro\/\" data-text=\"Os deputados Andr\u00e9 de Paula e Felipe Carreras s\u00e3o dois maus exemplos, no sistema pol\u00edtico brasileiro.\" data-desc=\"Amanh\u00e3, quarta feira, dia 25 de outubro, acontecer\u00e1 mais uma vota\u00e7\u00e3o decisiva para o presidente Michel Temer. Habilidoso e com a caneta na m\u00e3o, Temer, infelizmente, se safar\u00e1 novamente. Isso \u00e9 o que dizem os especialistas, l\u00e1 da Capital da Maracutaia. Os deputados federais j\u00e1 sabem que na\" data-image=\"\" data-button=\"none\">\n\t\t\t\t\t<img src=\"\/\/www.linksalpha.com\/images\/social_share_button.png\" alt=\"Share\" class=\"linksalpha_image\" \/>\n\t\t\t\t\t<\/a><script type=\"text\/javascript\" src=\"\/\/www.linksalpha.com\/scripts\/loader_iconbox.js?v=2.4\"><\/script><\/span><\/div>","protected":false},"author":2,"featured_media":0,"comment_status":"open","ping_status":"open","sticky":false,"template":"","format":"standard","meta":[],"categories":[21,22],"tags":[],"_links":{"self":[{"href":"https:\/\/www.blogdopilako.com.br\/wp\/wp-json\/wp\/v2\/posts\/106718"}],"collection":[{"href":"https:\/\/www.blogdopilako.com.br\/wp\/wp-json\/wp\/v2\/posts"}],"about":[{"href":"https:\/\/www.blogdopilako.com.br\/wp\/wp-json\/wp\/v2\/types\/post"}],"author":[{"embeddable":true,"href":"https:\/\/www.blogdopilako.com.br\/wp\/wp-json\/wp\/v2\/users\/2"}],"replies":[{"embeddable":true,"href":"https:\/\/www.blogdopilako.com.br\/wp\/wp-json\/wp\/v2\/comments?post=106718"}],"version-history":[{"count":8,"href":"https:\/\/www.blogdopilako.com.br\/wp\/wp-json\/wp\/v2\/posts\/106718\/revisions"}],"predecessor-version":[{"id":106754,"href":"https:\/\/www.blogdopilako.com.br\/wp\/wp-json\/wp\/v2\/posts\/106718\/revisions\/106754"}],"wp:attachment":[{"href":"https:\/\/www.blogdopilako.com.br\/wp\/wp-json\/wp\/v2\/media?parent=106718"}],"wp:term":[{"taxonomy":"category","embeddable":true,"href":"https:\/\/www.blogdopilako.com.br\/wp\/wp-json\/wp\/v2\/categories?post=106718"},{"taxonomy":"post_tag","embeddable":true,"href":"https:\/\/www.blogdopilako.com.br\/wp\/wp-json\/wp\/v2\/tags?post=106718"}],"curies":[{"name":"wp","href":"https:\/\/api.w.org\/{rel}","templated":true}]}}