{"id":105896,"date":"2017-09-28T14:00:26","date_gmt":"2017-09-28T17:00:26","guid":{"rendered":"http:\/\/www.blogdopilako.com.br\/wp\/?p=105896"},"modified":"2017-09-28T14:46:46","modified_gmt":"2017-09-28T17:46:46","slug":"o-tempo-voa-otoni-rodrigues-no-programa-cidade-contra-cidade-na-tv-jornal-canal-2-2","status":"publish","type":"post","link":"https:\/\/www.blogdopilako.com.br\/wp\/2017\/09\/28\/o-tempo-voa-otoni-rodrigues-no-programa-cidade-contra-cidade-na-tv-jornal-canal-2-2\/","title":{"rendered":"O Tempo Voa: Otoni Rodrigues no programa &#8220;Cidade Contra Cidade&#8221; na TV Jornal &#8211; Canal 2."},"content":{"rendered":"\n\t\t\t\t<div class=\"mr_social_sharing_wrapper\">\n\t\t\t\t<!-- Social Sharing Toolkit v2.2 --><span class=\"mr_social_sharing_top\"><span style=\"display: inline-block; width: 55px; height: 62px; overflow: hidden;\"><div class=\"fb-like\" data-href=\"https:\/\/www.blogdopilako.com.br\/wp\/2017\/09\/28\/o-tempo-voa-otoni-rodrigues-no-programa-cidade-contra-cidade-na-tv-jornal-canal-2-2\/\" data-send=\"false\" data-layout=\"box_count\" data-width=\"55\" data-show-faces=\"false\"><\/div><\/span><\/span><span class=\"mr_social_sharing_top\"><fb:share-button type=\"box_count\" href=\"https:\/\/www.blogdopilako.com.br\/wp\/2017\/09\/28\/o-tempo-voa-otoni-rodrigues-no-programa-cidade-contra-cidade-na-tv-jornal-canal-2-2\/\"><\/fb:share-button><\/span><span class=\"mr_social_sharing\"><a rel=\"nofollow\" class=\"linksalpha_button linksalpha_link\" href=\"\/\/www.linksalpha.com\/social\/mobile\" data-url=\"https:\/\/www.blogdopilako.com.br\/wp\/2017\/09\/28\/o-tempo-voa-otoni-rodrigues-no-programa-cidade-contra-cidade-na-tv-jornal-canal-2-2\/\" data-text=\"O Tempo Voa: Otoni Rodrigues no programa \u201cCidade Contra Cidade\u201d na TV Jornal \u2013 Canal 2.\" data-desc=\"Foto cedida pelo Prof. Pedro Ferrer Foto registrada durante o programa Cidade Contra Cidade, \u00a0Otoni comandava a caravana de Vit\u00f3ria contra a S\u00e3o Louren\u00e7o da Mata.\" data-image=\"http:\/\/www.blogdopilako.com.br\/wp\/wp-content\/uploads\/otoni.jpg\" data-button=\"none\">\n\t\t\t\t\t<img src=\"\/\/www.linksalpha.com\/images\/social_share_button.png\" alt=\"Share\" class=\"linksalpha_image\" \/>\n\t\t\t\t\t<\/a><script type=\"text\/javascript\" src=\"\/\/www.linksalpha.com\/scripts\/loader_iconbox.js?v=2.4\"><\/script><\/span><\/div><div id=\"attachment_7604\" style=\"width: 599px\" class=\"wp-caption aligncenter\"><a href=\"http:\/\/www.blogdopilako.com.br\/wp\/wp-content\/uploads\/otoni.jpg\"><img aria-describedby=\"caption-attachment-7604\" loading=\"lazy\" class=\"size-full wp-image-7604\" title=\"otoni\" src=\"http:\/\/www.blogdopilako.com.br\/wp\/wp-content\/uploads\/otoni.jpg\" alt=\"\" width=\"589\" height=\"440\" \/><\/a><p id=\"caption-attachment-7604\" class=\"wp-caption-text\">Foto cedida pelo Prof. Pedro Ferrer<\/p><\/div>\n<p>Foto registrada durante o programa <em><strong>Cidade Contra Cidade<\/strong><\/em>, \u00a0Otoni comandava a caravana de Vit\u00f3ria contra a S\u00e3o Louren\u00e7o da Mata.<\/p>\n\n\t\t\t\t<div class=\"mr_social_sharing_wrapper\">\n\t\t\t\t<!-- Social Sharing Toolkit v2.2 --><span class=\"mr_social_sharing_top\"><span style=\"display: inline-block; width: 55px; height: 62px; overflow: hidden;\"><div class=\"fb-like\" data-href=\"https:\/\/www.blogdopilako.com.br\/wp\/2017\/09\/28\/o-tempo-voa-otoni-rodrigues-no-programa-cidade-contra-cidade-na-tv-jornal-canal-2-2\/\" data-send=\"false\" data-layout=\"box_count\" data-width=\"55\" data-show-faces=\"false\"><\/div><\/span><\/span><span class=\"mr_social_sharing_top\"><fb:share-button type=\"box_count\" href=\"https:\/\/www.blogdopilako.com.br\/wp\/2017\/09\/28\/o-tempo-voa-otoni-rodrigues-no-programa-cidade-contra-cidade-na-tv-jornal-canal-2-2\/\"><\/fb:share-button><\/span><span class=\"mr_social_sharing\"><a rel=\"nofollow\" class=\"linksalpha_button linksalpha_link\" href=\"\/\/www.linksalpha.com\/social\/mobile\" data-url=\"https:\/\/www.blogdopilako.com.br\/wp\/2017\/09\/28\/o-tempo-voa-otoni-rodrigues-no-programa-cidade-contra-cidade-na-tv-jornal-canal-2-2\/\" data-text=\"O Tempo Voa: Otoni Rodrigues no programa \u201cCidade Contra Cidade\u201d na TV Jornal \u2013 Canal 2.\" data-desc=\"Foto cedida pelo Prof. Pedro Ferrer Foto registrada durante o programa Cidade Contra Cidade, \u00a0Otoni comandava a caravana de Vit\u00f3ria contra a S\u00e3o Louren\u00e7o da Mata.\" data-image=\"http:\/\/www.blogdopilako.com.br\/wp\/wp-content\/uploads\/otoni.jpg\" data-button=\"none\">\n\t\t\t\t\t<img src=\"\/\/www.linksalpha.com\/images\/social_share_button.png\" alt=\"Share\" class=\"linksalpha_image\" \/>\n\t\t\t\t\t<\/a><script type=\"text\/javascript\" src=\"\/\/www.linksalpha.com\/scripts\/loader_iconbox.js?v=2.4\"><\/script><\/span><\/div>","protected":false},"excerpt":{"rendered":"\n\t\t\t\t<div class=\"mr_social_sharing_wrapper\">\n\t\t\t\t<!-- Social Sharing Toolkit v2.2 --><span class=\"mr_social_sharing_top\"><span style=\"display: inline-block; width: 55px; height: 62px; overflow: hidden;\"><div class=\"fb-like\" data-href=\"https:\/\/www.blogdopilako.com.br\/wp\/2017\/09\/28\/o-tempo-voa-otoni-rodrigues-no-programa-cidade-contra-cidade-na-tv-jornal-canal-2-2\/\" data-send=\"false\" data-layout=\"box_count\" data-width=\"55\" data-show-faces=\"false\"><\/div><\/span><\/span><span class=\"mr_social_sharing_top\"><fb:share-button type=\"box_count\" href=\"https:\/\/www.blogdopilako.com.br\/wp\/2017\/09\/28\/o-tempo-voa-otoni-rodrigues-no-programa-cidade-contra-cidade-na-tv-jornal-canal-2-2\/\"><\/fb:share-button><\/span><span class=\"mr_social_sharing\"><a rel=\"nofollow\" class=\"linksalpha_button linksalpha_link\" href=\"\/\/www.linksalpha.com\/social\/mobile\" data-url=\"https:\/\/www.blogdopilako.com.br\/wp\/2017\/09\/28\/o-tempo-voa-otoni-rodrigues-no-programa-cidade-contra-cidade-na-tv-jornal-canal-2-2\/\" data-text=\"O Tempo Voa: Otoni Rodrigues no programa \u201cCidade Contra Cidade\u201d na TV Jornal \u2013 Canal 2.\" data-desc=\"Foto cedida pelo Prof. Pedro Ferrer Foto registrada durante o programa Cidade Contra Cidade, \u00a0Otoni comandava a caravana de Vit\u00f3ria contra a S\u00e3o Louren\u00e7o da Mata.\" data-image=\"\" data-button=\"none\">\n\t\t\t\t\t<img src=\"\/\/www.linksalpha.com\/images\/social_share_button.png\" alt=\"Share\" class=\"linksalpha_image\" \/>\n\t\t\t\t\t<\/a><script type=\"text\/javascript\" src=\"\/\/www.linksalpha.com\/scripts\/loader_iconbox.js?v=2.4\"><\/script><\/span><\/div><p>Foto registrada durante o programa Cidade Contra Cidade, \u00a0Otoni comandava a caravana de Vit\u00f3ria contra a S\u00e3o Louren\u00e7o da Mata.<\/p>\n\n\t\t\t\t<div class=\"mr_social_sharing_wrapper\">\n\t\t\t\t<!-- Social Sharing Toolkit v2.2 --><span class=\"mr_social_sharing_top\"><span style=\"display: inline-block; width: 55px; height: 62px; overflow: hidden;\"><div class=\"fb-like\" data-href=\"https:\/\/www.blogdopilako.com.br\/wp\/2017\/09\/28\/o-tempo-voa-otoni-rodrigues-no-programa-cidade-contra-cidade-na-tv-jornal-canal-2-2\/\" data-send=\"false\" data-layout=\"box_count\" data-width=\"55\" data-show-faces=\"false\"><\/div><\/span><\/span><span class=\"mr_social_sharing_top\"><fb:share-button type=\"box_count\" href=\"https:\/\/www.blogdopilako.com.br\/wp\/2017\/09\/28\/o-tempo-voa-otoni-rodrigues-no-programa-cidade-contra-cidade-na-tv-jornal-canal-2-2\/\"><\/fb:share-button><\/span><span class=\"mr_social_sharing\"><a rel=\"nofollow\" class=\"linksalpha_button linksalpha_link\" href=\"\/\/www.linksalpha.com\/social\/mobile\" data-url=\"https:\/\/www.blogdopilako.com.br\/wp\/2017\/09\/28\/o-tempo-voa-otoni-rodrigues-no-programa-cidade-contra-cidade-na-tv-jornal-canal-2-2\/\" data-text=\"O Tempo Voa: Otoni Rodrigues no programa \u201cCidade Contra Cidade\u201d na TV Jornal \u2013 Canal 2.\" data-desc=\"Foto cedida pelo Prof. Pedro Ferrer Foto registrada durante o programa Cidade Contra Cidade, \u00a0Otoni comandava a caravana de Vit\u00f3ria contra a S\u00e3o Louren\u00e7o da Mata.\" data-image=\"\" data-button=\"none\">\n\t\t\t\t\t<img src=\"\/\/www.linksalpha.com\/images\/social_share_button.png\" alt=\"Share\" class=\"linksalpha_image\" \/>\n\t\t\t\t\t<\/a><script type=\"text\/javascript\" src=\"\/\/www.linksalpha.com\/scripts\/loader_iconbox.js?v=2.4\"><\/script><\/span><\/div>","protected":false},"author":1,"featured_media":0,"comment_status":"open","ping_status":"open","sticky":false,"template":"","format":"standard","meta":[],"categories":[23],"tags":[],"_links":{"self":[{"href":"https:\/\/www.blogdopilako.com.br\/wp\/wp-json\/wp\/v2\/posts\/105896"}],"collection":[{"href":"https:\/\/www.blogdopilako.com.br\/wp\/wp-json\/wp\/v2\/posts"}],"about":[{"href":"https:\/\/www.blogdopilako.com.br\/wp\/wp-json\/wp\/v2\/types\/post"}],"author":[{"embeddable":true,"href":"https:\/\/www.blogdopilako.com.br\/wp\/wp-json\/wp\/v2\/users\/1"}],"replies":[{"embeddable":true,"href":"https:\/\/www.blogdopilako.com.br\/wp\/wp-json\/wp\/v2\/comments?post=105896"}],"version-history":[{"count":1,"href":"https:\/\/www.blogdopilako.com.br\/wp\/wp-json\/wp\/v2\/posts\/105896\/revisions"}],"predecessor-version":[{"id":105897,"href":"https:\/\/www.blogdopilako.com.br\/wp\/wp-json\/wp\/v2\/posts\/105896\/revisions\/105897"}],"wp:attachment":[{"href":"https:\/\/www.blogdopilako.com.br\/wp\/wp-json\/wp\/v2\/media?parent=105896"}],"wp:term":[{"taxonomy":"category","embeddable":true,"href":"https:\/\/www.blogdopilako.com.br\/wp\/wp-json\/wp\/v2\/categories?post=105896"},{"taxonomy":"post_tag","embeddable":true,"href":"https:\/\/www.blogdopilako.com.br\/wp\/wp-json\/wp\/v2\/tags?post=105896"}],"curies":[{"name":"wp","href":"https:\/\/api.w.org\/{rel}","templated":true}]}}