{"id":9739,"date":"2011-12-08T11:05:36","date_gmt":"2011-12-08T14:05:36","guid":{"rendered":"http:\/\/www.blogdopilako.com.br\/wp\/?p=9739"},"modified":"2011-12-08T11:07:08","modified_gmt":"2011-12-08T14:07:08","slug":"faintvisa-realizara-evento-de-responsabilidade-social-neste-sabado-10","status":"publish","type":"post","link":"http:\/\/www.blogdopilako.com.br\/wp\/2011\/12\/08\/faintvisa-realizara-evento-de-responsabilidade-social-neste-sabado-10\/","title":{"rendered":"FAINTVISA realizar\u00e1 evento de Responsabilidade Social neste s\u00e1bado (10)"},"content":{"rendered":"\n\t\t\t\t<div class=\"mr_social_sharing_wrapper\">\n\t\t\t\t<!-- Social Sharing Toolkit v2.2 --><span class=\"mr_social_sharing_top\"><span style=\"display: inline-block; width: 55px; height: 62px; overflow: hidden;\"><div class=\"fb-like\" data-href=\"http:\/\/www.blogdopilako.com.br\/wp\/2011\/12\/08\/faintvisa-realizara-evento-de-responsabilidade-social-neste-sabado-10\/\" data-send=\"false\" data-layout=\"box_count\" data-width=\"55\" data-show-faces=\"false\"><\/div><\/span><\/span><span class=\"mr_social_sharing_top\"><fb:share-button type=\"box_count\" href=\"http:\/\/www.blogdopilako.com.br\/wp\/2011\/12\/08\/faintvisa-realizara-evento-de-responsabilidade-social-neste-sabado-10\/\"><\/fb:share-button><\/span><span class=\"mr_social_sharing\"><a rel=\"nofollow\" class=\"linksalpha_button linksalpha_link\" href=\"\/\/www.linksalpha.com\/social\/mobile\" data-url=\"http:\/\/www.blogdopilako.com.br\/wp\/2011\/12\/08\/faintvisa-realizara-evento-de-responsabilidade-social-neste-sabado-10\/\" data-text=\"FAINTVISA realizar\u00e1 evento de Responsabilidade Social neste s\u00e1bado (10)\" data-desc=\"No pr\u00f3ximo s\u00e1bado (10), a partir das 8h, a FAINTVISA estar\u00e1 realizando um evento de responsabilidade social atrav\u00e9s de a\u00e7\u00f5es solid\u00e1rias, cursos, palestras e oficinas. O evento conta com a participa\u00e7\u00e3o efetiva de todos os cursos da institui\u00e7\u00e3o, entre alunos e professores. Maiores\" data-image=\"http:\/\/www.blogdopilako.com.br\/wp\/wp-content\/uploads\/faintvisa-cidadania.jpg\" data-button=\"none\">\n\t\t\t\t\t<img src=\"\/\/www.linksalpha.com\/images\/social_share_button.png\" alt=\"Share\" class=\"linksalpha_image\" \/>\n\t\t\t\t\t<\/a><script type=\"text\/javascript\" src=\"\/\/www.linksalpha.com\/scripts\/loader_iconbox.js?v=2.4\"><\/script><\/span><\/div><p style=\"text-align: justify;\"><a href=\"http:\/\/www.blogdopilako.com.br\/wp\/wp-content\/uploads\/faintvisa-cidadania.jpg\"><img loading=\"lazy\" class=\"size-full wp-image-9740 aligncenter\" title=\"faintvisa-cidadania\" src=\"http:\/\/www.blogdopilako.com.br\/wp\/wp-content\/uploads\/faintvisa-cidadania.jpg\" alt=\"\" width=\"506\" height=\"445\" \/><\/a>No pr\u00f3ximo s\u00e1bado (10), a partir das 8h, a <strong><em>FAINTVISA<\/em><\/strong> estar\u00e1 realizando um evento de responsabilidade social atrav\u00e9s de a\u00e7\u00f5es solid\u00e1rias, cursos, palestras e oficinas. O evento conta com a participa\u00e7\u00e3o efetiva de todos os cursos da institui\u00e7\u00e3o, entre alunos e professores.<\/p>\n<p style=\"text-align: justify;\">Maiores informa\u00e7\u00f5es: (81) 3523 1020<\/p>\n<p style=\"text-align: center;\">\n\n\t\t\t\t<div class=\"mr_social_sharing_wrapper\">\n\t\t\t\t<!-- Social Sharing Toolkit v2.2 --><span class=\"mr_social_sharing_top\"><span style=\"display: inline-block; width: 55px; height: 62px; overflow: hidden;\"><div class=\"fb-like\" data-href=\"http:\/\/www.blogdopilako.com.br\/wp\/2011\/12\/08\/faintvisa-realizara-evento-de-responsabilidade-social-neste-sabado-10\/\" data-send=\"false\" data-layout=\"box_count\" data-width=\"55\" data-show-faces=\"false\"><\/div><\/span><\/span><span class=\"mr_social_sharing_top\"><fb:share-button type=\"box_count\" href=\"http:\/\/www.blogdopilako.com.br\/wp\/2011\/12\/08\/faintvisa-realizara-evento-de-responsabilidade-social-neste-sabado-10\/\"><\/fb:share-button><\/span><span class=\"mr_social_sharing\"><a rel=\"nofollow\" class=\"linksalpha_button linksalpha_link\" href=\"\/\/www.linksalpha.com\/social\/mobile\" data-url=\"http:\/\/www.blogdopilako.com.br\/wp\/2011\/12\/08\/faintvisa-realizara-evento-de-responsabilidade-social-neste-sabado-10\/\" data-text=\"FAINTVISA realizar\u00e1 evento de Responsabilidade Social neste s\u00e1bado (10)\" data-desc=\"No pr\u00f3ximo s\u00e1bado (10), a partir das 8h, a FAINTVISA estar\u00e1 realizando um evento de responsabilidade social atrav\u00e9s de a\u00e7\u00f5es solid\u00e1rias, cursos, palestras e oficinas. O evento conta com a participa\u00e7\u00e3o efetiva de todos os cursos da institui\u00e7\u00e3o, entre alunos e professores. Maiores\" data-image=\"http:\/\/www.blogdopilako.com.br\/wp\/wp-content\/uploads\/faintvisa-cidadania.jpg\" data-button=\"none\">\n\t\t\t\t\t<img src=\"\/\/www.linksalpha.com\/images\/social_share_button.png\" alt=\"Share\" class=\"linksalpha_image\" \/>\n\t\t\t\t\t<\/a><script type=\"text\/javascript\" src=\"\/\/www.linksalpha.com\/scripts\/loader_iconbox.js?v=2.4\"><\/script><\/span><\/div>","protected":false},"excerpt":{"rendered":"\n\t\t\t\t<div class=\"mr_social_sharing_wrapper\">\n\t\t\t\t<!-- Social Sharing Toolkit v2.2 --><span class=\"mr_social_sharing_top\"><span style=\"display: inline-block; width: 55px; height: 62px; overflow: hidden;\"><div class=\"fb-like\" data-href=\"http:\/\/www.blogdopilako.com.br\/wp\/2011\/12\/08\/faintvisa-realizara-evento-de-responsabilidade-social-neste-sabado-10\/\" data-send=\"false\" data-layout=\"box_count\" data-width=\"55\" data-show-faces=\"false\"><\/div><\/span><\/span><span class=\"mr_social_sharing_top\"><fb:share-button type=\"box_count\" href=\"http:\/\/www.blogdopilako.com.br\/wp\/2011\/12\/08\/faintvisa-realizara-evento-de-responsabilidade-social-neste-sabado-10\/\"><\/fb:share-button><\/span><span class=\"mr_social_sharing\"><a rel=\"nofollow\" class=\"linksalpha_button linksalpha_link\" href=\"\/\/www.linksalpha.com\/social\/mobile\" data-url=\"http:\/\/www.blogdopilako.com.br\/wp\/2011\/12\/08\/faintvisa-realizara-evento-de-responsabilidade-social-neste-sabado-10\/\" data-text=\"FAINTVISA realizar\u00e1 evento de Responsabilidade Social neste s\u00e1bado (10)\" data-desc=\"No pr\u00f3ximo s\u00e1bado (10), a partir das 8h, a FAINTVISA estar\u00e1 realizando um evento de responsabilidade social atrav\u00e9s de a\u00e7\u00f5es solid\u00e1rias, cursos, palestras e oficinas. O evento conta com a participa\u00e7\u00e3o efetiva de todos os cursos da institui\u00e7\u00e3o, entre alunos e professores. Maiores\" data-image=\"\" data-button=\"none\">\n\t\t\t\t\t<img src=\"\/\/www.linksalpha.com\/images\/social_share_button.png\" alt=\"Share\" class=\"linksalpha_image\" \/>\n\t\t\t\t\t<\/a><script type=\"text\/javascript\" src=\"\/\/www.linksalpha.com\/scripts\/loader_iconbox.js?v=2.4\"><\/script><\/span><\/div><p>No pr\u00f3ximo s\u00e1bado (10), a partir das 8h, a FAINTVISA estar\u00e1 realizando um evento de responsabilidade social atrav\u00e9s de a\u00e7\u00f5es solid\u00e1rias, cursos, palestras e oficinas. O evento conta com a participa\u00e7\u00e3o efetiva de todos os cursos da institui\u00e7\u00e3o, entre alunos &hellip; <a href=\"http:\/\/www.blogdopilako.com.br\/wp\/2011\/12\/08\/faintvisa-realizara-evento-de-responsabilidade-social-neste-sabado-10\/\">Continue lendo <span class=\"meta-nav\">&rarr;<\/span><\/a><\/p>\n\n\t\t\t\t<div class=\"mr_social_sharing_wrapper\">\n\t\t\t\t<!-- Social Sharing Toolkit v2.2 --><span class=\"mr_social_sharing_top\"><span style=\"display: inline-block; width: 55px; height: 62px; overflow: hidden;\"><div class=\"fb-like\" data-href=\"http:\/\/www.blogdopilako.com.br\/wp\/2011\/12\/08\/faintvisa-realizara-evento-de-responsabilidade-social-neste-sabado-10\/\" data-send=\"false\" data-layout=\"box_count\" data-width=\"55\" data-show-faces=\"false\"><\/div><\/span><\/span><span class=\"mr_social_sharing_top\"><fb:share-button type=\"box_count\" href=\"http:\/\/www.blogdopilako.com.br\/wp\/2011\/12\/08\/faintvisa-realizara-evento-de-responsabilidade-social-neste-sabado-10\/\"><\/fb:share-button><\/span><span class=\"mr_social_sharing\"><a rel=\"nofollow\" class=\"linksalpha_button linksalpha_link\" href=\"\/\/www.linksalpha.com\/social\/mobile\" data-url=\"http:\/\/www.blogdopilako.com.br\/wp\/2011\/12\/08\/faintvisa-realizara-evento-de-responsabilidade-social-neste-sabado-10\/\" data-text=\"FAINTVISA realizar\u00e1 evento de Responsabilidade Social neste s\u00e1bado (10)\" data-desc=\"No pr\u00f3ximo s\u00e1bado (10), a partir das 8h, a FAINTVISA estar\u00e1 realizando um evento de responsabilidade social atrav\u00e9s de a\u00e7\u00f5es solid\u00e1rias, cursos, palestras e oficinas. O evento conta com a participa\u00e7\u00e3o efetiva de todos os cursos da institui\u00e7\u00e3o, entre alunos e professores. Maiores\" data-image=\"\" data-button=\"none\">\n\t\t\t\t\t<img src=\"\/\/www.linksalpha.com\/images\/social_share_button.png\" alt=\"Share\" class=\"linksalpha_image\" \/>\n\t\t\t\t\t<\/a><script type=\"text\/javascript\" src=\"\/\/www.linksalpha.com\/scripts\/loader_iconbox.js?v=2.4\"><\/script><\/span><\/div>","protected":false},"author":4,"featured_media":0,"comment_status":"open","ping_status":"open","sticky":false,"template":"","format":"standard","meta":[],"categories":[22],"tags":[],"_links":{"self":[{"href":"http:\/\/www.blogdopilako.com.br\/wp\/wp-json\/wp\/v2\/posts\/9739"}],"collection":[{"href":"http:\/\/www.blogdopilako.com.br\/wp\/wp-json\/wp\/v2\/posts"}],"about":[{"href":"http:\/\/www.blogdopilako.com.br\/wp\/wp-json\/wp\/v2\/types\/post"}],"author":[{"embeddable":true,"href":"http:\/\/www.blogdopilako.com.br\/wp\/wp-json\/wp\/v2\/users\/4"}],"replies":[{"embeddable":true,"href":"http:\/\/www.blogdopilako.com.br\/wp\/wp-json\/wp\/v2\/comments?post=9739"}],"version-history":[{"count":2,"href":"http:\/\/www.blogdopilako.com.br\/wp\/wp-json\/wp\/v2\/posts\/9739\/revisions"}],"predecessor-version":[{"id":9743,"href":"http:\/\/www.blogdopilako.com.br\/wp\/wp-json\/wp\/v2\/posts\/9739\/revisions\/9743"}],"wp:attachment":[{"href":"http:\/\/www.blogdopilako.com.br\/wp\/wp-json\/wp\/v2\/media?parent=9739"}],"wp:term":[{"taxonomy":"category","embeddable":true,"href":"http:\/\/www.blogdopilako.com.br\/wp\/wp-json\/wp\/v2\/categories?post=9739"},{"taxonomy":"post_tag","embeddable":true,"href":"http:\/\/www.blogdopilako.com.br\/wp\/wp-json\/wp\/v2\/tags?post=9739"}],"curies":[{"name":"wp","href":"https:\/\/api.w.org\/{rel}","templated":true}]}}