{"id":96563,"date":"2016-12-08T12:43:31","date_gmt":"2016-12-08T14:43:31","guid":{"rendered":"http:\/\/www.blogdopilako.com.br\/wp\/?p=96563"},"modified":"2016-12-08T12:43:31","modified_gmt":"2016-12-08T14:43:31","slug":"os-poderes-de-renan","status":"publish","type":"post","link":"http:\/\/www.blogdopilako.com.br\/wp\/2016\/12\/08\/os-poderes-de-renan\/","title":{"rendered":"OS PODERES DE RENAN"},"content":{"rendered":"\n\t\t\t\t<div class=\"mr_social_sharing_wrapper\">\n\t\t\t\t<!-- Social Sharing Toolkit v2.2 --><span class=\"mr_social_sharing_top\"><span style=\"display: inline-block; width: 55px; height: 62px; overflow: hidden;\"><div class=\"fb-like\" data-href=\"http:\/\/www.blogdopilako.com.br\/wp\/2016\/12\/08\/os-poderes-de-renan\/\" data-send=\"false\" data-layout=\"box_count\" data-width=\"55\" data-show-faces=\"false\"><\/div><\/span><\/span><span class=\"mr_social_sharing_top\"><fb:share-button type=\"box_count\" href=\"http:\/\/www.blogdopilako.com.br\/wp\/2016\/12\/08\/os-poderes-de-renan\/\"><\/fb:share-button><\/span><span class=\"mr_social_sharing\"><a rel=\"nofollow\" class=\"linksalpha_button linksalpha_link\" href=\"\/\/www.linksalpha.com\/social\/mobile\" data-url=\"http:\/\/www.blogdopilako.com.br\/wp\/2016\/12\/08\/os-poderes-de-renan\/\" data-text=\"OS PODERES DE RENAN\" data-desc=\"Quem espantou-se com a arrog\u00e2ncia ou emp\u00e1fia do senhor Eduardo Cunha, n\u00e3o conhecia Dr. Renan Calheiros. O cidad\u00e3o \u00e9 abusado e s\u00f3 faz o que lhe d\u00e1 na telha. N\u00e3o recebe serventu\u00e1rio da Justi\u00e7a, n\u00e3o assina nem cumpre ordem judicial e ainda quer punir quem o incomoda com semelhante abuso de\" data-image=\"http:\/\/www.blogdopilako.com.br\/wp\/wp-content\/uploads\/2016\/12\/15284173_1100619946727128_6986036497073917353_n.jpg\" data-button=\"none\">\n\t\t\t\t\t<img src=\"\/\/www.linksalpha.com\/images\/social_share_button.png\" alt=\"Share\" class=\"linksalpha_image\" \/>\n\t\t\t\t\t<\/a><script type=\"text\/javascript\" src=\"\/\/www.linksalpha.com\/scripts\/loader_iconbox.js?v=2.4\"><\/script><\/span><\/div><p style=\"text-align: justify;\"><a href=\"http:\/\/www.blogdopilako.com.br\/wp\/wp-content\/uploads\/2016\/12\/15284173_1100619946727128_6986036497073917353_n.jpg\"><img loading=\"lazy\" class=\"aligncenter size-full wp-image-96564\" src=\"http:\/\/www.blogdopilako.com.br\/wp\/wp-content\/uploads\/2016\/12\/15284173_1100619946727128_6986036497073917353_n.jpg\" alt=\"15284173_1100619946727128_6986036497073917353_n\" width=\"460\" height=\"306\" srcset=\"http:\/\/www.blogdopilako.com.br\/wp\/wp-content\/uploads\/2016\/12\/15284173_1100619946727128_6986036497073917353_n.jpg 460w, http:\/\/www.blogdopilako.com.br\/wp\/wp-content\/uploads\/2016\/12\/15284173_1100619946727128_6986036497073917353_n-300x200.jpg 300w\" sizes=\"(max-width: 460px) 100vw, 460px\" \/><\/a><\/p>\n<p style=\"text-align: justify;\">Quem espantou-se com a arrog\u00e2ncia ou emp\u00e1fia do senhor Eduardo Cunha, n\u00e3o conhecia Dr. Renan Calheiros. O cidad\u00e3o \u00e9 abusado e s\u00f3 faz o que lhe d\u00e1 na telha. N\u00e3o recebe serventu\u00e1rio da Justi\u00e7a, n\u00e3o assina nem cumpre ordem judicial e ainda quer punir quem o incomoda com semelhante abuso de autoridade. Elimina liminar por desconsidera\u00e7\u00e3o ou desobedi\u00eancia legislativa, entronizado na Presid\u00eancia do Senado Federal.<\/p>\n<p style=\"text-align: justify;\">Tamb\u00e9m n\u00e3o \u00e9 brincadeira, seis ministros bate<span class=\"text_exposed_show\">ram com o p\u00e9 e n\u00e3o acataram a liminar, desacatando Dr. Marco Aur\u00e9lio. At\u00e9 Dr. Gilmar Mendes, diretamente de Lisboa e em viagem para a Su\u00e9cia, arretou-se com a decis\u00e3o de afastamento de Renan e amea\u00e7ou esfregar um impeachment na fisionomia do Dr. Marco Aur\u00e9lio. Esses insignes doutos n\u00e3o parecem ter estudado no Curso Ginasial, na cadeira de Organiza\u00e7\u00e3o Social e Pol\u00edtica do Brasil, o Cap\u00edtulo sobre a Interdepend\u00eancia dos Poderes, fazendo a caveira de Montesquieu revirar-se na tumba. Daqui a pouco, nem o mordomo de Dr. Renan, que ganha 18 mil reais, acata ordem de pris\u00e3o. A parada \u00e9 federal. Renan pouco se lixa para movimentos populares nas avenidas por esses brasis que o exortam a dar o pira do Senado da Rep\u00fablica. E para ainda mais confundir os trombadinhas, descuidistas e maconheiros tristonhos que ensardinham-se nos pres\u00eddios, de macaquinho uns nos outros, Renan n\u00e3o pode assumir a Presid\u00eancia da Rep\u00fablica, mas pode continuar mandando banca em Bras\u00edlia. Acredite se quiser e entenda se puder. D\u00e1 vontade de transformar em estribilho a reclama\u00e7\u00e3o latina: Quosque tandem, Catilina, abutere patientia nostra? (At\u00e9 quando, Catilina, abusar\u00e1s de nossa paci\u00eancia?)<br \/>\n<\/span><\/p>\n<p style=\"text-align: justify;\"><strong><span class=\"text_exposed_show\">Sos\u00edgenes Bittencourt<\/span><\/strong><\/p>\n\n\t\t\t\t<div class=\"mr_social_sharing_wrapper\">\n\t\t\t\t<!-- Social Sharing Toolkit v2.2 --><span class=\"mr_social_sharing_top\"><span style=\"display: inline-block; width: 55px; height: 62px; overflow: hidden;\"><div class=\"fb-like\" data-href=\"http:\/\/www.blogdopilako.com.br\/wp\/2016\/12\/08\/os-poderes-de-renan\/\" data-send=\"false\" data-layout=\"box_count\" data-width=\"55\" data-show-faces=\"false\"><\/div><\/span><\/span><span class=\"mr_social_sharing_top\"><fb:share-button type=\"box_count\" href=\"http:\/\/www.blogdopilako.com.br\/wp\/2016\/12\/08\/os-poderes-de-renan\/\"><\/fb:share-button><\/span><span class=\"mr_social_sharing\"><a rel=\"nofollow\" class=\"linksalpha_button linksalpha_link\" href=\"\/\/www.linksalpha.com\/social\/mobile\" data-url=\"http:\/\/www.blogdopilako.com.br\/wp\/2016\/12\/08\/os-poderes-de-renan\/\" data-text=\"OS PODERES DE RENAN\" data-desc=\"Quem espantou-se com a arrog\u00e2ncia ou emp\u00e1fia do senhor Eduardo Cunha, n\u00e3o conhecia Dr. Renan Calheiros. O cidad\u00e3o \u00e9 abusado e s\u00f3 faz o que lhe d\u00e1 na telha. N\u00e3o recebe serventu\u00e1rio da Justi\u00e7a, n\u00e3o assina nem cumpre ordem judicial e ainda quer punir quem o incomoda com semelhante abuso de\" data-image=\"http:\/\/www.blogdopilako.com.br\/wp\/wp-content\/uploads\/2016\/12\/15284173_1100619946727128_6986036497073917353_n.jpg\" data-button=\"none\">\n\t\t\t\t\t<img src=\"\/\/www.linksalpha.com\/images\/social_share_button.png\" alt=\"Share\" class=\"linksalpha_image\" \/>\n\t\t\t\t\t<\/a><script type=\"text\/javascript\" src=\"\/\/www.linksalpha.com\/scripts\/loader_iconbox.js?v=2.4\"><\/script><\/span><\/div>","protected":false},"excerpt":{"rendered":"\n\t\t\t\t<div class=\"mr_social_sharing_wrapper\">\n\t\t\t\t<!-- Social Sharing Toolkit v2.2 --><span class=\"mr_social_sharing_top\"><span style=\"display: inline-block; width: 55px; height: 62px; overflow: hidden;\"><div class=\"fb-like\" data-href=\"http:\/\/www.blogdopilako.com.br\/wp\/2016\/12\/08\/os-poderes-de-renan\/\" data-send=\"false\" data-layout=\"box_count\" data-width=\"55\" data-show-faces=\"false\"><\/div><\/span><\/span><span class=\"mr_social_sharing_top\"><fb:share-button type=\"box_count\" href=\"http:\/\/www.blogdopilako.com.br\/wp\/2016\/12\/08\/os-poderes-de-renan\/\"><\/fb:share-button><\/span><span class=\"mr_social_sharing\"><a rel=\"nofollow\" class=\"linksalpha_button linksalpha_link\" href=\"\/\/www.linksalpha.com\/social\/mobile\" data-url=\"http:\/\/www.blogdopilako.com.br\/wp\/2016\/12\/08\/os-poderes-de-renan\/\" data-text=\"OS PODERES DE RENAN\" data-desc=\"Quem espantou-se com a arrog\u00e2ncia ou emp\u00e1fia do senhor Eduardo Cunha, n\u00e3o conhecia Dr. Renan Calheiros. O cidad\u00e3o \u00e9 abusado e s\u00f3 faz o que lhe d\u00e1 na telha. N\u00e3o recebe serventu\u00e1rio da Justi\u00e7a, n\u00e3o assina nem cumpre ordem judicial e ainda quer punir quem o incomoda com semelhante abuso de\" data-image=\"\" data-button=\"none\">\n\t\t\t\t\t<img src=\"\/\/www.linksalpha.com\/images\/social_share_button.png\" alt=\"Share\" class=\"linksalpha_image\" \/>\n\t\t\t\t\t<\/a><script type=\"text\/javascript\" src=\"\/\/www.linksalpha.com\/scripts\/loader_iconbox.js?v=2.4\"><\/script><\/span><\/div><p>Quem espantou-se com a arrog\u00e2ncia ou emp\u00e1fia do senhor Eduardo Cunha, n\u00e3o conhecia Dr. Renan Calheiros. O cidad\u00e3o \u00e9 abusado e s\u00f3 faz o que lhe d\u00e1 na telha. N\u00e3o recebe serventu\u00e1rio da Justi\u00e7a, n\u00e3o assina nem cumpre ordem judicial &hellip; <a href=\"http:\/\/www.blogdopilako.com.br\/wp\/2016\/12\/08\/os-poderes-de-renan\/\">Continue lendo <span class=\"meta-nav\">&rarr;<\/span><\/a><\/p>\n\n\t\t\t\t<div class=\"mr_social_sharing_wrapper\">\n\t\t\t\t<!-- Social Sharing Toolkit v2.2 --><span class=\"mr_social_sharing_top\"><span style=\"display: inline-block; width: 55px; height: 62px; overflow: hidden;\"><div class=\"fb-like\" data-href=\"http:\/\/www.blogdopilako.com.br\/wp\/2016\/12\/08\/os-poderes-de-renan\/\" data-send=\"false\" data-layout=\"box_count\" data-width=\"55\" data-show-faces=\"false\"><\/div><\/span><\/span><span class=\"mr_social_sharing_top\"><fb:share-button type=\"box_count\" href=\"http:\/\/www.blogdopilako.com.br\/wp\/2016\/12\/08\/os-poderes-de-renan\/\"><\/fb:share-button><\/span><span class=\"mr_social_sharing\"><a rel=\"nofollow\" class=\"linksalpha_button linksalpha_link\" href=\"\/\/www.linksalpha.com\/social\/mobile\" data-url=\"http:\/\/www.blogdopilako.com.br\/wp\/2016\/12\/08\/os-poderes-de-renan\/\" data-text=\"OS PODERES DE RENAN\" data-desc=\"Quem espantou-se com a arrog\u00e2ncia ou emp\u00e1fia do senhor Eduardo Cunha, n\u00e3o conhecia Dr. Renan Calheiros. O cidad\u00e3o \u00e9 abusado e s\u00f3 faz o que lhe d\u00e1 na telha. N\u00e3o recebe serventu\u00e1rio da Justi\u00e7a, n\u00e3o assina nem cumpre ordem judicial e ainda quer punir quem o incomoda com semelhante abuso de\" data-image=\"\" data-button=\"none\">\n\t\t\t\t\t<img src=\"\/\/www.linksalpha.com\/images\/social_share_button.png\" alt=\"Share\" class=\"linksalpha_image\" \/>\n\t\t\t\t\t<\/a><script type=\"text\/javascript\" src=\"\/\/www.linksalpha.com\/scripts\/loader_iconbox.js?v=2.4\"><\/script><\/span><\/div>","protected":false},"author":1,"featured_media":0,"comment_status":"open","ping_status":"open","sticky":false,"template":"","format":"standard","meta":[],"categories":[20],"tags":[],"_links":{"self":[{"href":"http:\/\/www.blogdopilako.com.br\/wp\/wp-json\/wp\/v2\/posts\/96563"}],"collection":[{"href":"http:\/\/www.blogdopilako.com.br\/wp\/wp-json\/wp\/v2\/posts"}],"about":[{"href":"http:\/\/www.blogdopilako.com.br\/wp\/wp-json\/wp\/v2\/types\/post"}],"author":[{"embeddable":true,"href":"http:\/\/www.blogdopilako.com.br\/wp\/wp-json\/wp\/v2\/users\/1"}],"replies":[{"embeddable":true,"href":"http:\/\/www.blogdopilako.com.br\/wp\/wp-json\/wp\/v2\/comments?post=96563"}],"version-history":[{"count":1,"href":"http:\/\/www.blogdopilako.com.br\/wp\/wp-json\/wp\/v2\/posts\/96563\/revisions"}],"predecessor-version":[{"id":96565,"href":"http:\/\/www.blogdopilako.com.br\/wp\/wp-json\/wp\/v2\/posts\/96563\/revisions\/96565"}],"wp:attachment":[{"href":"http:\/\/www.blogdopilako.com.br\/wp\/wp-json\/wp\/v2\/media?parent=96563"}],"wp:term":[{"taxonomy":"category","embeddable":true,"href":"http:\/\/www.blogdopilako.com.br\/wp\/wp-json\/wp\/v2\/categories?post=96563"},{"taxonomy":"post_tag","embeddable":true,"href":"http:\/\/www.blogdopilako.com.br\/wp\/wp-json\/wp\/v2\/tags?post=96563"}],"curies":[{"name":"wp","href":"https:\/\/api.w.org\/{rel}","templated":true}]}}