{"id":95806,"date":"2016-11-16T15:50:20","date_gmt":"2016-11-16T17:50:20","guid":{"rendered":"http:\/\/www.blogdopilako.com.br\/wp\/?p=95806"},"modified":"2016-11-16T16:15:55","modified_gmt":"2016-11-16T18:15:55","slug":"neste-caso-como-fica-a-situacao-do-pedestre","status":"publish","type":"post","link":"http:\/\/www.blogdopilako.com.br\/wp\/2016\/11\/16\/neste-caso-como-fica-a-situacao-do-pedestre\/","title":{"rendered":"Neste caso, como fica a situa\u00e7\u00e3o do pedestre ?"},"content":{"rendered":"\n\t\t\t\t<div class=\"mr_social_sharing_wrapper\">\n\t\t\t\t<!-- Social Sharing Toolkit v2.2 --><span class=\"mr_social_sharing_top\"><span style=\"display: inline-block; width: 55px; height: 62px; overflow: hidden;\"><div class=\"fb-like\" data-href=\"http:\/\/www.blogdopilako.com.br\/wp\/2016\/11\/16\/neste-caso-como-fica-a-situacao-do-pedestre\/\" data-send=\"false\" data-layout=\"box_count\" data-width=\"55\" data-show-faces=\"false\"><\/div><\/span><\/span><span class=\"mr_social_sharing_top\"><fb:share-button type=\"box_count\" href=\"http:\/\/www.blogdopilako.com.br\/wp\/2016\/11\/16\/neste-caso-como-fica-a-situacao-do-pedestre\/\"><\/fb:share-button><\/span><span class=\"mr_social_sharing\"><a rel=\"nofollow\" class=\"linksalpha_button linksalpha_link\" href=\"\/\/www.linksalpha.com\/social\/mobile\" data-url=\"http:\/\/www.blogdopilako.com.br\/wp\/2016\/11\/16\/neste-caso-como-fica-a-situacao-do-pedestre\/\" data-text=\"Neste caso, como fica a situa\u00e7\u00e3o do pedestre ?\" data-desc=\"Se j\u00e1 n\u00e3o bastassem os in\u00fameros obst\u00e1culos que os pedestres s\u00e3o obrigados a vencer, diariamente, \u00a0na nossa Vit\u00f3ria de Santo Ant\u00e3o, em fun\u00e7\u00e3o do p\u00e9ssimo estado de conserva\u00e7\u00e3o e mau uso dos passeios p\u00fablicos, com constru\u00e7\u00f5es irregulares, mercadorias de comerciantes, ambulantes e etc,\" data-image=\"http:\/\/www.blogdopilako.com.br\/wp\/wp-content\/uploads\/2016\/11\/IMG_2967-web.jpg\" data-button=\"none\">\n\t\t\t\t\t<img src=\"\/\/www.linksalpha.com\/images\/social_share_button.png\" alt=\"Share\" class=\"linksalpha_image\" \/>\n\t\t\t\t\t<\/a><script type=\"text\/javascript\" src=\"\/\/www.linksalpha.com\/scripts\/loader_iconbox.js?v=2.4\"><\/script><\/span><\/div><p style=\"text-align: justify;\">Se j\u00e1 n\u00e3o bastassem os in\u00fameros obst\u00e1culos que os pedestres s\u00e3o obrigados a vencer, diariamente, \u00a0na nossa Vit\u00f3ria de Santo Ant\u00e3o, em fun\u00e7\u00e3o do p\u00e9ssimo estado de conserva\u00e7\u00e3o e mau uso dos passeios p\u00fablicos, com constru\u00e7\u00f5es irregulares, mercadorias de comerciantes, ambulantes e etc, recentemente, registramos que a empresa <strong>Vit\u00f3ria Metralha<\/strong> tamb\u00e9m vem contribuindo para dificultar ainda mais a vida dos transeuntes.<\/p>\n<p style=\"text-align: justify;\"><a href=\"http:\/\/www.blogdopilako.com.br\/wp\/wp-content\/uploads\/2016\/11\/IMG_2967-web.jpg\"><img loading=\"lazy\" class=\"aligncenter size-full wp-image-95848\" src=\"http:\/\/www.blogdopilako.com.br\/wp\/wp-content\/uploads\/2016\/11\/IMG_2967-web.jpg\" alt=\"img_2967-web\" width=\"600\" height=\"417\" srcset=\"http:\/\/www.blogdopilako.com.br\/wp\/wp-content\/uploads\/2016\/11\/IMG_2967-web.jpg 600w, http:\/\/www.blogdopilako.com.br\/wp\/wp-content\/uploads\/2016\/11\/IMG_2967-web-300x209.jpg 300w\" sizes=\"(max-width: 600px) 100vw, 600px\" \/><\/a><\/p>\n<p style=\"text-align: justify;\">H\u00e1 semanas, venho observando que uma ca\u00e7amba de ferro da referida empresa vem sendo colocada em cima da cal\u00e7ada, em uma obra pr\u00f3xima \u00e0 Pra\u00e7a 3 de Agosto, mais conhecida como \u201cPra\u00e7a do Anjo\u201d. J\u00e1 presenciei v\u00e1rias vezes pessoas sendo obrigadas a caminhar na faixa de rolamento, dividindo o espa\u00e7o com os ve\u00edculos. N\u00e3o ter metralhas e entulhos de constru\u00e7\u00e3o jogados nas vias, n\u00e3o deixa de ser um avan\u00e7o, mas ocupar a cal\u00e7ada com esses equipamentos, indiscutivelmente, <strong>configura-se em um tremendo abuso.<\/strong><\/p>\n<p style=\"text-align: justify;\">No contexto atual cobrar alguma atitude da prefeitura, no sentido de fiscalizar e agir contra o reiterado absurdo \u00e9 algo in\u00f3cuo. Neste caso vale mais \u00e0 reclama\u00e7\u00e3o das pessoas nas redes sociais, divulgando a imagem, para que a empresa seja for\u00e7ada a se enquadrar na sempre boa, l\u00facida \u00a0e universal regra do bom senso.<\/p>\n\n\t\t\t\t<div class=\"mr_social_sharing_wrapper\">\n\t\t\t\t<!-- Social Sharing Toolkit v2.2 --><span class=\"mr_social_sharing_top\"><span style=\"display: inline-block; width: 55px; height: 62px; overflow: hidden;\"><div class=\"fb-like\" data-href=\"http:\/\/www.blogdopilako.com.br\/wp\/2016\/11\/16\/neste-caso-como-fica-a-situacao-do-pedestre\/\" data-send=\"false\" data-layout=\"box_count\" data-width=\"55\" data-show-faces=\"false\"><\/div><\/span><\/span><span class=\"mr_social_sharing_top\"><fb:share-button type=\"box_count\" href=\"http:\/\/www.blogdopilako.com.br\/wp\/2016\/11\/16\/neste-caso-como-fica-a-situacao-do-pedestre\/\"><\/fb:share-button><\/span><span class=\"mr_social_sharing\"><a rel=\"nofollow\" class=\"linksalpha_button linksalpha_link\" href=\"\/\/www.linksalpha.com\/social\/mobile\" data-url=\"http:\/\/www.blogdopilako.com.br\/wp\/2016\/11\/16\/neste-caso-como-fica-a-situacao-do-pedestre\/\" data-text=\"Neste caso, como fica a situa\u00e7\u00e3o do pedestre ?\" data-desc=\"Se j\u00e1 n\u00e3o bastassem os in\u00fameros obst\u00e1culos que os pedestres s\u00e3o obrigados a vencer, diariamente, \u00a0na nossa Vit\u00f3ria de Santo Ant\u00e3o, em fun\u00e7\u00e3o do p\u00e9ssimo estado de conserva\u00e7\u00e3o e mau uso dos passeios p\u00fablicos, com constru\u00e7\u00f5es irregulares, mercadorias de comerciantes, ambulantes e etc,\" data-image=\"http:\/\/www.blogdopilako.com.br\/wp\/wp-content\/uploads\/2016\/11\/IMG_2967-web.jpg\" data-button=\"none\">\n\t\t\t\t\t<img src=\"\/\/www.linksalpha.com\/images\/social_share_button.png\" alt=\"Share\" class=\"linksalpha_image\" \/>\n\t\t\t\t\t<\/a><script type=\"text\/javascript\" src=\"\/\/www.linksalpha.com\/scripts\/loader_iconbox.js?v=2.4\"><\/script><\/span><\/div>","protected":false},"excerpt":{"rendered":"\n\t\t\t\t<div class=\"mr_social_sharing_wrapper\">\n\t\t\t\t<!-- Social Sharing Toolkit v2.2 --><span class=\"mr_social_sharing_top\"><span style=\"display: inline-block; width: 55px; height: 62px; overflow: hidden;\"><div class=\"fb-like\" data-href=\"http:\/\/www.blogdopilako.com.br\/wp\/2016\/11\/16\/neste-caso-como-fica-a-situacao-do-pedestre\/\" data-send=\"false\" data-layout=\"box_count\" data-width=\"55\" data-show-faces=\"false\"><\/div><\/span><\/span><span class=\"mr_social_sharing_top\"><fb:share-button type=\"box_count\" href=\"http:\/\/www.blogdopilako.com.br\/wp\/2016\/11\/16\/neste-caso-como-fica-a-situacao-do-pedestre\/\"><\/fb:share-button><\/span><span class=\"mr_social_sharing\"><a rel=\"nofollow\" class=\"linksalpha_button linksalpha_link\" href=\"\/\/www.linksalpha.com\/social\/mobile\" data-url=\"http:\/\/www.blogdopilako.com.br\/wp\/2016\/11\/16\/neste-caso-como-fica-a-situacao-do-pedestre\/\" data-text=\"Neste caso, como fica a situa\u00e7\u00e3o do pedestre ?\" data-desc=\"Se j\u00e1 n\u00e3o bastassem os in\u00fameros obst\u00e1culos que os pedestres s\u00e3o obrigados a vencer, diariamente, \u00a0na nossa Vit\u00f3ria de Santo Ant\u00e3o, em fun\u00e7\u00e3o do p\u00e9ssimo estado de conserva\u00e7\u00e3o e mau uso dos passeios p\u00fablicos, com constru\u00e7\u00f5es irregulares, mercadorias de comerciantes, ambulantes e etc,\" data-image=\"\" data-button=\"none\">\n\t\t\t\t\t<img src=\"\/\/www.linksalpha.com\/images\/social_share_button.png\" alt=\"Share\" class=\"linksalpha_image\" \/>\n\t\t\t\t\t<\/a><script type=\"text\/javascript\" src=\"\/\/www.linksalpha.com\/scripts\/loader_iconbox.js?v=2.4\"><\/script><\/span><\/div><p>Se j\u00e1 n\u00e3o bastassem os in\u00fameros obst\u00e1culos que os pedestres s\u00e3o obrigados a vencer, diariamente, \u00a0na nossa Vit\u00f3ria de Santo Ant\u00e3o, em fun\u00e7\u00e3o do p\u00e9ssimo estado de conserva\u00e7\u00e3o e mau uso dos passeios p\u00fablicos, com constru\u00e7\u00f5es irregulares, mercadorias de comerciantes, &hellip; <a href=\"http:\/\/www.blogdopilako.com.br\/wp\/2016\/11\/16\/neste-caso-como-fica-a-situacao-do-pedestre\/\">Continue lendo <span class=\"meta-nav\">&rarr;<\/span><\/a><\/p>\n\n\t\t\t\t<div class=\"mr_social_sharing_wrapper\">\n\t\t\t\t<!-- Social Sharing Toolkit v2.2 --><span class=\"mr_social_sharing_top\"><span style=\"display: inline-block; width: 55px; height: 62px; overflow: hidden;\"><div class=\"fb-like\" data-href=\"http:\/\/www.blogdopilako.com.br\/wp\/2016\/11\/16\/neste-caso-como-fica-a-situacao-do-pedestre\/\" data-send=\"false\" data-layout=\"box_count\" data-width=\"55\" data-show-faces=\"false\"><\/div><\/span><\/span><span class=\"mr_social_sharing_top\"><fb:share-button type=\"box_count\" href=\"http:\/\/www.blogdopilako.com.br\/wp\/2016\/11\/16\/neste-caso-como-fica-a-situacao-do-pedestre\/\"><\/fb:share-button><\/span><span class=\"mr_social_sharing\"><a rel=\"nofollow\" class=\"linksalpha_button linksalpha_link\" href=\"\/\/www.linksalpha.com\/social\/mobile\" data-url=\"http:\/\/www.blogdopilako.com.br\/wp\/2016\/11\/16\/neste-caso-como-fica-a-situacao-do-pedestre\/\" data-text=\"Neste caso, como fica a situa\u00e7\u00e3o do pedestre ?\" data-desc=\"Se j\u00e1 n\u00e3o bastassem os in\u00fameros obst\u00e1culos que os pedestres s\u00e3o obrigados a vencer, diariamente, \u00a0na nossa Vit\u00f3ria de Santo Ant\u00e3o, em fun\u00e7\u00e3o do p\u00e9ssimo estado de conserva\u00e7\u00e3o e mau uso dos passeios p\u00fablicos, com constru\u00e7\u00f5es irregulares, mercadorias de comerciantes, ambulantes e etc,\" data-image=\"\" data-button=\"none\">\n\t\t\t\t\t<img src=\"\/\/www.linksalpha.com\/images\/social_share_button.png\" alt=\"Share\" class=\"linksalpha_image\" \/>\n\t\t\t\t\t<\/a><script type=\"text\/javascript\" src=\"\/\/www.linksalpha.com\/scripts\/loader_iconbox.js?v=2.4\"><\/script><\/span><\/div>","protected":false},"author":2,"featured_media":0,"comment_status":"open","ping_status":"open","sticky":false,"template":"","format":"standard","meta":[],"categories":[21,22],"tags":[],"_links":{"self":[{"href":"http:\/\/www.blogdopilako.com.br\/wp\/wp-json\/wp\/v2\/posts\/95806"}],"collection":[{"href":"http:\/\/www.blogdopilako.com.br\/wp\/wp-json\/wp\/v2\/posts"}],"about":[{"href":"http:\/\/www.blogdopilako.com.br\/wp\/wp-json\/wp\/v2\/types\/post"}],"author":[{"embeddable":true,"href":"http:\/\/www.blogdopilako.com.br\/wp\/wp-json\/wp\/v2\/users\/2"}],"replies":[{"embeddable":true,"href":"http:\/\/www.blogdopilako.com.br\/wp\/wp-json\/wp\/v2\/comments?post=95806"}],"version-history":[{"count":5,"href":"http:\/\/www.blogdopilako.com.br\/wp\/wp-json\/wp\/v2\/posts\/95806\/revisions"}],"predecessor-version":[{"id":95856,"href":"http:\/\/www.blogdopilako.com.br\/wp\/wp-json\/wp\/v2\/posts\/95806\/revisions\/95856"}],"wp:attachment":[{"href":"http:\/\/www.blogdopilako.com.br\/wp\/wp-json\/wp\/v2\/media?parent=95806"}],"wp:term":[{"taxonomy":"category","embeddable":true,"href":"http:\/\/www.blogdopilako.com.br\/wp\/wp-json\/wp\/v2\/categories?post=95806"},{"taxonomy":"post_tag","embeddable":true,"href":"http:\/\/www.blogdopilako.com.br\/wp\/wp-json\/wp\/v2\/tags?post=95806"}],"curies":[{"name":"wp","href":"https:\/\/api.w.org\/{rel}","templated":true}]}}