{"id":94869,"date":"2016-10-18T14:40:38","date_gmt":"2016-10-18T16:40:38","guid":{"rendered":"http:\/\/www.blogdopilako.com.br\/wp\/?p=94869"},"modified":"2016-10-18T12:29:30","modified_gmt":"2016-10-18T14:29:30","slug":"ultimo-adeus-ao-guitarrista-vitoriense-apolo-batista","status":"publish","type":"post","link":"http:\/\/www.blogdopilako.com.br\/wp\/2016\/10\/18\/ultimo-adeus-ao-guitarrista-vitoriense-apolo-batista\/","title":{"rendered":"\u00daLTIMO ADEUS AO GUITARRISTA VITORIENSE &#8211; APOLO BATISTA."},"content":{"rendered":"\n\t\t\t\t<div class=\"mr_social_sharing_wrapper\">\n\t\t\t\t<!-- Social Sharing Toolkit v2.2 --><span class=\"mr_social_sharing_top\"><span style=\"display: inline-block; width: 55px; height: 62px; overflow: hidden;\"><div class=\"fb-like\" data-href=\"http:\/\/www.blogdopilako.com.br\/wp\/2016\/10\/18\/ultimo-adeus-ao-guitarrista-vitoriense-apolo-batista\/\" data-send=\"false\" data-layout=\"box_count\" data-width=\"55\" data-show-faces=\"false\"><\/div><\/span><\/span><span class=\"mr_social_sharing_top\"><fb:share-button type=\"box_count\" href=\"http:\/\/www.blogdopilako.com.br\/wp\/2016\/10\/18\/ultimo-adeus-ao-guitarrista-vitoriense-apolo-batista\/\"><\/fb:share-button><\/span><span class=\"mr_social_sharing\"><a rel=\"nofollow\" class=\"linksalpha_button linksalpha_link\" href=\"\/\/www.linksalpha.com\/social\/mobile\" data-url=\"http:\/\/www.blogdopilako.com.br\/wp\/2016\/10\/18\/ultimo-adeus-ao-guitarrista-vitoriense-apolo-batista\/\" data-text=\"\u00daLTIMO ADEUS AO GUITARRISTA VITORIENSE \u2013 APOLO BATISTA.\" data-desc=\"O cen\u00e1rio art\u00edstico pernambucano, perdeu\u00a0 justamente no naipe das cordas, mais um componente, o guitarrista Apolo Batista \u2013 Apolo Natureza \u2013 como era conhecido artisticamente. O dia 12 de outubro de 2016, ficou de luto bem no dia da crian\u00e7a, com o sepultamento do guitarrista, onde alguns\" data-image=\"http:\/\/www.blogdopilako.com.br\/wp\/wp-content\/uploads\/2016\/10\/apolo-solo.jpg\" data-button=\"none\">\n\t\t\t\t\t<img src=\"\/\/www.linksalpha.com\/images\/social_share_button.png\" alt=\"Share\" class=\"linksalpha_image\" \/>\n\t\t\t\t\t<\/a><script type=\"text\/javascript\" src=\"\/\/www.linksalpha.com\/scripts\/loader_iconbox.js?v=2.4\"><\/script><\/span><\/div><p style=\"text-align: justify;\"><a href=\"http:\/\/www.blogdopilako.com.br\/wp\/wp-content\/uploads\/2016\/10\/apolo-solo.jpg\"><img loading=\"lazy\" class=\"aligncenter size-full wp-image-94870\" src=\"http:\/\/www.blogdopilako.com.br\/wp\/wp-content\/uploads\/2016\/10\/apolo-solo.jpg\" alt=\"apolo-solo\" width=\"800\" height=\"445\" srcset=\"http:\/\/www.blogdopilako.com.br\/wp\/wp-content\/uploads\/2016\/10\/apolo-solo.jpg 800w, http:\/\/www.blogdopilako.com.br\/wp\/wp-content\/uploads\/2016\/10\/apolo-solo-300x167.jpg 300w, http:\/\/www.blogdopilako.com.br\/wp\/wp-content\/uploads\/2016\/10\/apolo-solo-768x427.jpg 768w\" sizes=\"(max-width: 800px) 100vw, 800px\" \/><\/a><br \/>\nO cen\u00e1rio art\u00edstico pernambucano, perdeu\u00a0 justamente no naipe das cordas, mais um componente, o guitarrista Apolo Batista \u2013 Apolo Natureza \u2013 como era conhecido artisticamente. O dia 12 de outubro de 2016, ficou de luto bem no dia da crian\u00e7a, com o sepultamento do guitarrista, onde alguns comemoravam com presentes, no entanto, amigos, parentes e a fam\u00edlia, meditavam na dor da partida de um dos seus. Conheci Apolo em 1976, quando \u00e9ramos crian\u00e7as, pois lembro v\u00e1rias pessoas tocando cavaquinho e viol\u00e3o, no conjunto musical da igreja e, se n\u00e3o estiver enganado, Apolo j\u00e1 participava, no Templo da Assembl\u00e9ia de Deus em Vit\u00f3ria de Santo Ant\u00e3o, PE, no bairro do Livramento, na Rua Saldanha da Gama, pois nesta \u00e9poca, quase no final da d\u00e9cada de 1970, esta igreja era a sede da Assembl\u00e9ia de Deus da cidade da Vit\u00f3ria, PE. Onde seu pai o irm\u00e3o Israel Batista, era o Maestro do conjunto musical desta igreja.<\/p>\n<p style=\"text-align: justify;\">Cheguei da cidade do Recife, PE, em 1975, para morar em Vit\u00f3ria, PE, com minha m\u00e3e e meu irm\u00e3o mais velho, o Domingos S\u00e1lvio, com um cavaquinho e meu irm\u00e3o com um viol\u00e3o, desisti do cavaquinho, por\u00e9m meu irm\u00e3o ainda participou do conjunto. Em junho de 1994, fui ver Apolo tocar no lugar chamado no \u201c Meio do Mundo, \u201c em Recife, PE, onde de Vit\u00f3ria at\u00e9 Recife, ele ficava gritando pela janela do \u00f4nibus da Borborema: BRASIL-SIL-SIL-SIL, pois era a Copa do Mundo e, cada vez que o Time do Brasil fazia um gol, ele colocava a cabe\u00e7a fora do \u00f4nibus e gritava: BRASIL-SIL-SIL-SIL, sempre sorridente e animado.\u00a0\u00a0 N\u00e3o estou lembrado, mas parece que a Banda era \u201c Som da Terra, \u201c fui algumas vezes, por\u00e9m pelas tarefas e obriga\u00e7\u00f5es profissionais, perdi o contato com ele. Meus sentimentos a fam\u00edlia de modo geral, que Deus e o Esp\u00edrito Santo, consolem voc\u00eas. DESCANSE EM PAZ APOLO. AM\u00c9M!<\/p>\n<p style=\"text-align: justify;\"><strong>Jo\u00e3o Bosco do Carmo<\/strong><\/p>\n<p style=\"text-align: justify;\">Ex-aluno, Ex-trombonista, Ex-componente da Orquestra Musical 03 de Agosto da cidade da Vit\u00f3ria de Santo Ant\u00e3o, PE, do Maestro Aderaldo Avelino da Silva. (in memoriam).<\/p>\n\n\t\t\t\t<div class=\"mr_social_sharing_wrapper\">\n\t\t\t\t<!-- Social Sharing Toolkit v2.2 --><span class=\"mr_social_sharing_top\"><span style=\"display: inline-block; width: 55px; height: 62px; overflow: hidden;\"><div class=\"fb-like\" data-href=\"http:\/\/www.blogdopilako.com.br\/wp\/2016\/10\/18\/ultimo-adeus-ao-guitarrista-vitoriense-apolo-batista\/\" data-send=\"false\" data-layout=\"box_count\" data-width=\"55\" data-show-faces=\"false\"><\/div><\/span><\/span><span class=\"mr_social_sharing_top\"><fb:share-button type=\"box_count\" href=\"http:\/\/www.blogdopilako.com.br\/wp\/2016\/10\/18\/ultimo-adeus-ao-guitarrista-vitoriense-apolo-batista\/\"><\/fb:share-button><\/span><span class=\"mr_social_sharing\"><a rel=\"nofollow\" class=\"linksalpha_button linksalpha_link\" href=\"\/\/www.linksalpha.com\/social\/mobile\" data-url=\"http:\/\/www.blogdopilako.com.br\/wp\/2016\/10\/18\/ultimo-adeus-ao-guitarrista-vitoriense-apolo-batista\/\" data-text=\"\u00daLTIMO ADEUS AO GUITARRISTA VITORIENSE \u2013 APOLO BATISTA.\" data-desc=\"O cen\u00e1rio art\u00edstico pernambucano, perdeu\u00a0 justamente no naipe das cordas, mais um componente, o guitarrista Apolo Batista \u2013 Apolo Natureza \u2013 como era conhecido artisticamente. O dia 12 de outubro de 2016, ficou de luto bem no dia da crian\u00e7a, com o sepultamento do guitarrista, onde alguns\" data-image=\"http:\/\/www.blogdopilako.com.br\/wp\/wp-content\/uploads\/2016\/10\/apolo-solo.jpg\" data-button=\"none\">\n\t\t\t\t\t<img src=\"\/\/www.linksalpha.com\/images\/social_share_button.png\" alt=\"Share\" class=\"linksalpha_image\" \/>\n\t\t\t\t\t<\/a><script type=\"text\/javascript\" src=\"\/\/www.linksalpha.com\/scripts\/loader_iconbox.js?v=2.4\"><\/script><\/span><\/div>","protected":false},"excerpt":{"rendered":"\n\t\t\t\t<div class=\"mr_social_sharing_wrapper\">\n\t\t\t\t<!-- Social Sharing Toolkit v2.2 --><span class=\"mr_social_sharing_top\"><span style=\"display: inline-block; width: 55px; height: 62px; overflow: hidden;\"><div class=\"fb-like\" data-href=\"http:\/\/www.blogdopilako.com.br\/wp\/2016\/10\/18\/ultimo-adeus-ao-guitarrista-vitoriense-apolo-batista\/\" data-send=\"false\" data-layout=\"box_count\" data-width=\"55\" data-show-faces=\"false\"><\/div><\/span><\/span><span class=\"mr_social_sharing_top\"><fb:share-button type=\"box_count\" href=\"http:\/\/www.blogdopilako.com.br\/wp\/2016\/10\/18\/ultimo-adeus-ao-guitarrista-vitoriense-apolo-batista\/\"><\/fb:share-button><\/span><span class=\"mr_social_sharing\"><a rel=\"nofollow\" class=\"linksalpha_button linksalpha_link\" href=\"\/\/www.linksalpha.com\/social\/mobile\" data-url=\"http:\/\/www.blogdopilako.com.br\/wp\/2016\/10\/18\/ultimo-adeus-ao-guitarrista-vitoriense-apolo-batista\/\" data-text=\"\u00daLTIMO ADEUS AO GUITARRISTA VITORIENSE \u2013 APOLO BATISTA.\" data-desc=\"O cen\u00e1rio art\u00edstico pernambucano, perdeu\u00a0 justamente no naipe das cordas, mais um componente, o guitarrista Apolo Batista \u2013 Apolo Natureza \u2013 como era conhecido artisticamente. O dia 12 de outubro de 2016, ficou de luto bem no dia da crian\u00e7a, com o sepultamento do guitarrista, onde alguns\" data-image=\"\" data-button=\"none\">\n\t\t\t\t\t<img src=\"\/\/www.linksalpha.com\/images\/social_share_button.png\" alt=\"Share\" class=\"linksalpha_image\" \/>\n\t\t\t\t\t<\/a><script type=\"text\/javascript\" src=\"\/\/www.linksalpha.com\/scripts\/loader_iconbox.js?v=2.4\"><\/script><\/span><\/div><p>O cen\u00e1rio art\u00edstico pernambucano, perdeu\u00a0 justamente no naipe das cordas, mais um componente, o guitarrista Apolo Batista \u2013 Apolo Natureza \u2013 como era conhecido artisticamente. O dia 12 de outubro de 2016, ficou de luto bem no dia da crian\u00e7a, &hellip; <a href=\"http:\/\/www.blogdopilako.com.br\/wp\/2016\/10\/18\/ultimo-adeus-ao-guitarrista-vitoriense-apolo-batista\/\">Continue lendo <span class=\"meta-nav\">&rarr;<\/span><\/a><\/p>\n\n\t\t\t\t<div class=\"mr_social_sharing_wrapper\">\n\t\t\t\t<!-- Social Sharing Toolkit v2.2 --><span class=\"mr_social_sharing_top\"><span style=\"display: inline-block; width: 55px; height: 62px; overflow: hidden;\"><div class=\"fb-like\" data-href=\"http:\/\/www.blogdopilako.com.br\/wp\/2016\/10\/18\/ultimo-adeus-ao-guitarrista-vitoriense-apolo-batista\/\" data-send=\"false\" data-layout=\"box_count\" data-width=\"55\" data-show-faces=\"false\"><\/div><\/span><\/span><span class=\"mr_social_sharing_top\"><fb:share-button type=\"box_count\" href=\"http:\/\/www.blogdopilako.com.br\/wp\/2016\/10\/18\/ultimo-adeus-ao-guitarrista-vitoriense-apolo-batista\/\"><\/fb:share-button><\/span><span class=\"mr_social_sharing\"><a rel=\"nofollow\" class=\"linksalpha_button linksalpha_link\" href=\"\/\/www.linksalpha.com\/social\/mobile\" data-url=\"http:\/\/www.blogdopilako.com.br\/wp\/2016\/10\/18\/ultimo-adeus-ao-guitarrista-vitoriense-apolo-batista\/\" data-text=\"\u00daLTIMO ADEUS AO GUITARRISTA VITORIENSE \u2013 APOLO BATISTA.\" data-desc=\"O cen\u00e1rio art\u00edstico pernambucano, perdeu\u00a0 justamente no naipe das cordas, mais um componente, o guitarrista Apolo Batista \u2013 Apolo Natureza \u2013 como era conhecido artisticamente. O dia 12 de outubro de 2016, ficou de luto bem no dia da crian\u00e7a, com o sepultamento do guitarrista, onde alguns\" data-image=\"\" data-button=\"none\">\n\t\t\t\t\t<img src=\"\/\/www.linksalpha.com\/images\/social_share_button.png\" alt=\"Share\" class=\"linksalpha_image\" \/>\n\t\t\t\t\t<\/a><script type=\"text\/javascript\" src=\"\/\/www.linksalpha.com\/scripts\/loader_iconbox.js?v=2.4\"><\/script><\/span><\/div>","protected":false},"author":1,"featured_media":0,"comment_status":"open","ping_status":"open","sticky":false,"template":"","format":"standard","meta":[],"categories":[22],"tags":[],"_links":{"self":[{"href":"http:\/\/www.blogdopilako.com.br\/wp\/wp-json\/wp\/v2\/posts\/94869"}],"collection":[{"href":"http:\/\/www.blogdopilako.com.br\/wp\/wp-json\/wp\/v2\/posts"}],"about":[{"href":"http:\/\/www.blogdopilako.com.br\/wp\/wp-json\/wp\/v2\/types\/post"}],"author":[{"embeddable":true,"href":"http:\/\/www.blogdopilako.com.br\/wp\/wp-json\/wp\/v2\/users\/1"}],"replies":[{"embeddable":true,"href":"http:\/\/www.blogdopilako.com.br\/wp\/wp-json\/wp\/v2\/comments?post=94869"}],"version-history":[{"count":1,"href":"http:\/\/www.blogdopilako.com.br\/wp\/wp-json\/wp\/v2\/posts\/94869\/revisions"}],"predecessor-version":[{"id":94871,"href":"http:\/\/www.blogdopilako.com.br\/wp\/wp-json\/wp\/v2\/posts\/94869\/revisions\/94871"}],"wp:attachment":[{"href":"http:\/\/www.blogdopilako.com.br\/wp\/wp-json\/wp\/v2\/media?parent=94869"}],"wp:term":[{"taxonomy":"category","embeddable":true,"href":"http:\/\/www.blogdopilako.com.br\/wp\/wp-json\/wp\/v2\/categories?post=94869"},{"taxonomy":"post_tag","embeddable":true,"href":"http:\/\/www.blogdopilako.com.br\/wp\/wp-json\/wp\/v2\/tags?post=94869"}],"curies":[{"name":"wp","href":"https:\/\/api.w.org\/{rel}","templated":true}]}}