{"id":94864,"date":"2016-10-18T14:35:30","date_gmt":"2016-10-18T16:35:30","guid":{"rendered":"http:\/\/www.blogdopilako.com.br\/wp\/?p=94864"},"modified":"2016-10-18T12:25:45","modified_gmt":"2016-10-18T14:25:45","slug":"sesi-e-abpmp-promovem-nesta-terca-18-encontro-sobre-gestao-de-processos-para-aperfeicoar-resultados-nas-empresas","status":"publish","type":"post","link":"http:\/\/www.blogdopilako.com.br\/wp\/2016\/10\/18\/sesi-e-abpmp-promovem-nesta-terca-18-encontro-sobre-gestao-de-processos-para-aperfeicoar-resultados-nas-empresas\/","title":{"rendered":"Sesi e ABPMP promovem, nesta ter\u00e7a (18), encontro sobre gest\u00e3o de processos para aperfei\u00e7oar resultados nas empresas"},"content":{"rendered":"\n\t\t\t\t<div class=\"mr_social_sharing_wrapper\">\n\t\t\t\t<!-- Social Sharing Toolkit v2.2 --><span class=\"mr_social_sharing_top\"><span style=\"display: inline-block; width: 55px; height: 62px; overflow: hidden;\"><div class=\"fb-like\" data-href=\"http:\/\/www.blogdopilako.com.br\/wp\/2016\/10\/18\/sesi-e-abpmp-promovem-nesta-terca-18-encontro-sobre-gestao-de-processos-para-aperfeicoar-resultados-nas-empresas\/\" data-send=\"false\" data-layout=\"box_count\" data-width=\"55\" data-show-faces=\"false\"><\/div><\/span><\/span><span class=\"mr_social_sharing_top\"><fb:share-button type=\"box_count\" href=\"http:\/\/www.blogdopilako.com.br\/wp\/2016\/10\/18\/sesi-e-abpmp-promovem-nesta-terca-18-encontro-sobre-gestao-de-processos-para-aperfeicoar-resultados-nas-empresas\/\"><\/fb:share-button><\/span><span class=\"mr_social_sharing\"><a rel=\"nofollow\" class=\"linksalpha_button linksalpha_link\" href=\"\/\/www.linksalpha.com\/social\/mobile\" data-url=\"http:\/\/www.blogdopilako.com.br\/wp\/2016\/10\/18\/sesi-e-abpmp-promovem-nesta-terca-18-encontro-sobre-gestao-de-processos-para-aperfeicoar-resultados-nas-empresas\/\" data-text=\"Sesi e ABPMP promovem, nesta ter\u00e7a (18), encontro sobre gest\u00e3o de processos para aperfei\u00e7oar resultados nas empresas\" data-desc=\"A Associa\u00e7\u00e3o Brasileira de Gest\u00e3o de Processos de Neg\u00f3cios (ABPMP) e o Servi\u00e7o Social da Ind\u00fastria de Pernambuco (SESI\/PE) realizam, nesta ter\u00e7a-feira (18), das 8h \u00e0s 17h, o BPM Day, evento refer\u00eancia nacional em gest\u00e3o de processos. Sob a tem\u00e1tica \"Processos e suas conex\u00f5es\", a 80\u00aa\" data-image=\"http:\/\/www.blogdopilako.com.br\/wp\/wp-content\/uploads\/2016\/10\/IMG-20160912-WA00071.jpg\" data-button=\"none\">\n\t\t\t\t\t<img src=\"\/\/www.linksalpha.com\/images\/social_share_button.png\" alt=\"Share\" class=\"linksalpha_image\" \/>\n\t\t\t\t\t<\/a><script type=\"text\/javascript\" src=\"\/\/www.linksalpha.com\/scripts\/loader_iconbox.js?v=2.4\"><\/script><\/span><\/div><p style=\"text-align: justify;\"><a href=\"http:\/\/www.blogdopilako.com.br\/wp\/wp-content\/uploads\/2016\/10\/IMG-20160912-WA00071.jpg\"><img loading=\"lazy\" class=\"aligncenter  wp-image-94867\" src=\"http:\/\/www.blogdopilako.com.br\/wp\/wp-content\/uploads\/2016\/10\/IMG-20160912-WA00071.jpg\" alt=\"img-20160912-wa00071\" width=\"451\" height=\"629\" srcset=\"http:\/\/www.blogdopilako.com.br\/wp\/wp-content\/uploads\/2016\/10\/IMG-20160912-WA00071.jpg 600w, http:\/\/www.blogdopilako.com.br\/wp\/wp-content\/uploads\/2016\/10\/IMG-20160912-WA00071-215x300.jpg 215w\" sizes=\"(max-width: 451px) 100vw, 451px\" \/><\/a><\/p>\n<p style=\"text-align: justify;\">A Associa\u00e7\u00e3o Brasileira de Gest\u00e3o de Processos de Neg\u00f3cios (ABPMP) e o Servi\u00e7o Social da Ind\u00fastria de Pernambuco (SESI\/PE) realizam, nesta ter\u00e7a-feira (18), das 8h \u00e0s 17h, o BPM Day, evento refer\u00eancia nacional em gest\u00e3o de processos. Sob a tem\u00e1tica &#8220;Processos e suas conex\u00f5es&#8221;, a 80\u00aa edi\u00e7\u00e3o do evento vai discutir as modernas t\u00e9cnicas de gest\u00e3o de processos para melhoria dos resultados organizacionais. O encontro ser\u00e1 na sede do SESI, na avenida Cruz Cabug\u00e1, 767, Santo Amaro, em Recife. As inscri\u00e7\u00f5es s\u00e3o gratuitas e podem ser feitas no site <a id=\"ecxLPlnk541000\" href=\"http:\/\/www.abpmp-br.org\/bpm-day-pernambuco-18102016\/\" target=\"_blank\"> http:\/\/www.abpmp-br.org\/bpm-day-pernambuco-18102016\/<\/a>. Mais informa\u00e7\u00f5es pelo telefone (81) 3412.8475.<\/p>\n<p style=\"text-align: justify;\">\u201cO evento ser\u00e1 uma oportunidade para empres\u00e1rios, executivos e profissionais da \u00e1rea realizarem um benchmarking sobre a gest\u00e3o de processos, essa importante ferramenta para o desenvolvimento de organiza\u00e7\u00f5es, sejam elas privadas ou p\u00fablicas\u201d, afirma o superintendente do SESI\/PE, Nilo Sim\u00f5es.<\/p>\n<p style=\"text-align: justify;\">Para isso, o encontro apresentar\u00e1 casos pr\u00e1ticos de implementa\u00e7\u00e3o da metodologia de gest\u00e3o de processos de neg\u00f3cios, tamb\u00e9m conhecida como BPM, onde cada aspecto da ferramenta ser\u00e1 discutido. Entre eles est\u00e3o: o papel das pessoas, a gest\u00e3o para aperfei\u00e7oar resultados e como fator para gerar valor para o cliente, a desburocratiza\u00e7\u00e3o de processos para aprovar projetos, a modelagem de processos para otimizar e padronizar projetos de certifica\u00e7\u00e3o e educa\u00e7\u00e3o, os benef\u00edcios da implanta\u00e7\u00e3o do BPM em projetos hospitalares. Para finalizar o evento, haver\u00e1 uma mesa de debate.<\/p>\n<p style=\"text-align: justify;\">O BPM Day Pernambuco tamb\u00e9m conta com o apoio da Federa\u00e7\u00e3o das Ind\u00fastrias de Pernambuco (FIEPE), do Instituto de Gest\u00e3o de Projetos sec\u00e7\u00e3o Pernambuco (PMI chapter Pernambuco), do Innovo Group e da Associa\u00e7\u00e3o Brasileira de Recursos Humanos seccional Pernambuco (ABRH-PE).<\/p>\n\n\t\t\t\t<div class=\"mr_social_sharing_wrapper\">\n\t\t\t\t<!-- Social Sharing Toolkit v2.2 --><span class=\"mr_social_sharing_top\"><span style=\"display: inline-block; width: 55px; height: 62px; overflow: hidden;\"><div class=\"fb-like\" data-href=\"http:\/\/www.blogdopilako.com.br\/wp\/2016\/10\/18\/sesi-e-abpmp-promovem-nesta-terca-18-encontro-sobre-gestao-de-processos-para-aperfeicoar-resultados-nas-empresas\/\" data-send=\"false\" data-layout=\"box_count\" data-width=\"55\" data-show-faces=\"false\"><\/div><\/span><\/span><span class=\"mr_social_sharing_top\"><fb:share-button type=\"box_count\" href=\"http:\/\/www.blogdopilako.com.br\/wp\/2016\/10\/18\/sesi-e-abpmp-promovem-nesta-terca-18-encontro-sobre-gestao-de-processos-para-aperfeicoar-resultados-nas-empresas\/\"><\/fb:share-button><\/span><span class=\"mr_social_sharing\"><a rel=\"nofollow\" class=\"linksalpha_button linksalpha_link\" href=\"\/\/www.linksalpha.com\/social\/mobile\" data-url=\"http:\/\/www.blogdopilako.com.br\/wp\/2016\/10\/18\/sesi-e-abpmp-promovem-nesta-terca-18-encontro-sobre-gestao-de-processos-para-aperfeicoar-resultados-nas-empresas\/\" data-text=\"Sesi e ABPMP promovem, nesta ter\u00e7a (18), encontro sobre gest\u00e3o de processos para aperfei\u00e7oar resultados nas empresas\" data-desc=\"A Associa\u00e7\u00e3o Brasileira de Gest\u00e3o de Processos de Neg\u00f3cios (ABPMP) e o Servi\u00e7o Social da Ind\u00fastria de Pernambuco (SESI\/PE) realizam, nesta ter\u00e7a-feira (18), das 8h \u00e0s 17h, o BPM Day, evento refer\u00eancia nacional em gest\u00e3o de processos. Sob a tem\u00e1tica \"Processos e suas conex\u00f5es\", a 80\u00aa\" data-image=\"http:\/\/www.blogdopilako.com.br\/wp\/wp-content\/uploads\/2016\/10\/IMG-20160912-WA00071.jpg\" data-button=\"none\">\n\t\t\t\t\t<img src=\"\/\/www.linksalpha.com\/images\/social_share_button.png\" alt=\"Share\" class=\"linksalpha_image\" \/>\n\t\t\t\t\t<\/a><script type=\"text\/javascript\" src=\"\/\/www.linksalpha.com\/scripts\/loader_iconbox.js?v=2.4\"><\/script><\/span><\/div>","protected":false},"excerpt":{"rendered":"\n\t\t\t\t<div class=\"mr_social_sharing_wrapper\">\n\t\t\t\t<!-- Social Sharing Toolkit v2.2 --><span class=\"mr_social_sharing_top\"><span style=\"display: inline-block; width: 55px; height: 62px; overflow: hidden;\"><div class=\"fb-like\" data-href=\"http:\/\/www.blogdopilako.com.br\/wp\/2016\/10\/18\/sesi-e-abpmp-promovem-nesta-terca-18-encontro-sobre-gestao-de-processos-para-aperfeicoar-resultados-nas-empresas\/\" data-send=\"false\" data-layout=\"box_count\" data-width=\"55\" data-show-faces=\"false\"><\/div><\/span><\/span><span class=\"mr_social_sharing_top\"><fb:share-button type=\"box_count\" href=\"http:\/\/www.blogdopilako.com.br\/wp\/2016\/10\/18\/sesi-e-abpmp-promovem-nesta-terca-18-encontro-sobre-gestao-de-processos-para-aperfeicoar-resultados-nas-empresas\/\"><\/fb:share-button><\/span><span class=\"mr_social_sharing\"><a rel=\"nofollow\" class=\"linksalpha_button linksalpha_link\" href=\"\/\/www.linksalpha.com\/social\/mobile\" data-url=\"http:\/\/www.blogdopilako.com.br\/wp\/2016\/10\/18\/sesi-e-abpmp-promovem-nesta-terca-18-encontro-sobre-gestao-de-processos-para-aperfeicoar-resultados-nas-empresas\/\" data-text=\"Sesi e ABPMP promovem, nesta ter\u00e7a (18), encontro sobre gest\u00e3o de processos para aperfei\u00e7oar resultados nas empresas\" data-desc=\"A Associa\u00e7\u00e3o Brasileira de Gest\u00e3o de Processos de Neg\u00f3cios (ABPMP) e o Servi\u00e7o Social da Ind\u00fastria de Pernambuco (SESI\/PE) realizam, nesta ter\u00e7a-feira (18), das 8h \u00e0s 17h, o BPM Day, evento refer\u00eancia nacional em gest\u00e3o de processos. Sob a tem\u00e1tica \"Processos e suas conex\u00f5es\", a 80\u00aa\" data-image=\"\" data-button=\"none\">\n\t\t\t\t\t<img src=\"\/\/www.linksalpha.com\/images\/social_share_button.png\" alt=\"Share\" class=\"linksalpha_image\" \/>\n\t\t\t\t\t<\/a><script type=\"text\/javascript\" src=\"\/\/www.linksalpha.com\/scripts\/loader_iconbox.js?v=2.4\"><\/script><\/span><\/div><p>A Associa\u00e7\u00e3o Brasileira de Gest\u00e3o de Processos de Neg\u00f3cios (ABPMP) e o Servi\u00e7o Social da Ind\u00fastria de Pernambuco (SESI\/PE) realizam, nesta ter\u00e7a-feira (18), das 8h \u00e0s 17h, o BPM Day, evento refer\u00eancia nacional em gest\u00e3o de processos. Sob a tem\u00e1tica &hellip; <a href=\"http:\/\/www.blogdopilako.com.br\/wp\/2016\/10\/18\/sesi-e-abpmp-promovem-nesta-terca-18-encontro-sobre-gestao-de-processos-para-aperfeicoar-resultados-nas-empresas\/\">Continue lendo <span class=\"meta-nav\">&rarr;<\/span><\/a><\/p>\n\n\t\t\t\t<div class=\"mr_social_sharing_wrapper\">\n\t\t\t\t<!-- Social Sharing Toolkit v2.2 --><span class=\"mr_social_sharing_top\"><span style=\"display: inline-block; width: 55px; height: 62px; overflow: hidden;\"><div class=\"fb-like\" data-href=\"http:\/\/www.blogdopilako.com.br\/wp\/2016\/10\/18\/sesi-e-abpmp-promovem-nesta-terca-18-encontro-sobre-gestao-de-processos-para-aperfeicoar-resultados-nas-empresas\/\" data-send=\"false\" data-layout=\"box_count\" data-width=\"55\" data-show-faces=\"false\"><\/div><\/span><\/span><span class=\"mr_social_sharing_top\"><fb:share-button type=\"box_count\" href=\"http:\/\/www.blogdopilako.com.br\/wp\/2016\/10\/18\/sesi-e-abpmp-promovem-nesta-terca-18-encontro-sobre-gestao-de-processos-para-aperfeicoar-resultados-nas-empresas\/\"><\/fb:share-button><\/span><span class=\"mr_social_sharing\"><a rel=\"nofollow\" class=\"linksalpha_button linksalpha_link\" href=\"\/\/www.linksalpha.com\/social\/mobile\" data-url=\"http:\/\/www.blogdopilako.com.br\/wp\/2016\/10\/18\/sesi-e-abpmp-promovem-nesta-terca-18-encontro-sobre-gestao-de-processos-para-aperfeicoar-resultados-nas-empresas\/\" data-text=\"Sesi e ABPMP promovem, nesta ter\u00e7a (18), encontro sobre gest\u00e3o de processos para aperfei\u00e7oar resultados nas empresas\" data-desc=\"A Associa\u00e7\u00e3o Brasileira de Gest\u00e3o de Processos de Neg\u00f3cios (ABPMP) e o Servi\u00e7o Social da Ind\u00fastria de Pernambuco (SESI\/PE) realizam, nesta ter\u00e7a-feira (18), das 8h \u00e0s 17h, o BPM Day, evento refer\u00eancia nacional em gest\u00e3o de processos. Sob a tem\u00e1tica \"Processos e suas conex\u00f5es\", a 80\u00aa\" data-image=\"\" data-button=\"none\">\n\t\t\t\t\t<img src=\"\/\/www.linksalpha.com\/images\/social_share_button.png\" alt=\"Share\" class=\"linksalpha_image\" \/>\n\t\t\t\t\t<\/a><script type=\"text\/javascript\" src=\"\/\/www.linksalpha.com\/scripts\/loader_iconbox.js?v=2.4\"><\/script><\/span><\/div>","protected":false},"author":1,"featured_media":0,"comment_status":"open","ping_status":"open","sticky":false,"template":"","format":"standard","meta":[],"categories":[22],"tags":[],"_links":{"self":[{"href":"http:\/\/www.blogdopilako.com.br\/wp\/wp-json\/wp\/v2\/posts\/94864"}],"collection":[{"href":"http:\/\/www.blogdopilako.com.br\/wp\/wp-json\/wp\/v2\/posts"}],"about":[{"href":"http:\/\/www.blogdopilako.com.br\/wp\/wp-json\/wp\/v2\/types\/post"}],"author":[{"embeddable":true,"href":"http:\/\/www.blogdopilako.com.br\/wp\/wp-json\/wp\/v2\/users\/1"}],"replies":[{"embeddable":true,"href":"http:\/\/www.blogdopilako.com.br\/wp\/wp-json\/wp\/v2\/comments?post=94864"}],"version-history":[{"count":1,"href":"http:\/\/www.blogdopilako.com.br\/wp\/wp-json\/wp\/v2\/posts\/94864\/revisions"}],"predecessor-version":[{"id":94868,"href":"http:\/\/www.blogdopilako.com.br\/wp\/wp-json\/wp\/v2\/posts\/94864\/revisions\/94868"}],"wp:attachment":[{"href":"http:\/\/www.blogdopilako.com.br\/wp\/wp-json\/wp\/v2\/media?parent=94864"}],"wp:term":[{"taxonomy":"category","embeddable":true,"href":"http:\/\/www.blogdopilako.com.br\/wp\/wp-json\/wp\/v2\/categories?post=94864"},{"taxonomy":"post_tag","embeddable":true,"href":"http:\/\/www.blogdopilako.com.br\/wp\/wp-json\/wp\/v2\/tags?post=94864"}],"curies":[{"name":"wp","href":"https:\/\/api.w.org\/{rel}","templated":true}]}}