{"id":93871,"date":"2016-09-21T14:50:15","date_gmt":"2016-09-21T17:50:15","guid":{"rendered":"http:\/\/www.blogdopilako.com.br\/wp\/?p=93871"},"modified":"2016-09-21T14:14:39","modified_gmt":"2016-09-21T17:14:39","slug":"evento-politico-suprapartidario-esta-sendo-preparado-na-nossa-cidade","status":"publish","type":"post","link":"http:\/\/www.blogdopilako.com.br\/wp\/2016\/09\/21\/evento-politico-suprapartidario-esta-sendo-preparado-na-nossa-cidade\/","title":{"rendered":"Evento pol\u00edtico suprapartid\u00e1rio est\u00e1 sendo preparado na nossa cidade."},"content":{"rendered":"\n\t\t\t\t<div class=\"mr_social_sharing_wrapper\">\n\t\t\t\t<!-- Social Sharing Toolkit v2.2 --><span class=\"mr_social_sharing_top\"><span style=\"display: inline-block; width: 55px; height: 62px; overflow: hidden;\"><div class=\"fb-like\" data-href=\"http:\/\/www.blogdopilako.com.br\/wp\/2016\/09\/21\/evento-politico-suprapartidario-esta-sendo-preparado-na-nossa-cidade\/\" data-send=\"false\" data-layout=\"box_count\" data-width=\"55\" data-show-faces=\"false\"><\/div><\/span><\/span><span class=\"mr_social_sharing_top\"><fb:share-button type=\"box_count\" href=\"http:\/\/www.blogdopilako.com.br\/wp\/2016\/09\/21\/evento-politico-suprapartidario-esta-sendo-preparado-na-nossa-cidade\/\"><\/fb:share-button><\/span><span class=\"mr_social_sharing\"><a rel=\"nofollow\" class=\"linksalpha_button linksalpha_link\" href=\"\/\/www.linksalpha.com\/social\/mobile\" data-url=\"http:\/\/www.blogdopilako.com.br\/wp\/2016\/09\/21\/evento-politico-suprapartidario-esta-sendo-preparado-na-nossa-cidade\/\" data-text=\"Evento pol\u00edtico suprapartid\u00e1rio est\u00e1 sendo preparado na nossa cidade.\" data-desc=\"Ao final do debate de ontem (20), na quadra do CAV \u2013 Centro Acad\u00eamico da Vit\u00f3ria \u2013 aconteceu uma plen\u00e1ria, proposta pelo lideres do movimento estudantil #RegulaBus\u00e3o, com os tr\u00eas candidatos a prefeito, presentes no encontro. A inten\u00e7\u00e3o, segundo os proponentes, \u00e9 a realiza\u00e7\u00e3o de um\" data-image=\"http:\/\/www.blogdopilako.com.br\/wp\/wp-content\/uploads\/2016\/09\/IMG_1609.jpg\" data-button=\"none\">\n\t\t\t\t\t<img src=\"\/\/www.linksalpha.com\/images\/social_share_button.png\" alt=\"Share\" class=\"linksalpha_image\" \/>\n\t\t\t\t\t<\/a><script type=\"text\/javascript\" src=\"\/\/www.linksalpha.com\/scripts\/loader_iconbox.js?v=2.4\"><\/script><\/span><\/div><p style=\"text-align: justify;\"><a href=\"http:\/\/www.blogdopilako.com.br\/wp\/wp-content\/uploads\/2016\/09\/IMG_1609.jpg\"><img loading=\"lazy\" class=\"aligncenter size-full wp-image-93876\" src=\"http:\/\/www.blogdopilako.com.br\/wp\/wp-content\/uploads\/2016\/09\/IMG_1609.jpg\" alt=\"img_1609\" width=\"522\" height=\"392\" srcset=\"http:\/\/www.blogdopilako.com.br\/wp\/wp-content\/uploads\/2016\/09\/IMG_1609.jpg 522w, http:\/\/www.blogdopilako.com.br\/wp\/wp-content\/uploads\/2016\/09\/IMG_1609-300x225.jpg 300w\" sizes=\"(max-width: 522px) 100vw, 522px\" \/><\/a><br \/>\nAo final do debate de ontem (20), na quadra do <strong>CAV \u2013 Centro Acad\u00eamico da Vit\u00f3ria<\/strong> \u2013 aconteceu uma plen\u00e1ria, proposta pelo lideres do movimento estudantil <strong>#RegulaBus\u00e3o<\/strong>, com os tr\u00eas candidatos a prefeito, presentes no encontro.<\/p>\n<p style=\"text-align: justify;\">A inten\u00e7\u00e3o, segundo os proponentes, \u00e9 a realiza\u00e7\u00e3o de um evento \u00a0publico suprapartid\u00e1rio,\u00a0 no sentido contr\u00e1rio \u00e0s candidaturas dos \u00a0dois candidatos \u201cfuj\u00f5es\u201d \u2013 <strong>Paulo Roberto<\/strong> e <strong>Aglailson Junior<\/strong>. No primeiro momento da \u201creuni\u00e3o\u201d a proposta foi aceitar por todos. Uma comiss\u00e3o foi formada para as tratativas legais, junto aos magistrados locais, condutores do processo eleitoral na nossa Comarca. Veja o v\u00eddeo:<\/p>\n<p><iframe loading=\"lazy\" title=\"Blog do Pilako: VIT\u00d3RIA DE SANTO ANT\u00c3O - ELEI\u00c7\u00c3O 2016 - DEBATE CAV - REUNI\u00c3O P-SOL\" width=\"584\" height=\"329\" src=\"https:\/\/www.youtube.com\/embed\/3Z1XwLaj_zg?feature=oembed\" frameborder=\"0\" allow=\"accelerometer; autoplay; clipboard-write; encrypted-media; gyroscope; picture-in-picture\" allowfullscreen><\/iframe><\/p>\n\n\t\t\t\t<div class=\"mr_social_sharing_wrapper\">\n\t\t\t\t<!-- Social Sharing Toolkit v2.2 --><span class=\"mr_social_sharing_top\"><span style=\"display: inline-block; width: 55px; height: 62px; overflow: hidden;\"><div class=\"fb-like\" data-href=\"http:\/\/www.blogdopilako.com.br\/wp\/2016\/09\/21\/evento-politico-suprapartidario-esta-sendo-preparado-na-nossa-cidade\/\" data-send=\"false\" data-layout=\"box_count\" data-width=\"55\" data-show-faces=\"false\"><\/div><\/span><\/span><span class=\"mr_social_sharing_top\"><fb:share-button type=\"box_count\" href=\"http:\/\/www.blogdopilako.com.br\/wp\/2016\/09\/21\/evento-politico-suprapartidario-esta-sendo-preparado-na-nossa-cidade\/\"><\/fb:share-button><\/span><span class=\"mr_social_sharing\"><a rel=\"nofollow\" class=\"linksalpha_button linksalpha_link\" href=\"\/\/www.linksalpha.com\/social\/mobile\" data-url=\"http:\/\/www.blogdopilako.com.br\/wp\/2016\/09\/21\/evento-politico-suprapartidario-esta-sendo-preparado-na-nossa-cidade\/\" data-text=\"Evento pol\u00edtico suprapartid\u00e1rio est\u00e1 sendo preparado na nossa cidade.\" data-desc=\"Ao final do debate de ontem (20), na quadra do CAV \u2013 Centro Acad\u00eamico da Vit\u00f3ria \u2013 aconteceu uma plen\u00e1ria, proposta pelo lideres do movimento estudantil #RegulaBus\u00e3o, com os tr\u00eas candidatos a prefeito, presentes no encontro. A inten\u00e7\u00e3o, segundo os proponentes, \u00e9 a realiza\u00e7\u00e3o de um\" data-image=\"http:\/\/www.blogdopilako.com.br\/wp\/wp-content\/uploads\/2016\/09\/IMG_1609.jpg\" data-button=\"none\">\n\t\t\t\t\t<img src=\"\/\/www.linksalpha.com\/images\/social_share_button.png\" alt=\"Share\" class=\"linksalpha_image\" \/>\n\t\t\t\t\t<\/a><script type=\"text\/javascript\" src=\"\/\/www.linksalpha.com\/scripts\/loader_iconbox.js?v=2.4\"><\/script><\/span><\/div>","protected":false},"excerpt":{"rendered":"\n\t\t\t\t<div class=\"mr_social_sharing_wrapper\">\n\t\t\t\t<!-- Social Sharing Toolkit v2.2 --><span class=\"mr_social_sharing_top\"><span style=\"display: inline-block; width: 55px; height: 62px; overflow: hidden;\"><div class=\"fb-like\" data-href=\"http:\/\/www.blogdopilako.com.br\/wp\/2016\/09\/21\/evento-politico-suprapartidario-esta-sendo-preparado-na-nossa-cidade\/\" data-send=\"false\" data-layout=\"box_count\" data-width=\"55\" data-show-faces=\"false\"><\/div><\/span><\/span><span class=\"mr_social_sharing_top\"><fb:share-button type=\"box_count\" href=\"http:\/\/www.blogdopilako.com.br\/wp\/2016\/09\/21\/evento-politico-suprapartidario-esta-sendo-preparado-na-nossa-cidade\/\"><\/fb:share-button><\/span><span class=\"mr_social_sharing\"><a rel=\"nofollow\" class=\"linksalpha_button linksalpha_link\" href=\"\/\/www.linksalpha.com\/social\/mobile\" data-url=\"http:\/\/www.blogdopilako.com.br\/wp\/2016\/09\/21\/evento-politico-suprapartidario-esta-sendo-preparado-na-nossa-cidade\/\" data-text=\"Evento pol\u00edtico suprapartid\u00e1rio est\u00e1 sendo preparado na nossa cidade.\" data-desc=\"Ao final do debate de ontem (20), na quadra do CAV \u2013 Centro Acad\u00eamico da Vit\u00f3ria \u2013 aconteceu uma plen\u00e1ria, proposta pelo lideres do movimento estudantil #RegulaBus\u00e3o, com os tr\u00eas candidatos a prefeito, presentes no encontro. A inten\u00e7\u00e3o, segundo os proponentes, \u00e9 a realiza\u00e7\u00e3o de um\" data-image=\"\" data-button=\"none\">\n\t\t\t\t\t<img src=\"\/\/www.linksalpha.com\/images\/social_share_button.png\" alt=\"Share\" class=\"linksalpha_image\" \/>\n\t\t\t\t\t<\/a><script type=\"text\/javascript\" src=\"\/\/www.linksalpha.com\/scripts\/loader_iconbox.js?v=2.4\"><\/script><\/span><\/div><p>Ao final do debate de ontem (20), na quadra do CAV \u2013 Centro Acad\u00eamico da Vit\u00f3ria \u2013 aconteceu uma plen\u00e1ria, proposta pelo lideres do movimento estudantil #RegulaBus\u00e3o, com os tr\u00eas candidatos a prefeito, presentes no encontro. A inten\u00e7\u00e3o, segundo os &hellip; <a href=\"http:\/\/www.blogdopilako.com.br\/wp\/2016\/09\/21\/evento-politico-suprapartidario-esta-sendo-preparado-na-nossa-cidade\/\">Continue lendo <span class=\"meta-nav\">&rarr;<\/span><\/a><\/p>\n\n\t\t\t\t<div class=\"mr_social_sharing_wrapper\">\n\t\t\t\t<!-- Social Sharing Toolkit v2.2 --><span class=\"mr_social_sharing_top\"><span style=\"display: inline-block; width: 55px; height: 62px; overflow: hidden;\"><div class=\"fb-like\" data-href=\"http:\/\/www.blogdopilako.com.br\/wp\/2016\/09\/21\/evento-politico-suprapartidario-esta-sendo-preparado-na-nossa-cidade\/\" data-send=\"false\" data-layout=\"box_count\" data-width=\"55\" data-show-faces=\"false\"><\/div><\/span><\/span><span class=\"mr_social_sharing_top\"><fb:share-button type=\"box_count\" href=\"http:\/\/www.blogdopilako.com.br\/wp\/2016\/09\/21\/evento-politico-suprapartidario-esta-sendo-preparado-na-nossa-cidade\/\"><\/fb:share-button><\/span><span class=\"mr_social_sharing\"><a rel=\"nofollow\" class=\"linksalpha_button linksalpha_link\" href=\"\/\/www.linksalpha.com\/social\/mobile\" data-url=\"http:\/\/www.blogdopilako.com.br\/wp\/2016\/09\/21\/evento-politico-suprapartidario-esta-sendo-preparado-na-nossa-cidade\/\" data-text=\"Evento pol\u00edtico suprapartid\u00e1rio est\u00e1 sendo preparado na nossa cidade.\" data-desc=\"Ao final do debate de ontem (20), na quadra do CAV \u2013 Centro Acad\u00eamico da Vit\u00f3ria \u2013 aconteceu uma plen\u00e1ria, proposta pelo lideres do movimento estudantil #RegulaBus\u00e3o, com os tr\u00eas candidatos a prefeito, presentes no encontro. A inten\u00e7\u00e3o, segundo os proponentes, \u00e9 a realiza\u00e7\u00e3o de um\" data-image=\"\" data-button=\"none\">\n\t\t\t\t\t<img src=\"\/\/www.linksalpha.com\/images\/social_share_button.png\" alt=\"Share\" class=\"linksalpha_image\" \/>\n\t\t\t\t\t<\/a><script type=\"text\/javascript\" src=\"\/\/www.linksalpha.com\/scripts\/loader_iconbox.js?v=2.4\"><\/script><\/span><\/div>","protected":false},"author":2,"featured_media":0,"comment_status":"open","ping_status":"open","sticky":false,"template":"","format":"standard","meta":[],"categories":[21,22],"tags":[],"_links":{"self":[{"href":"http:\/\/www.blogdopilako.com.br\/wp\/wp-json\/wp\/v2\/posts\/93871"}],"collection":[{"href":"http:\/\/www.blogdopilako.com.br\/wp\/wp-json\/wp\/v2\/posts"}],"about":[{"href":"http:\/\/www.blogdopilako.com.br\/wp\/wp-json\/wp\/v2\/types\/post"}],"author":[{"embeddable":true,"href":"http:\/\/www.blogdopilako.com.br\/wp\/wp-json\/wp\/v2\/users\/2"}],"replies":[{"embeddable":true,"href":"http:\/\/www.blogdopilako.com.br\/wp\/wp-json\/wp\/v2\/comments?post=93871"}],"version-history":[{"count":3,"href":"http:\/\/www.blogdopilako.com.br\/wp\/wp-json\/wp\/v2\/posts\/93871\/revisions"}],"predecessor-version":[{"id":93877,"href":"http:\/\/www.blogdopilako.com.br\/wp\/wp-json\/wp\/v2\/posts\/93871\/revisions\/93877"}],"wp:attachment":[{"href":"http:\/\/www.blogdopilako.com.br\/wp\/wp-json\/wp\/v2\/media?parent=93871"}],"wp:term":[{"taxonomy":"category","embeddable":true,"href":"http:\/\/www.blogdopilako.com.br\/wp\/wp-json\/wp\/v2\/categories?post=93871"},{"taxonomy":"post_tag","embeddable":true,"href":"http:\/\/www.blogdopilako.com.br\/wp\/wp-json\/wp\/v2\/tags?post=93871"}],"curies":[{"name":"wp","href":"https:\/\/api.w.org\/{rel}","templated":true}]}}