{"id":93804,"date":"2016-09-20T12:24:39","date_gmt":"2016-09-20T15:24:39","guid":{"rendered":"http:\/\/www.blogdopilako.com.br\/wp\/?p=93804"},"modified":"2016-09-20T12:24:39","modified_gmt":"2016-09-20T15:24:39","slug":"paulo-nascimento-e-a-banda-real-41","status":"publish","type":"post","link":"http:\/\/www.blogdopilako.com.br\/wp\/2016\/09\/20\/paulo-nascimento-e-a-banda-real-41\/","title":{"rendered":"Paulo Nascimento e a Banda Real"},"content":{"rendered":"\n\t\t\t\t<div class=\"mr_social_sharing_wrapper\">\n\t\t\t\t<!-- Social Sharing Toolkit v2.2 --><span class=\"mr_social_sharing_top\"><span style=\"display: inline-block; width: 55px; height: 62px; overflow: hidden;\"><div class=\"fb-like\" data-href=\"http:\/\/www.blogdopilako.com.br\/wp\/2016\/09\/20\/paulo-nascimento-e-a-banda-real-41\/\" data-send=\"false\" data-layout=\"box_count\" data-width=\"55\" data-show-faces=\"false\"><\/div><\/span><\/span><span class=\"mr_social_sharing_top\"><fb:share-button type=\"box_count\" href=\"http:\/\/www.blogdopilako.com.br\/wp\/2016\/09\/20\/paulo-nascimento-e-a-banda-real-41\/\"><\/fb:share-button><\/span><span class=\"mr_social_sharing\"><a rel=\"nofollow\" class=\"linksalpha_button linksalpha_link\" href=\"\/\/www.linksalpha.com\/social\/mobile\" data-url=\"http:\/\/www.blogdopilako.com.br\/wp\/2016\/09\/20\/paulo-nascimento-e-a-banda-real-41\/\" data-text=\"Paulo Nascimento e a Banda Real\" data-desc=\"Paulo Nascimento\u00a0e a\u00a0BANDA REAL\u00a0no CD \"Me Faz Feliz\", com a composi\u00e7\u00e3o deJo\u00e3o Caverna, a m\u00fasica\u00a0COCO DA CABRA, com a interpreta\u00e7\u00e3o de\u00a0Alcir Dami\u00e3o, Nici e Paulo Nascimento. Aldenisio Tavares\" data-image=\"http:\/\/www.blogdopilako.com.br\/wp\/wp-content\/uploads\/bandareal.jpg\" data-button=\"none\">\n\t\t\t\t\t<img src=\"\/\/www.linksalpha.com\/images\/social_share_button.png\" alt=\"Share\" class=\"linksalpha_image\" \/>\n\t\t\t\t\t<\/a><script type=\"text\/javascript\" src=\"\/\/www.linksalpha.com\/scripts\/loader_iconbox.js?v=2.4\"><\/script><\/span><\/div><p><a href=\"http:\/\/www.blogdopilako.com.br\/wp\/wp-content\/uploads\/bandareal.jpg\"><img loading=\"lazy\" class=\"aligncenter\" title=\"bandareal\" src=\"http:\/\/www.blogdopilako.com.br\/wp\/wp-content\/uploads\/bandareal.jpg\" alt=\"\" width=\"442\" height=\"450\" \/><\/a><\/p>\n<p><strong>Paulo Nascimento\u00a0<\/strong>e a\u00a0<strong>BANDA REAL<\/strong>\u00a0no CD &#8220;<strong>Me Faz Feliz<\/strong>&#8220;, com a composi\u00e7\u00e3o de<strong>Jo\u00e3o Caverna<\/strong>, a m\u00fasica\u00a0<strong>COCO DA CABRA<\/strong>, com a interpreta\u00e7\u00e3o de\u00a0<strong>Alcir Dami\u00e3o, Nici e Paulo Nascimento<\/strong>.<\/p>\n<p>[wpaudio url=&#8221;http:\/\/www.blogdopilako.com.br\/wp\/wp-content\/uploads\/bandareal.mp3&#8243; text=&#8221;Banda Real &#8211; Coco da Caba&#8221; dl=&#8221;http:\/\/www.blogdopilako.com.br\/wp\/wp-content\/uploads\/bandareal.mp3&#8243;]<\/p>\n<p><strong>Aldenisio Tavares<\/strong><\/p>\n\n\t\t\t\t<div class=\"mr_social_sharing_wrapper\">\n\t\t\t\t<!-- Social Sharing Toolkit v2.2 --><span class=\"mr_social_sharing_top\"><span style=\"display: inline-block; width: 55px; height: 62px; overflow: hidden;\"><div class=\"fb-like\" data-href=\"http:\/\/www.blogdopilako.com.br\/wp\/2016\/09\/20\/paulo-nascimento-e-a-banda-real-41\/\" data-send=\"false\" data-layout=\"box_count\" data-width=\"55\" data-show-faces=\"false\"><\/div><\/span><\/span><span class=\"mr_social_sharing_top\"><fb:share-button type=\"box_count\" href=\"http:\/\/www.blogdopilako.com.br\/wp\/2016\/09\/20\/paulo-nascimento-e-a-banda-real-41\/\"><\/fb:share-button><\/span><span class=\"mr_social_sharing\"><a rel=\"nofollow\" class=\"linksalpha_button linksalpha_link\" href=\"\/\/www.linksalpha.com\/social\/mobile\" data-url=\"http:\/\/www.blogdopilako.com.br\/wp\/2016\/09\/20\/paulo-nascimento-e-a-banda-real-41\/\" data-text=\"Paulo Nascimento e a Banda Real\" data-desc=\"Paulo Nascimento\u00a0e a\u00a0BANDA REAL\u00a0no CD \"Me Faz Feliz\", com a composi\u00e7\u00e3o deJo\u00e3o Caverna, a m\u00fasica\u00a0COCO DA CABRA, com a interpreta\u00e7\u00e3o de\u00a0Alcir Dami\u00e3o, Nici e Paulo Nascimento. Aldenisio Tavares\" data-image=\"http:\/\/www.blogdopilako.com.br\/wp\/wp-content\/uploads\/bandareal.jpg\" data-button=\"none\">\n\t\t\t\t\t<img src=\"\/\/www.linksalpha.com\/images\/social_share_button.png\" alt=\"Share\" class=\"linksalpha_image\" \/>\n\t\t\t\t\t<\/a><script type=\"text\/javascript\" src=\"\/\/www.linksalpha.com\/scripts\/loader_iconbox.js?v=2.4\"><\/script><\/span><\/div>","protected":false},"excerpt":{"rendered":"\n\t\t\t\t<div class=\"mr_social_sharing_wrapper\">\n\t\t\t\t<!-- Social Sharing Toolkit v2.2 --><span class=\"mr_social_sharing_top\"><span style=\"display: inline-block; width: 55px; height: 62px; overflow: hidden;\"><div class=\"fb-like\" data-href=\"http:\/\/www.blogdopilako.com.br\/wp\/2016\/09\/20\/paulo-nascimento-e-a-banda-real-41\/\" data-send=\"false\" data-layout=\"box_count\" data-width=\"55\" data-show-faces=\"false\"><\/div><\/span><\/span><span class=\"mr_social_sharing_top\"><fb:share-button type=\"box_count\" href=\"http:\/\/www.blogdopilako.com.br\/wp\/2016\/09\/20\/paulo-nascimento-e-a-banda-real-41\/\"><\/fb:share-button><\/span><span class=\"mr_social_sharing\"><a rel=\"nofollow\" class=\"linksalpha_button linksalpha_link\" href=\"\/\/www.linksalpha.com\/social\/mobile\" data-url=\"http:\/\/www.blogdopilako.com.br\/wp\/2016\/09\/20\/paulo-nascimento-e-a-banda-real-41\/\" data-text=\"Paulo Nascimento e a Banda Real\" data-desc=\"Paulo Nascimento\u00a0e a\u00a0BANDA REAL\u00a0no CD \"Me Faz Feliz\", com a composi\u00e7\u00e3o deJo\u00e3o Caverna, a m\u00fasica\u00a0COCO DA CABRA, com a interpreta\u00e7\u00e3o de\u00a0Alcir Dami\u00e3o, Nici e Paulo Nascimento. Aldenisio Tavares\" data-image=\"\" data-button=\"none\">\n\t\t\t\t\t<img src=\"\/\/www.linksalpha.com\/images\/social_share_button.png\" alt=\"Share\" class=\"linksalpha_image\" \/>\n\t\t\t\t\t<\/a><script type=\"text\/javascript\" src=\"\/\/www.linksalpha.com\/scripts\/loader_iconbox.js?v=2.4\"><\/script><\/span><\/div><p>Paulo Nascimento\u00a0e a\u00a0BANDA REAL\u00a0no CD &#8220;Me Faz Feliz&#8220;, com a composi\u00e7\u00e3o deJo\u00e3o Caverna, a m\u00fasica\u00a0COCO DA CABRA, com a interpreta\u00e7\u00e3o de\u00a0Alcir Dami\u00e3o, Nici e Paulo Nascimento. [wpaudio url=&#8221;http:\/\/www.blogdopilako.com.br\/wp\/wp-content\/uploads\/bandareal.mp3&#8243; text=&#8221;Banda Real &#8211; Coco da Caba&#8221; dl=&#8221;http:\/\/www.blogdopilako.com.br\/wp\/wp-content\/uploads\/bandareal.mp3&#8243;] Aldenisio Tavares<\/p>\n\n\t\t\t\t<div class=\"mr_social_sharing_wrapper\">\n\t\t\t\t<!-- Social Sharing Toolkit v2.2 --><span class=\"mr_social_sharing_top\"><span style=\"display: inline-block; width: 55px; height: 62px; overflow: hidden;\"><div class=\"fb-like\" data-href=\"http:\/\/www.blogdopilako.com.br\/wp\/2016\/09\/20\/paulo-nascimento-e-a-banda-real-41\/\" data-send=\"false\" data-layout=\"box_count\" data-width=\"55\" data-show-faces=\"false\"><\/div><\/span><\/span><span class=\"mr_social_sharing_top\"><fb:share-button type=\"box_count\" href=\"http:\/\/www.blogdopilako.com.br\/wp\/2016\/09\/20\/paulo-nascimento-e-a-banda-real-41\/\"><\/fb:share-button><\/span><span class=\"mr_social_sharing\"><a rel=\"nofollow\" class=\"linksalpha_button linksalpha_link\" href=\"\/\/www.linksalpha.com\/social\/mobile\" data-url=\"http:\/\/www.blogdopilako.com.br\/wp\/2016\/09\/20\/paulo-nascimento-e-a-banda-real-41\/\" data-text=\"Paulo Nascimento e a Banda Real\" data-desc=\"Paulo Nascimento\u00a0e a\u00a0BANDA REAL\u00a0no CD \"Me Faz Feliz\", com a composi\u00e7\u00e3o deJo\u00e3o Caverna, a m\u00fasica\u00a0COCO DA CABRA, com a interpreta\u00e7\u00e3o de\u00a0Alcir Dami\u00e3o, Nici e Paulo Nascimento. Aldenisio Tavares\" data-image=\"\" data-button=\"none\">\n\t\t\t\t\t<img src=\"\/\/www.linksalpha.com\/images\/social_share_button.png\" alt=\"Share\" class=\"linksalpha_image\" \/>\n\t\t\t\t\t<\/a><script type=\"text\/javascript\" src=\"\/\/www.linksalpha.com\/scripts\/loader_iconbox.js?v=2.4\"><\/script><\/span><\/div>","protected":false},"author":1,"featured_media":0,"comment_status":"open","ping_status":"open","sticky":false,"template":"","format":"standard","meta":[],"categories":[17],"tags":[],"_links":{"self":[{"href":"http:\/\/www.blogdopilako.com.br\/wp\/wp-json\/wp\/v2\/posts\/93804"}],"collection":[{"href":"http:\/\/www.blogdopilako.com.br\/wp\/wp-json\/wp\/v2\/posts"}],"about":[{"href":"http:\/\/www.blogdopilako.com.br\/wp\/wp-json\/wp\/v2\/types\/post"}],"author":[{"embeddable":true,"href":"http:\/\/www.blogdopilako.com.br\/wp\/wp-json\/wp\/v2\/users\/1"}],"replies":[{"embeddable":true,"href":"http:\/\/www.blogdopilako.com.br\/wp\/wp-json\/wp\/v2\/comments?post=93804"}],"version-history":[{"count":1,"href":"http:\/\/www.blogdopilako.com.br\/wp\/wp-json\/wp\/v2\/posts\/93804\/revisions"}],"predecessor-version":[{"id":93805,"href":"http:\/\/www.blogdopilako.com.br\/wp\/wp-json\/wp\/v2\/posts\/93804\/revisions\/93805"}],"wp:attachment":[{"href":"http:\/\/www.blogdopilako.com.br\/wp\/wp-json\/wp\/v2\/media?parent=93804"}],"wp:term":[{"taxonomy":"category","embeddable":true,"href":"http:\/\/www.blogdopilako.com.br\/wp\/wp-json\/wp\/v2\/categories?post=93804"},{"taxonomy":"post_tag","embeddable":true,"href":"http:\/\/www.blogdopilako.com.br\/wp\/wp-json\/wp\/v2\/tags?post=93804"}],"curies":[{"name":"wp","href":"https:\/\/api.w.org\/{rel}","templated":true}]}}