{"id":92968,"date":"2016-08-31T15:55:55","date_gmt":"2016-08-31T18:55:55","guid":{"rendered":"http:\/\/www.blogdopilako.com.br\/wp\/?p=92968"},"modified":"2016-08-31T14:32:23","modified_gmt":"2016-08-31T17:32:23","slug":"cansados-de-serem-ignorados-pelo-poder-publico-municipal-artistas-vitorienses-criam-movimento-reivindicatorio","status":"publish","type":"post","link":"http:\/\/www.blogdopilako.com.br\/wp\/2016\/08\/31\/cansados-de-serem-ignorados-pelo-poder-publico-municipal-artistas-vitorienses-criam-movimento-reivindicatorio\/","title":{"rendered":"Cansados de serem ignorados pelo poder p\u00fablico municipal, artistas vitorienses criam movimento reivindicat\u00f3rio."},"content":{"rendered":"\n\t\t\t\t<div class=\"mr_social_sharing_wrapper\">\n\t\t\t\t<!-- Social Sharing Toolkit v2.2 --><span class=\"mr_social_sharing_top\"><span style=\"display: inline-block; width: 55px; height: 62px; overflow: hidden;\"><div class=\"fb-like\" data-href=\"http:\/\/www.blogdopilako.com.br\/wp\/2016\/08\/31\/cansados-de-serem-ignorados-pelo-poder-publico-municipal-artistas-vitorienses-criam-movimento-reivindicatorio\/\" data-send=\"false\" data-layout=\"box_count\" data-width=\"55\" data-show-faces=\"false\"><\/div><\/span><\/span><span class=\"mr_social_sharing_top\"><fb:share-button type=\"box_count\" href=\"http:\/\/www.blogdopilako.com.br\/wp\/2016\/08\/31\/cansados-de-serem-ignorados-pelo-poder-publico-municipal-artistas-vitorienses-criam-movimento-reivindicatorio\/\"><\/fb:share-button><\/span><span class=\"mr_social_sharing\"><a rel=\"nofollow\" class=\"linksalpha_button linksalpha_link\" href=\"\/\/www.linksalpha.com\/social\/mobile\" data-url=\"http:\/\/www.blogdopilako.com.br\/wp\/2016\/08\/31\/cansados-de-serem-ignorados-pelo-poder-publico-municipal-artistas-vitorienses-criam-movimento-reivindicatorio\/\" data-text=\"Cansados de serem ignorados pelo poder p\u00fablico municipal, artistas vitorienses criam movimento reivindicat\u00f3rio.\" data-desc=\"Conforme anunciado participei na noite de ontem (30), no Teatro Silogeu, do encontro promovido pelo MAV- Movimento dos Artistas da Vit\u00f3ria. O evento, entre outras coisas, teve como objetivo reunir artistas das mais variadas linguagens da cidade para discutir, planejar e executar melhorias para\" data-image=\"http:\/\/www.blogdopilako.com.br\/wp\/wp-content\/uploads\/2016\/08\/IMG_0954.jpg\" data-button=\"none\">\n\t\t\t\t\t<img src=\"\/\/www.linksalpha.com\/images\/social_share_button.png\" alt=\"Share\" class=\"linksalpha_image\" \/>\n\t\t\t\t\t<\/a><script type=\"text\/javascript\" src=\"\/\/www.linksalpha.com\/scripts\/loader_iconbox.js?v=2.4\"><\/script><\/span><\/div><p style=\"text-align: justify;\"><a href=\"http:\/\/www.blogdopilako.com.br\/wp\/wp-content\/uploads\/2016\/08\/IMG_0954.jpg\"><img loading=\"lazy\" class=\"aligncenter size-full wp-image-92986\" src=\"http:\/\/www.blogdopilako.com.br\/wp\/wp-content\/uploads\/2016\/08\/IMG_0954.jpg\" alt=\"IMG_0954\" width=\"600\" height=\"450\" srcset=\"http:\/\/www.blogdopilako.com.br\/wp\/wp-content\/uploads\/2016\/08\/IMG_0954.jpg 600w, http:\/\/www.blogdopilako.com.br\/wp\/wp-content\/uploads\/2016\/08\/IMG_0954-300x225.jpg 300w\" sizes=\"(max-width: 600px) 100vw, 600px\" \/><\/a><br \/>\nConforme anunciado participei na noite de ontem (30), no Teatro Silogeu, do encontro promovido pelo <strong>MAV- Movimento dos Artistas da Vit\u00f3ria<\/strong>. O evento, entre outras coisas, teve como objetivo reunir artistas das mais variadas linguagens da cidade para discutir, planejar e executar melhorias para categoria. Da cidade do Limoeiro o secret\u00e1rio de Cultura, <strong>Radam\u00e9s Moura<\/strong>, trouxe experi\u00eancia governamentais\u00a0 de sucesso.<\/p>\n<p style=\"text-align: justify;\"><a href=\"http:\/\/www.blogdopilako.com.br\/wp\/wp-content\/uploads\/2016\/08\/IMG_0951.jpg\"><img loading=\"lazy\" class=\"aligncenter size-full wp-image-92988\" src=\"http:\/\/www.blogdopilako.com.br\/wp\/wp-content\/uploads\/2016\/08\/IMG_0951.jpg\" alt=\"IMG_0951\" width=\"600\" height=\"450\" srcset=\"http:\/\/www.blogdopilako.com.br\/wp\/wp-content\/uploads\/2016\/08\/IMG_0951.jpg 600w, http:\/\/www.blogdopilako.com.br\/wp\/wp-content\/uploads\/2016\/08\/IMG_0951-300x225.jpg 300w\" sizes=\"(max-width: 600px) 100vw, 600px\" \/><\/a><br \/>\nAtuou como mediador dos debates, na noite de ontem, o experiente artista vitoriense <strong>Ricardo Lima.<\/strong><\/p>\n<p style=\"text-align: justify;\"><a href=\"http:\/\/www.blogdopilako.com.br\/wp\/wp-content\/uploads\/2016\/08\/IMG_0938.jpg\"><img loading=\"lazy\" class=\"aligncenter size-full wp-image-92987\" src=\"http:\/\/www.blogdopilako.com.br\/wp\/wp-content\/uploads\/2016\/08\/IMG_0938.jpg\" alt=\"IMG_0938\" width=\"600\" height=\"450\" srcset=\"http:\/\/www.blogdopilako.com.br\/wp\/wp-content\/uploads\/2016\/08\/IMG_0938.jpg 600w, http:\/\/www.blogdopilako.com.br\/wp\/wp-content\/uploads\/2016\/08\/IMG_0938-300x225.jpg 300w\" sizes=\"(max-width: 600px) 100vw, 600px\" \/><\/a><br \/>\nO tamb\u00e9m conceituado artista local, <strong>Pablo Dantas<\/strong>, usou da palavra para externar seu apoio ao movimento ressaltando que praticamente todas aqueles questionamentos e demais propostas j\u00e1 foram objeto de debates no<strong> Conselho Municipal de Cultura<\/strong>, mas que \u00e9 entende como importante a mobiliza\u00e7\u00e3o como instrumento de press\u00e3o.<\/p>\n<p style=\"text-align: justify;\"><a href=\"http:\/\/www.blogdopilako.com.br\/wp\/wp-content\/uploads\/2016\/08\/IMG_0956.jpg\"><img loading=\"lazy\" class=\"aligncenter size-full wp-image-92989\" src=\"http:\/\/www.blogdopilako.com.br\/wp\/wp-content\/uploads\/2016\/08\/IMG_0956.jpg\" alt=\"IMG_0956\" width=\"600\" height=\"450\" srcset=\"http:\/\/www.blogdopilako.com.br\/wp\/wp-content\/uploads\/2016\/08\/IMG_0956.jpg 600w, http:\/\/www.blogdopilako.com.br\/wp\/wp-content\/uploads\/2016\/08\/IMG_0956-300x225.jpg 300w\" sizes=\"(max-width: 600px) 100vw, 600px\" \/><\/a><\/p>\n<p style=\"text-align: justify;\">Ao final das apresenta\u00e7\u00f5es reivindicat\u00f3rias da categoria fiz uma pequena participa\u00e7\u00e3o oral nos\u00a0 dois minutos regimentais. Parabenizei-os pela oportuna \u00a0iniciativa, mas sugeri que todos os \u00a0atuais candidatos a prefeito da nossa cidade, recebessem uma c\u00f3pia da pauta e fossem convidados separadamente para se comprometerem publicamente com as mudan\u00e7as propostas pela categoria, sugest\u00e3o, ali\u00e1s, aceita por todos os presentes.<\/p>\n<p style=\"text-align: justify;\">A minha expectativa com esse movimento \u00e9 animadora. Constata-se, claramente, que as \u00faltimas administra\u00e7\u00f5es municipais n\u00e3o promoveram qualquer tipo de a\u00e7\u00e3o continua que pudesse abrir espa\u00e7o para difus\u00e3o e \u00e0 profissionaliza\u00e7\u00e3o da categoria em nosso municio. Portanto, desde j\u00e1, aprovo esse movimento.<\/p>\n\n\t\t\t\t<div class=\"mr_social_sharing_wrapper\">\n\t\t\t\t<!-- Social Sharing Toolkit v2.2 --><span class=\"mr_social_sharing_top\"><span style=\"display: inline-block; width: 55px; height: 62px; overflow: hidden;\"><div class=\"fb-like\" data-href=\"http:\/\/www.blogdopilako.com.br\/wp\/2016\/08\/31\/cansados-de-serem-ignorados-pelo-poder-publico-municipal-artistas-vitorienses-criam-movimento-reivindicatorio\/\" data-send=\"false\" data-layout=\"box_count\" data-width=\"55\" data-show-faces=\"false\"><\/div><\/span><\/span><span class=\"mr_social_sharing_top\"><fb:share-button type=\"box_count\" href=\"http:\/\/www.blogdopilako.com.br\/wp\/2016\/08\/31\/cansados-de-serem-ignorados-pelo-poder-publico-municipal-artistas-vitorienses-criam-movimento-reivindicatorio\/\"><\/fb:share-button><\/span><span class=\"mr_social_sharing\"><a rel=\"nofollow\" class=\"linksalpha_button linksalpha_link\" href=\"\/\/www.linksalpha.com\/social\/mobile\" data-url=\"http:\/\/www.blogdopilako.com.br\/wp\/2016\/08\/31\/cansados-de-serem-ignorados-pelo-poder-publico-municipal-artistas-vitorienses-criam-movimento-reivindicatorio\/\" data-text=\"Cansados de serem ignorados pelo poder p\u00fablico municipal, artistas vitorienses criam movimento reivindicat\u00f3rio.\" data-desc=\"Conforme anunciado participei na noite de ontem (30), no Teatro Silogeu, do encontro promovido pelo MAV- Movimento dos Artistas da Vit\u00f3ria. O evento, entre outras coisas, teve como objetivo reunir artistas das mais variadas linguagens da cidade para discutir, planejar e executar melhorias para\" data-image=\"http:\/\/www.blogdopilako.com.br\/wp\/wp-content\/uploads\/2016\/08\/IMG_0954.jpg\" data-button=\"none\">\n\t\t\t\t\t<img src=\"\/\/www.linksalpha.com\/images\/social_share_button.png\" alt=\"Share\" class=\"linksalpha_image\" \/>\n\t\t\t\t\t<\/a><script type=\"text\/javascript\" src=\"\/\/www.linksalpha.com\/scripts\/loader_iconbox.js?v=2.4\"><\/script><\/span><\/div>","protected":false},"excerpt":{"rendered":"\n\t\t\t\t<div class=\"mr_social_sharing_wrapper\">\n\t\t\t\t<!-- Social Sharing Toolkit v2.2 --><span class=\"mr_social_sharing_top\"><span style=\"display: inline-block; width: 55px; height: 62px; overflow: hidden;\"><div class=\"fb-like\" data-href=\"http:\/\/www.blogdopilako.com.br\/wp\/2016\/08\/31\/cansados-de-serem-ignorados-pelo-poder-publico-municipal-artistas-vitorienses-criam-movimento-reivindicatorio\/\" data-send=\"false\" data-layout=\"box_count\" data-width=\"55\" data-show-faces=\"false\"><\/div><\/span><\/span><span class=\"mr_social_sharing_top\"><fb:share-button type=\"box_count\" href=\"http:\/\/www.blogdopilako.com.br\/wp\/2016\/08\/31\/cansados-de-serem-ignorados-pelo-poder-publico-municipal-artistas-vitorienses-criam-movimento-reivindicatorio\/\"><\/fb:share-button><\/span><span class=\"mr_social_sharing\"><a rel=\"nofollow\" class=\"linksalpha_button linksalpha_link\" href=\"\/\/www.linksalpha.com\/social\/mobile\" data-url=\"http:\/\/www.blogdopilako.com.br\/wp\/2016\/08\/31\/cansados-de-serem-ignorados-pelo-poder-publico-municipal-artistas-vitorienses-criam-movimento-reivindicatorio\/\" data-text=\"Cansados de serem ignorados pelo poder p\u00fablico municipal, artistas vitorienses criam movimento reivindicat\u00f3rio.\" data-desc=\"Conforme anunciado participei na noite de ontem (30), no Teatro Silogeu, do encontro promovido pelo MAV- Movimento dos Artistas da Vit\u00f3ria. O evento, entre outras coisas, teve como objetivo reunir artistas das mais variadas linguagens da cidade para discutir, planejar e executar melhorias para\" data-image=\"\" data-button=\"none\">\n\t\t\t\t\t<img src=\"\/\/www.linksalpha.com\/images\/social_share_button.png\" alt=\"Share\" class=\"linksalpha_image\" \/>\n\t\t\t\t\t<\/a><script type=\"text\/javascript\" src=\"\/\/www.linksalpha.com\/scripts\/loader_iconbox.js?v=2.4\"><\/script><\/span><\/div><p>Conforme anunciado participei na noite de ontem (30), no Teatro Silogeu, do encontro promovido pelo MAV- Movimento dos Artistas da Vit\u00f3ria. O evento, entre outras coisas, teve como objetivo reunir artistas das mais variadas linguagens da cidade para discutir, planejar &hellip; <a href=\"http:\/\/www.blogdopilako.com.br\/wp\/2016\/08\/31\/cansados-de-serem-ignorados-pelo-poder-publico-municipal-artistas-vitorienses-criam-movimento-reivindicatorio\/\">Continue lendo <span class=\"meta-nav\">&rarr;<\/span><\/a><\/p>\n\n\t\t\t\t<div class=\"mr_social_sharing_wrapper\">\n\t\t\t\t<!-- Social Sharing Toolkit v2.2 --><span class=\"mr_social_sharing_top\"><span style=\"display: inline-block; width: 55px; height: 62px; overflow: hidden;\"><div class=\"fb-like\" data-href=\"http:\/\/www.blogdopilako.com.br\/wp\/2016\/08\/31\/cansados-de-serem-ignorados-pelo-poder-publico-municipal-artistas-vitorienses-criam-movimento-reivindicatorio\/\" data-send=\"false\" data-layout=\"box_count\" data-width=\"55\" data-show-faces=\"false\"><\/div><\/span><\/span><span class=\"mr_social_sharing_top\"><fb:share-button type=\"box_count\" href=\"http:\/\/www.blogdopilako.com.br\/wp\/2016\/08\/31\/cansados-de-serem-ignorados-pelo-poder-publico-municipal-artistas-vitorienses-criam-movimento-reivindicatorio\/\"><\/fb:share-button><\/span><span class=\"mr_social_sharing\"><a rel=\"nofollow\" class=\"linksalpha_button linksalpha_link\" href=\"\/\/www.linksalpha.com\/social\/mobile\" data-url=\"http:\/\/www.blogdopilako.com.br\/wp\/2016\/08\/31\/cansados-de-serem-ignorados-pelo-poder-publico-municipal-artistas-vitorienses-criam-movimento-reivindicatorio\/\" data-text=\"Cansados de serem ignorados pelo poder p\u00fablico municipal, artistas vitorienses criam movimento reivindicat\u00f3rio.\" data-desc=\"Conforme anunciado participei na noite de ontem (30), no Teatro Silogeu, do encontro promovido pelo MAV- Movimento dos Artistas da Vit\u00f3ria. O evento, entre outras coisas, teve como objetivo reunir artistas das mais variadas linguagens da cidade para discutir, planejar e executar melhorias para\" data-image=\"\" data-button=\"none\">\n\t\t\t\t\t<img src=\"\/\/www.linksalpha.com\/images\/social_share_button.png\" alt=\"Share\" class=\"linksalpha_image\" \/>\n\t\t\t\t\t<\/a><script type=\"text\/javascript\" src=\"\/\/www.linksalpha.com\/scripts\/loader_iconbox.js?v=2.4\"><\/script><\/span><\/div>","protected":false},"author":2,"featured_media":0,"comment_status":"open","ping_status":"open","sticky":false,"template":"","format":"standard","meta":[],"categories":[21,22],"tags":[],"_links":{"self":[{"href":"http:\/\/www.blogdopilako.com.br\/wp\/wp-json\/wp\/v2\/posts\/92968"}],"collection":[{"href":"http:\/\/www.blogdopilako.com.br\/wp\/wp-json\/wp\/v2\/posts"}],"about":[{"href":"http:\/\/www.blogdopilako.com.br\/wp\/wp-json\/wp\/v2\/types\/post"}],"author":[{"embeddable":true,"href":"http:\/\/www.blogdopilako.com.br\/wp\/wp-json\/wp\/v2\/users\/2"}],"replies":[{"embeddable":true,"href":"http:\/\/www.blogdopilako.com.br\/wp\/wp-json\/wp\/v2\/comments?post=92968"}],"version-history":[{"count":5,"href":"http:\/\/www.blogdopilako.com.br\/wp\/wp-json\/wp\/v2\/posts\/92968\/revisions"}],"predecessor-version":[{"id":92990,"href":"http:\/\/www.blogdopilako.com.br\/wp\/wp-json\/wp\/v2\/posts\/92968\/revisions\/92990"}],"wp:attachment":[{"href":"http:\/\/www.blogdopilako.com.br\/wp\/wp-json\/wp\/v2\/media?parent=92968"}],"wp:term":[{"taxonomy":"category","embeddable":true,"href":"http:\/\/www.blogdopilako.com.br\/wp\/wp-json\/wp\/v2\/categories?post=92968"},{"taxonomy":"post_tag","embeddable":true,"href":"http:\/\/www.blogdopilako.com.br\/wp\/wp-json\/wp\/v2\/tags?post=92968"}],"curies":[{"name":"wp","href":"https:\/\/api.w.org\/{rel}","templated":true}]}}