{"id":9004,"date":"2011-11-25T16:58:00","date_gmt":"2011-11-25T19:58:00","guid":{"rendered":"http:\/\/www.blogdopilako.com.br\/wp\/?p=9004"},"modified":"2011-11-25T17:02:00","modified_gmt":"2011-11-25T20:02:00","slug":"bancada-vitoriense-da-bajulacao","status":"publish","type":"post","link":"http:\/\/www.blogdopilako.com.br\/wp\/2011\/11\/25\/bancada-vitoriense-da-bajulacao\/","title":{"rendered":"Bancada Vitoriense da Bajula\u00e7\u00e3o"},"content":{"rendered":"\n\t\t\t\t<div class=\"mr_social_sharing_wrapper\">\n\t\t\t\t<!-- Social Sharing Toolkit v2.2 --><span class=\"mr_social_sharing_top\"><span style=\"display: inline-block; width: 55px; height: 62px; overflow: hidden;\"><div class=\"fb-like\" data-href=\"http:\/\/www.blogdopilako.com.br\/wp\/2011\/11\/25\/bancada-vitoriense-da-bajulacao\/\" data-send=\"false\" data-layout=\"box_count\" data-width=\"55\" data-show-faces=\"false\"><\/div><\/span><\/span><span class=\"mr_social_sharing_top\"><fb:share-button type=\"box_count\" href=\"http:\/\/www.blogdopilako.com.br\/wp\/2011\/11\/25\/bancada-vitoriense-da-bajulacao\/\"><\/fb:share-button><\/span><span class=\"mr_social_sharing\"><a rel=\"nofollow\" class=\"linksalpha_button linksalpha_link\" href=\"\/\/www.linksalpha.com\/social\/mobile\" data-url=\"http:\/\/www.blogdopilako.com.br\/wp\/2011\/11\/25\/bancada-vitoriense-da-bajulacao\/\" data-text=\"Bancada Vitoriense da Bajula\u00e7\u00e3o\" data-desc=\"Hoje (25) saiu no Blog do amigo Inaldo Sampaio que o folcl\u00f3rico ex-prefeito Jos\u00e9 Aglailson vai mandar fazer uma quantidade razo\u00e1vel de adesivos, com vistas a elei\u00e7\u00e3o presidencial, com a seguinte inscri\u00e7\u00e3o: \"EDUARDO 2014\". Muito bem, para os pol\u00edticos oportunistas, chaleirar e bajular, quem\" data-image=\"http:\/\/www.blogdopilako.com.br\/wp\/wp-content\/uploads\/dudu.jpg\" data-button=\"none\">\n\t\t\t\t\t<img src=\"\/\/www.linksalpha.com\/images\/social_share_button.png\" alt=\"Share\" class=\"linksalpha_image\" \/>\n\t\t\t\t\t<\/a><script type=\"text\/javascript\" src=\"\/\/www.linksalpha.com\/scripts\/loader_iconbox.js?v=2.4\"><\/script><\/span><\/div><div id=\"attachment_9050\" style=\"width: 522px\" class=\"wp-caption aligncenter\"><a href=\"http:\/\/www.blogdopilako.com.br\/wp\/wp-content\/uploads\/dudu.jpg\"><img aria-describedby=\"caption-attachment-9050\" loading=\"lazy\" class=\"size-full wp-image-9050\" title=\"dudu\" src=\"http:\/\/www.blogdopilako.com.br\/wp\/wp-content\/uploads\/dudu.jpg\" alt=\"\" width=\"512\" height=\"341\" \/><\/a><p id=\"caption-attachment-9050\" class=\"wp-caption-text\">Foto: Giovanni Alves Duarte<\/p><\/div>\n<p style=\"text-align: justify;\">Hoje (25) saiu no <a href=\"http:\/\/maisab.com.br\/tvasabranca\/inaldosampaio\/2011\/11\/25\/quem-te-viu-quem-te-ve-pmdb\/\" target=\"_blank\">Blog<\/a> do amigo <em><strong><a href=\"http:\/\/maisab.com.br\/tvasabranca\/inaldosampaio\/2011\/11\/25\/quem-te-viu-quem-te-ve-pmdb\/\" target=\"_blank\">Inaldo Sampaio<\/a><\/strong><\/em> que o folcl\u00f3rico ex-prefeito <em><strong>Jos\u00e9 Aglailson<\/strong><\/em> vai mandar fazer uma quantidade razo\u00e1vel de adesivos, com vistas a elei\u00e7\u00e3o presidencial, com a seguinte inscri\u00e7\u00e3o: &#8220;<em><strong>EDUARDO 2014&#8243;.<\/strong><\/em><\/p>\n<p style=\"text-align: justify;\">Muito bem, para os <strong>pol\u00edticos oportunistas<\/strong>, <span style=\"color: #ff0000;\">chaleirar <\/span>e <span style=\"color: #ff0000;\">bajular<\/span>, quem est\u00e1 por cima \u00e9 quase sempre uma regra:\u00a0primeiro, porque mesmo que o bajulado diga que n\u00e3o goste, que na grande maioria das vezes \u00e9 mentira, sempre faz quest\u00e3o de dar publicidade a bajula\u00e7\u00e3o. Segundo: o bajulador passa para seus eleitores uma\u00a0impress\u00e3o\u00a0de intimidade com o todo <em><strong>&#8220;poderoso chef\u00e3o\u201d<\/strong><\/em>.<\/p>\n<p style=\"text-align: justify;\">J\u00e1 o deputado <em><strong>Aglailson J\u00fanior<\/strong><\/em> recentemente lan\u00e7ou a primeira dama Renata Campos para C\u00e2mara Federal, por ocasi\u00e3o da elei\u00e7\u00e3o da m\u00e3e do governador para <em><strong>TCU<\/strong><\/em>, mesmo sendo preterido por Eduardo, em duas ocasi\u00f5es, em favor do deputado Jo\u00e3o Fernando Coutinho para primeira secret\u00e1ria da <em><strong>Assembleia Legislativa.<\/strong><\/em><\/p>\n<p style=\"text-align: justify;\">J\u00e1 o deputado <em><strong>Henrique Queiroz,<\/strong><\/em> que \u00e9 primo dos <em><strong>Quer\u00e1lvares<\/strong><\/em>, n\u00e3o esconde de ningu\u00e9m que, se seu candidato ganhar ou perder, ele continua com o poder, exemplo disso foi a elei\u00e7\u00e3o de <em><strong>2006<\/strong><\/em>, onde Henrique <em><strong>era<\/strong><\/em> da tropa de choque de <em><strong>Mendoncinha<\/strong><\/em> e j\u00e1 na campanha do segundo turno, prevendo a derrota do ent\u00e3o pefelista, j\u00e1 tinha virado <em><strong>eduardista de carteirinha<\/strong><\/em>.<\/p>\n<p style=\"text-align: justify;\">Pois bem, como se v\u00ea, <em>aparentemente<\/em>, os herdeiros pol\u00edticos do coronel Jos\u00e9 Joaquim da Silva, os senhores <em><strong>Jos\u00e9 Aglailson, Aglailson J\u00fanior e Henrique Queiroz<\/strong><\/em> trazem na pr\u00f3pria composi\u00e7\u00e3o gen\u00e9tica a inclina\u00e7\u00e3o para a <span style=\"color: #ff0000;\"><em><strong>bajula\u00e7\u00e3o<\/strong><\/em><\/span> e o <span style=\"color: #ff0000;\"><em><strong>paparico <\/strong><\/em><\/span>dos que est\u00e3o sentados no trono do poder.<\/p>\n<p style=\"text-align: center;\"><a href=\"http:\/\/www.blogdopilako.com.br\/wp\/wp-content\/uploads\/babadores-a-venda-emvitoria1.jpg\"><img loading=\"lazy\" class=\"aligncenter size-full wp-image-9055\" src=\"http:\/\/www.blogdopilako.com.br\/wp\/wp-content\/uploads\/babadores-a-venda-emvitoria1.jpg\" alt=\"\" width=\"507\" height=\"240\" \/><\/a><\/p>\n\n\t\t\t\t<div class=\"mr_social_sharing_wrapper\">\n\t\t\t\t<!-- Social Sharing Toolkit v2.2 --><span class=\"mr_social_sharing_top\"><span style=\"display: inline-block; width: 55px; height: 62px; overflow: hidden;\"><div class=\"fb-like\" data-href=\"http:\/\/www.blogdopilako.com.br\/wp\/2011\/11\/25\/bancada-vitoriense-da-bajulacao\/\" data-send=\"false\" data-layout=\"box_count\" data-width=\"55\" data-show-faces=\"false\"><\/div><\/span><\/span><span class=\"mr_social_sharing_top\"><fb:share-button type=\"box_count\" href=\"http:\/\/www.blogdopilako.com.br\/wp\/2011\/11\/25\/bancada-vitoriense-da-bajulacao\/\"><\/fb:share-button><\/span><span class=\"mr_social_sharing\"><a rel=\"nofollow\" class=\"linksalpha_button linksalpha_link\" href=\"\/\/www.linksalpha.com\/social\/mobile\" data-url=\"http:\/\/www.blogdopilako.com.br\/wp\/2011\/11\/25\/bancada-vitoriense-da-bajulacao\/\" data-text=\"Bancada Vitoriense da Bajula\u00e7\u00e3o\" data-desc=\"Hoje (25) saiu no Blog do amigo Inaldo Sampaio que o folcl\u00f3rico ex-prefeito Jos\u00e9 Aglailson vai mandar fazer uma quantidade razo\u00e1vel de adesivos, com vistas a elei\u00e7\u00e3o presidencial, com a seguinte inscri\u00e7\u00e3o: \"EDUARDO 2014\". Muito bem, para os pol\u00edticos oportunistas, chaleirar e bajular, quem\" data-image=\"http:\/\/www.blogdopilako.com.br\/wp\/wp-content\/uploads\/dudu.jpg\" data-button=\"none\">\n\t\t\t\t\t<img src=\"\/\/www.linksalpha.com\/images\/social_share_button.png\" alt=\"Share\" class=\"linksalpha_image\" \/>\n\t\t\t\t\t<\/a><script type=\"text\/javascript\" src=\"\/\/www.linksalpha.com\/scripts\/loader_iconbox.js?v=2.4\"><\/script><\/span><\/div>","protected":false},"excerpt":{"rendered":"\n\t\t\t\t<div class=\"mr_social_sharing_wrapper\">\n\t\t\t\t<!-- Social Sharing Toolkit v2.2 --><span class=\"mr_social_sharing_top\"><span style=\"display: inline-block; width: 55px; height: 62px; overflow: hidden;\"><div class=\"fb-like\" data-href=\"http:\/\/www.blogdopilako.com.br\/wp\/2011\/11\/25\/bancada-vitoriense-da-bajulacao\/\" data-send=\"false\" data-layout=\"box_count\" data-width=\"55\" data-show-faces=\"false\"><\/div><\/span><\/span><span class=\"mr_social_sharing_top\"><fb:share-button type=\"box_count\" href=\"http:\/\/www.blogdopilako.com.br\/wp\/2011\/11\/25\/bancada-vitoriense-da-bajulacao\/\"><\/fb:share-button><\/span><span class=\"mr_social_sharing\"><a rel=\"nofollow\" class=\"linksalpha_button linksalpha_link\" href=\"\/\/www.linksalpha.com\/social\/mobile\" data-url=\"http:\/\/www.blogdopilako.com.br\/wp\/2011\/11\/25\/bancada-vitoriense-da-bajulacao\/\" data-text=\"Bancada Vitoriense da Bajula\u00e7\u00e3o\" data-desc=\"Hoje (25) saiu no Blog do amigo Inaldo Sampaio que o folcl\u00f3rico ex-prefeito Jos\u00e9 Aglailson vai mandar fazer uma quantidade razo\u00e1vel de adesivos, com vistas a elei\u00e7\u00e3o presidencial, com a seguinte inscri\u00e7\u00e3o: \"EDUARDO 2014\". Muito bem, para os pol\u00edticos oportunistas, chaleirar e bajular, quem\" data-image=\"\" data-button=\"none\">\n\t\t\t\t\t<img src=\"\/\/www.linksalpha.com\/images\/social_share_button.png\" alt=\"Share\" class=\"linksalpha_image\" \/>\n\t\t\t\t\t<\/a><script type=\"text\/javascript\" src=\"\/\/www.linksalpha.com\/scripts\/loader_iconbox.js?v=2.4\"><\/script><\/span><\/div><p>Hoje (25) saiu no Blog do amigo Inaldo Sampaio que o folcl\u00f3rico ex-prefeito Jos\u00e9 Aglailson vai mandar fazer uma quantidade razo\u00e1vel de adesivos, com vistas a elei\u00e7\u00e3o presidencial, com a seguinte inscri\u00e7\u00e3o: &#8220;EDUARDO 2014&#8243;. Muito bem, para os pol\u00edticos oportunistas, &hellip; <a href=\"http:\/\/www.blogdopilako.com.br\/wp\/2011\/11\/25\/bancada-vitoriense-da-bajulacao\/\">Continue lendo <span class=\"meta-nav\">&rarr;<\/span><\/a><\/p>\n\n\t\t\t\t<div class=\"mr_social_sharing_wrapper\">\n\t\t\t\t<!-- Social Sharing Toolkit v2.2 --><span class=\"mr_social_sharing_top\"><span style=\"display: inline-block; width: 55px; height: 62px; overflow: hidden;\"><div class=\"fb-like\" data-href=\"http:\/\/www.blogdopilako.com.br\/wp\/2011\/11\/25\/bancada-vitoriense-da-bajulacao\/\" data-send=\"false\" data-layout=\"box_count\" data-width=\"55\" data-show-faces=\"false\"><\/div><\/span><\/span><span class=\"mr_social_sharing_top\"><fb:share-button type=\"box_count\" href=\"http:\/\/www.blogdopilako.com.br\/wp\/2011\/11\/25\/bancada-vitoriense-da-bajulacao\/\"><\/fb:share-button><\/span><span class=\"mr_social_sharing\"><a rel=\"nofollow\" class=\"linksalpha_button linksalpha_link\" href=\"\/\/www.linksalpha.com\/social\/mobile\" data-url=\"http:\/\/www.blogdopilako.com.br\/wp\/2011\/11\/25\/bancada-vitoriense-da-bajulacao\/\" data-text=\"Bancada Vitoriense da Bajula\u00e7\u00e3o\" data-desc=\"Hoje (25) saiu no Blog do amigo Inaldo Sampaio que o folcl\u00f3rico ex-prefeito Jos\u00e9 Aglailson vai mandar fazer uma quantidade razo\u00e1vel de adesivos, com vistas a elei\u00e7\u00e3o presidencial, com a seguinte inscri\u00e7\u00e3o: \"EDUARDO 2014\". Muito bem, para os pol\u00edticos oportunistas, chaleirar e bajular, quem\" data-image=\"\" data-button=\"none\">\n\t\t\t\t\t<img src=\"\/\/www.linksalpha.com\/images\/social_share_button.png\" alt=\"Share\" class=\"linksalpha_image\" \/>\n\t\t\t\t\t<\/a><script type=\"text\/javascript\" src=\"\/\/www.linksalpha.com\/scripts\/loader_iconbox.js?v=2.4\"><\/script><\/span><\/div>","protected":false},"author":4,"featured_media":0,"comment_status":"open","ping_status":"open","sticky":false,"template":"","format":"standard","meta":[],"categories":[21,22],"tags":[],"_links":{"self":[{"href":"http:\/\/www.blogdopilako.com.br\/wp\/wp-json\/wp\/v2\/posts\/9004"}],"collection":[{"href":"http:\/\/www.blogdopilako.com.br\/wp\/wp-json\/wp\/v2\/posts"}],"about":[{"href":"http:\/\/www.blogdopilako.com.br\/wp\/wp-json\/wp\/v2\/types\/post"}],"author":[{"embeddable":true,"href":"http:\/\/www.blogdopilako.com.br\/wp\/wp-json\/wp\/v2\/users\/4"}],"replies":[{"embeddable":true,"href":"http:\/\/www.blogdopilako.com.br\/wp\/wp-json\/wp\/v2\/comments?post=9004"}],"version-history":[{"count":8,"href":"http:\/\/www.blogdopilako.com.br\/wp\/wp-json\/wp\/v2\/posts\/9004\/revisions"}],"predecessor-version":[{"id":9058,"href":"http:\/\/www.blogdopilako.com.br\/wp\/wp-json\/wp\/v2\/posts\/9004\/revisions\/9058"}],"wp:attachment":[{"href":"http:\/\/www.blogdopilako.com.br\/wp\/wp-json\/wp\/v2\/media?parent=9004"}],"wp:term":[{"taxonomy":"category","embeddable":true,"href":"http:\/\/www.blogdopilako.com.br\/wp\/wp-json\/wp\/v2\/categories?post=9004"},{"taxonomy":"post_tag","embeddable":true,"href":"http:\/\/www.blogdopilako.com.br\/wp\/wp-json\/wp\/v2\/tags?post=9004"}],"curies":[{"name":"wp","href":"https:\/\/api.w.org\/{rel}","templated":true}]}}