{"id":8616,"date":"2011-11-18T09:50:18","date_gmt":"2011-11-18T12:50:18","guid":{"rendered":"http:\/\/www.blogdopilako.com.br\/wp\/?p=8616"},"modified":"2011-11-18T09:59:40","modified_gmt":"2011-11-18T12:59:40","slug":"o-tempo-voa-em-video-pilako-sendo-entrevistado-por-toni-almeida","status":"publish","type":"post","link":"http:\/\/www.blogdopilako.com.br\/wp\/2011\/11\/18\/o-tempo-voa-em-video-pilako-sendo-entrevistado-por-toni-almeida\/","title":{"rendered":"O Tempo Voa em V\u00eddeo: Pilako sendo entrevistado por Toni Almeida"},"content":{"rendered":"\n\t\t\t\t<div class=\"mr_social_sharing_wrapper\">\n\t\t\t\t<!-- Social Sharing Toolkit v2.2 --><span class=\"mr_social_sharing_top\"><span style=\"display: inline-block; width: 55px; height: 62px; overflow: hidden;\"><div class=\"fb-like\" data-href=\"http:\/\/www.blogdopilako.com.br\/wp\/2011\/11\/18\/o-tempo-voa-em-video-pilako-sendo-entrevistado-por-toni-almeida\/\" data-send=\"false\" data-layout=\"box_count\" data-width=\"55\" data-show-faces=\"false\"><\/div><\/span><\/span><span class=\"mr_social_sharing_top\"><fb:share-button type=\"box_count\" href=\"http:\/\/www.blogdopilako.com.br\/wp\/2011\/11\/18\/o-tempo-voa-em-video-pilako-sendo-entrevistado-por-toni-almeida\/\"><\/fb:share-button><\/span><span class=\"mr_social_sharing\"><a rel=\"nofollow\" class=\"linksalpha_button linksalpha_link\" href=\"\/\/www.linksalpha.com\/social\/mobile\" data-url=\"http:\/\/www.blogdopilako.com.br\/wp\/2011\/11\/18\/o-tempo-voa-em-video-pilako-sendo-entrevistado-por-toni-almeida\/\" data-text=\"O Tempo Voa em V\u00eddeo: Pilako sendo entrevistado por Toni Almeida\" data-desc=\"Com a inten\u00e7\u00e3o de aquecer o com\u00e9rcio, alavancar o turismo e manter a\u00a0tradi\u00e7\u00e3o da\u00a0\u201ccidade do cavalo do cela\u201d ser\u00e1 realizada no dia\u00a020 de novembro, mais uma edi\u00e7\u00e3o da\u00a0Cavalgada Fest. Dando continuidade a nossa coluna\u00a0Tempo Voa em V\u00eddeo, postaremos hoje uma entrevista que concedi\" data-image=\"\" data-button=\"none\">\n\t\t\t\t\t<img src=\"\/\/www.linksalpha.com\/images\/social_share_button.png\" alt=\"Share\" class=\"linksalpha_image\" \/>\n\t\t\t\t\t<\/a><script type=\"text\/javascript\" src=\"\/\/www.linksalpha.com\/scripts\/loader_iconbox.js?v=2.4\"><\/script><\/span><\/div><p style=\"text-align: justify;\">Com a inten\u00e7\u00e3o de aquecer o com\u00e9rcio, alavancar o turismo e manter a\u00a0<strong>tradi\u00e7\u00e3o <\/strong>da\u00a0<strong><em>\u201ccidade do cavalo do cela\u201d<\/em><\/strong> ser\u00e1 realizada no dia\u00a0<em><strong>20 de novembro<\/strong><\/em>, mais uma edi\u00e7\u00e3o da\u00a0<em><strong>Cavalgada Fest<\/strong><\/em>. Dando continuidade a nossa coluna\u00a0<em><strong>Tempo Voa em V\u00eddeo<\/strong><\/em>, postaremos hoje uma entrevista que concedi ao\u00a0amigo\u00a0<em><strong>Toni Almeida<\/strong><\/em>.\u00a0realizada na\u00a0<em><strong>IX Cavalgada Fest<\/strong><\/em>, realizada em\u00a0<em><strong>2008<\/strong><\/em>.<\/p>\n<p style=\"text-align: center;\"><object width=\"480\" height=\"360\"><param name=\"movie\" value=\"http:\/\/www.youtube.com\/v\/cOOnNDGthhE?version=3&amp;hl=pt_BR\" \/><param name=\"allowFullScreen\" value=\"true\" \/><param name=\"allowscriptaccess\" value=\"always\" \/><embed type=\"application\/x-shockwave-flash\" width=\"480\" height=\"360\" src=\"http:\/\/www.youtube.com\/v\/cOOnNDGthhE?version=3&amp;hl=pt_BR\" allowscriptaccess=\"always\" allowfullscreen=\"true\"><\/embed><\/object><\/p>\n\n\t\t\t\t<div class=\"mr_social_sharing_wrapper\">\n\t\t\t\t<!-- Social Sharing Toolkit v2.2 --><span class=\"mr_social_sharing_top\"><span style=\"display: inline-block; width: 55px; height: 62px; overflow: hidden;\"><div class=\"fb-like\" data-href=\"http:\/\/www.blogdopilako.com.br\/wp\/2011\/11\/18\/o-tempo-voa-em-video-pilako-sendo-entrevistado-por-toni-almeida\/\" data-send=\"false\" data-layout=\"box_count\" data-width=\"55\" data-show-faces=\"false\"><\/div><\/span><\/span><span class=\"mr_social_sharing_top\"><fb:share-button type=\"box_count\" href=\"http:\/\/www.blogdopilako.com.br\/wp\/2011\/11\/18\/o-tempo-voa-em-video-pilako-sendo-entrevistado-por-toni-almeida\/\"><\/fb:share-button><\/span><span class=\"mr_social_sharing\"><a rel=\"nofollow\" class=\"linksalpha_button linksalpha_link\" href=\"\/\/www.linksalpha.com\/social\/mobile\" data-url=\"http:\/\/www.blogdopilako.com.br\/wp\/2011\/11\/18\/o-tempo-voa-em-video-pilako-sendo-entrevistado-por-toni-almeida\/\" data-text=\"O Tempo Voa em V\u00eddeo: Pilako sendo entrevistado por Toni Almeida\" data-desc=\"Com a inten\u00e7\u00e3o de aquecer o com\u00e9rcio, alavancar o turismo e manter a\u00a0tradi\u00e7\u00e3o da\u00a0\u201ccidade do cavalo do cela\u201d ser\u00e1 realizada no dia\u00a020 de novembro, mais uma edi\u00e7\u00e3o da\u00a0Cavalgada Fest. Dando continuidade a nossa coluna\u00a0Tempo Voa em V\u00eddeo, postaremos hoje uma entrevista que concedi\" data-image=\"\" data-button=\"none\">\n\t\t\t\t\t<img src=\"\/\/www.linksalpha.com\/images\/social_share_button.png\" alt=\"Share\" class=\"linksalpha_image\" \/>\n\t\t\t\t\t<\/a><script type=\"text\/javascript\" src=\"\/\/www.linksalpha.com\/scripts\/loader_iconbox.js?v=2.4\"><\/script><\/span><\/div>","protected":false},"excerpt":{"rendered":"\n\t\t\t\t<div class=\"mr_social_sharing_wrapper\">\n\t\t\t\t<!-- Social Sharing Toolkit v2.2 --><span class=\"mr_social_sharing_top\"><span style=\"display: inline-block; width: 55px; height: 62px; overflow: hidden;\"><div class=\"fb-like\" data-href=\"http:\/\/www.blogdopilako.com.br\/wp\/2011\/11\/18\/o-tempo-voa-em-video-pilako-sendo-entrevistado-por-toni-almeida\/\" data-send=\"false\" data-layout=\"box_count\" data-width=\"55\" data-show-faces=\"false\"><\/div><\/span><\/span><span class=\"mr_social_sharing_top\"><fb:share-button type=\"box_count\" href=\"http:\/\/www.blogdopilako.com.br\/wp\/2011\/11\/18\/o-tempo-voa-em-video-pilako-sendo-entrevistado-por-toni-almeida\/\"><\/fb:share-button><\/span><span class=\"mr_social_sharing\"><a rel=\"nofollow\" class=\"linksalpha_button linksalpha_link\" href=\"\/\/www.linksalpha.com\/social\/mobile\" data-url=\"http:\/\/www.blogdopilako.com.br\/wp\/2011\/11\/18\/o-tempo-voa-em-video-pilako-sendo-entrevistado-por-toni-almeida\/\" data-text=\"O Tempo Voa em V\u00eddeo: Pilako sendo entrevistado por Toni Almeida\" data-desc=\"Com a inten\u00e7\u00e3o de aquecer o com\u00e9rcio, alavancar o turismo e manter a\u00a0tradi\u00e7\u00e3o da\u00a0\u201ccidade do cavalo do cela\u201d ser\u00e1 realizada no dia\u00a020 de novembro, mais uma edi\u00e7\u00e3o da\u00a0Cavalgada Fest. Dando continuidade a nossa coluna\u00a0Tempo Voa em V\u00eddeo, postaremos hoje uma entrevista que concedi\" data-image=\"\" data-button=\"none\">\n\t\t\t\t\t<img src=\"\/\/www.linksalpha.com\/images\/social_share_button.png\" alt=\"Share\" class=\"linksalpha_image\" \/>\n\t\t\t\t\t<\/a><script type=\"text\/javascript\" src=\"\/\/www.linksalpha.com\/scripts\/loader_iconbox.js?v=2.4\"><\/script><\/span><\/div><p>Com a inten\u00e7\u00e3o de aquecer o com\u00e9rcio, alavancar o turismo e manter a\u00a0tradi\u00e7\u00e3o da\u00a0\u201ccidade do cavalo do cela\u201d ser\u00e1 realizada no dia\u00a020 de novembro, mais uma edi\u00e7\u00e3o da\u00a0Cavalgada Fest. Dando continuidade a nossa coluna\u00a0Tempo Voa em V\u00eddeo, postaremos hoje uma &hellip; <a href=\"http:\/\/www.blogdopilako.com.br\/wp\/2011\/11\/18\/o-tempo-voa-em-video-pilako-sendo-entrevistado-por-toni-almeida\/\">Continue lendo <span class=\"meta-nav\">&rarr;<\/span><\/a><\/p>\n\n\t\t\t\t<div class=\"mr_social_sharing_wrapper\">\n\t\t\t\t<!-- Social Sharing Toolkit v2.2 --><span class=\"mr_social_sharing_top\"><span style=\"display: inline-block; width: 55px; height: 62px; overflow: hidden;\"><div class=\"fb-like\" data-href=\"http:\/\/www.blogdopilako.com.br\/wp\/2011\/11\/18\/o-tempo-voa-em-video-pilako-sendo-entrevistado-por-toni-almeida\/\" data-send=\"false\" data-layout=\"box_count\" data-width=\"55\" data-show-faces=\"false\"><\/div><\/span><\/span><span class=\"mr_social_sharing_top\"><fb:share-button type=\"box_count\" href=\"http:\/\/www.blogdopilako.com.br\/wp\/2011\/11\/18\/o-tempo-voa-em-video-pilako-sendo-entrevistado-por-toni-almeida\/\"><\/fb:share-button><\/span><span class=\"mr_social_sharing\"><a rel=\"nofollow\" class=\"linksalpha_button linksalpha_link\" href=\"\/\/www.linksalpha.com\/social\/mobile\" data-url=\"http:\/\/www.blogdopilako.com.br\/wp\/2011\/11\/18\/o-tempo-voa-em-video-pilako-sendo-entrevistado-por-toni-almeida\/\" data-text=\"O Tempo Voa em V\u00eddeo: Pilako sendo entrevistado por Toni Almeida\" data-desc=\"Com a inten\u00e7\u00e3o de aquecer o com\u00e9rcio, alavancar o turismo e manter a\u00a0tradi\u00e7\u00e3o da\u00a0\u201ccidade do cavalo do cela\u201d ser\u00e1 realizada no dia\u00a020 de novembro, mais uma edi\u00e7\u00e3o da\u00a0Cavalgada Fest. Dando continuidade a nossa coluna\u00a0Tempo Voa em V\u00eddeo, postaremos hoje uma entrevista que concedi\" data-image=\"\" data-button=\"none\">\n\t\t\t\t\t<img src=\"\/\/www.linksalpha.com\/images\/social_share_button.png\" alt=\"Share\" class=\"linksalpha_image\" \/>\n\t\t\t\t\t<\/a><script type=\"text\/javascript\" src=\"\/\/www.linksalpha.com\/scripts\/loader_iconbox.js?v=2.4\"><\/script><\/span><\/div>","protected":false},"author":4,"featured_media":0,"comment_status":"open","ping_status":"open","sticky":false,"template":"","format":"standard","meta":[],"categories":[113],"tags":[],"_links":{"self":[{"href":"http:\/\/www.blogdopilako.com.br\/wp\/wp-json\/wp\/v2\/posts\/8616"}],"collection":[{"href":"http:\/\/www.blogdopilako.com.br\/wp\/wp-json\/wp\/v2\/posts"}],"about":[{"href":"http:\/\/www.blogdopilako.com.br\/wp\/wp-json\/wp\/v2\/types\/post"}],"author":[{"embeddable":true,"href":"http:\/\/www.blogdopilako.com.br\/wp\/wp-json\/wp\/v2\/users\/4"}],"replies":[{"embeddable":true,"href":"http:\/\/www.blogdopilako.com.br\/wp\/wp-json\/wp\/v2\/comments?post=8616"}],"version-history":[{"count":2,"href":"http:\/\/www.blogdopilako.com.br\/wp\/wp-json\/wp\/v2\/posts\/8616\/revisions"}],"predecessor-version":[{"id":8622,"href":"http:\/\/www.blogdopilako.com.br\/wp\/wp-json\/wp\/v2\/posts\/8616\/revisions\/8622"}],"wp:attachment":[{"href":"http:\/\/www.blogdopilako.com.br\/wp\/wp-json\/wp\/v2\/media?parent=8616"}],"wp:term":[{"taxonomy":"category","embeddable":true,"href":"http:\/\/www.blogdopilako.com.br\/wp\/wp-json\/wp\/v2\/categories?post=8616"},{"taxonomy":"post_tag","embeddable":true,"href":"http:\/\/www.blogdopilako.com.br\/wp\/wp-json\/wp\/v2\/tags?post=8616"}],"curies":[{"name":"wp","href":"https:\/\/api.w.org\/{rel}","templated":true}]}}